{"id":237314,"date":"2025-11-25T13:33:47","date_gmt":"2025-11-25T16:33:47","guid":{"rendered":"https:\/\/corrientesdetarde.com\/?p=237314"},"modified":"2025-11-25T13:33:59","modified_gmt":"2025-11-25T16:33:59","slug":"balance-exitoso-del-fin-de-semana-largo-del-dia-de-la-soberania-nacional-en-corrientes","status":"publish","type":"post","link":"https:\/\/corrientesdetarde.com\/index.php\/actualidad\/balance-exitoso-del-fin-de-semana-largo-del-dia-de-la-soberania-nacional-en-corrientes\/","title":{"rendered":"Balance exitoso del fin de semana largo del D\u00eda de la Soberan\u00eda Nacional en Corrientes"},"content":{"rendered":"\n<p>El Gobierno provincial, a trav\u00e9s del Ministerio de Turismo y en coordinaci\u00f3n permanente con el sector privado y los municipios, trabaja de manera sostenida en posicionar a Corrientes como un destino competitivo en materia de servicios tur\u00edsticos. &nbsp;<\/p>\n\n\n\n<p>En tal sentido, la provincia de Corrientes registr\u00f3 un desempe\u00f1o tur\u00edstico extraordinario durante el reciente fin de semana largo del D\u00eda de la Soberan\u00eda Nacional, que tuvo lugar del 21 al 24 de noviembre de 2025. Los datos aportados por el Observatorio Tur\u00edstico del Ministerio de Turismo reflejan una fuerte tracci\u00f3n econ\u00f3mica y una alta satisfacci\u00f3n entre los visitantes.<\/p>\n\n\n\n<p>En tal sentido, se inform\u00f3 que debido al movimiento tur\u00edstico se gener\u00f3 un gran impacto econ\u00f3mico, donde el gasto promedio por d\u00eda por persona alcanz\u00f3 los $97.767.<\/p>\n\n\n\n<p>La ocupaci\u00f3n provincial promedio fue notablemente alta, situ\u00e1ndose en un 87%, superando incluso a la previa publicada que rondaba el 75% en reservas. Mientras que, los turistas permanecieron un promedio de 3 noches en la provincia.<\/p>\n\n\n\n<p>Por otra parte, los corredores tur\u00edsticos m\u00e1s concurridos fueron liderados por la regi\u00f3n Esteros del Iber\u00e1 con el 86%, seguido de cerca por el corredor Gran Corrientes (81%) y el corredor Alto Paran\u00e1 en un 80%. En cuanto a la procedencia el turismo interno fue predominante, destacando la regi\u00f3n del NEA \/ NOA. Dentro del \u00e1mbito del Mercosur, visitantes de Brasil, Uruguay y Paraguay tuvieron una presencia significativa. Mientras que tambi\u00e9n se registr\u00f3 turismo internacional, especialmente desde Inglaterra y Espa\u00f1a.<\/p>\n\n\n\n<p><strong>Productos Tur\u00edsticos Preferidos<\/strong><\/p>\n\n\n\n<p>El abanico de ofertas tur\u00edsticas de Corrientes fue bien recibido, con las siguientes preferencias: en primer lugar la pesca deportiva lider\u00f3 con un 32,2%, seguido del ecoturismo que represent\u00f3 el 29,2%, turismo hist\u00f3rico \u2013 cultural aport\u00f3 el 20,0%, entre otras propuestas con el 18,5%.<\/p>\n\n\n\n<p>Los principales motivos del viaje fueron la pesca deportiva, el ecoturismo y el turismo de paso. Mientras que la ocupaci\u00f3n hotelera fue casi total en los destinos principales, impulsada por eventos destacados.<\/p>\n\n\n\n<p>En relaci\u00f3n a ello, Corrientes Capital logr\u00f3 el 100% de ocupaci\u00f3n hotelera gracias al 38\u00b0 Encuentro Plurinacional de Mujeres, Lesbianxs, Travestis. Ituzaing\u00f3 por su parte, registr\u00f3 un 98% de ocupaci\u00f3n debido al 26\u00b0 Concurso Integraci\u00f3n de Pesca del Surub\u00ed con Devoluci\u00f3n.<\/p>\n\n\n\n<p>De esta forma, de mayor a menor escala Corrientes (100%), Ituzaing\u00f3 (98%), Carlos Pellegrini (95%), Concepci\u00f3n del Yaguaret\u00e9 Cor\u00e1 (86%) y Paso de la Patria (80%).<\/p>\n\n\n\n<p>Este fin de semana largo confirma la consolidaci\u00f3n de Corrientes como un destino tur\u00edstico de gran atractivo nacional e internacional, impulsado por su oferta natural, cultural y deportiva.<\/p>\n\n\n\n<figure class=\"wp-block-image size-full\"><img loading=\"lazy\" decoding=\"async\" width=\"720\" height=\"404\" src=\"https:\/\/corrientesdetarde.com\/wp-content\/uploads\/2025\/11\/image-698.png\" alt=\"\" class=\"wp-image-237315\" srcset=\"https:\/\/corrientesdetarde.com\/wp-content\/uploads\/2025\/11\/image-698.png 720w, https:\/\/corrientesdetarde.com\/wp-content\/uploads\/2025\/11\/image-698-300x168.png 300w\" sizes=\"auto, (max-width: 720px) 100vw, 720px\" \/><\/figure>\n\n\n\n<figure class=\"wp-block-image size-large\"><img loading=\"lazy\" decoding=\"async\" width=\"1024\" height=\"683\" src=\"https:\/\/corrientesdetarde.com\/wp-content\/uploads\/2025\/11\/image-700-1024x683.png\" alt=\"\" class=\"wp-image-237317\" srcset=\"https:\/\/corrientesdetarde.com\/wp-content\/uploads\/2025\/11\/image-700-1024x683.png 1024w, https:\/\/corrientesdetarde.com\/wp-content\/uploads\/2025\/11\/image-700-300x200.png 300w, https:\/\/corrientesdetarde.com\/wp-content\/uploads\/2025\/11\/image-700-768x512.png 768w, https:\/\/corrientesdetarde.com\/wp-content\/uploads\/2025\/11\/image-700-1536x1024.png 1536w, https:\/\/corrientesdetarde.com\/wp-content\/uploads\/2025\/11\/image-700.png 1620w\" sizes=\"auto, (max-width: 1024px) 100vw, 1024px\" \/><\/figure>\n","protected":false},"excerpt":{"rendered":"<p>El Gobierno provincial, a trav\u00e9s del Ministerio de Turismo y en coordinaci\u00f3n permanente con el sector privado y los municipios, trabaja de manera sostenida en posicionar a Corrientes como un&hellip; <\/p>\n","protected":false},"author":8,"featured_media":237316,"comment_status":"closed","ping_status":"open","sticky":false,"template":"","format":"standard","meta":{"footnotes":""},"categories":[23],"tags":[],"class_list":["post-237314","post","type-post","status-publish","format-standard","has-post-thumbnail","hentry","category-actualidad"],"_links":{"self":[{"href":"https:\/\/corrientesdetarde.com\/index.php\/wp-json\/wp\/v2\/posts\/237314","targetHints":{"allow":["GET"]}}],"collection":[{"href":"https:\/\/corrientesdetarde.com\/index.php\/wp-json\/wp\/v2\/posts"}],"about":[{"href":"https:\/\/corrientesdetarde.com\/index.php\/wp-json\/wp\/v2\/types\/post"}],"author":[{"embeddable":true,"href":"https:\/\/corrientesdetarde.com\/index.php\/wp-json\/wp\/v2\/users\/8"}],"replies":[{"embeddable":true,"href":"https:\/\/corrientesdetarde.com\/index.php\/wp-json\/wp\/v2\/comments?post=237314"}],"version-history":[{"count":1,"href":"https:\/\/corrientesdetarde.com\/index.php\/wp-json\/wp\/v2\/posts\/237314\/revisions"}],"predecessor-version":[{"id":237318,"href":"https:\/\/corrientesdetarde.com\/index.php\/wp-json\/wp\/v2\/posts\/237314\/revisions\/237318"}],"wp:featuredmedia":[{"embeddable":true,"href":"https:\/\/corrientesdetarde.com\/index.php\/wp-json\/wp\/v2\/media\/237316"}],"wp:attachment":[{"href":"https:\/\/corrientesdetarde.com\/index.php\/wp-json\/wp\/v2\/media?parent=237314"}],"wp:term":[{"taxonomy":"category","embeddable":true,"href":"https:\/\/corrientesdetarde.com\/index.php\/wp-json\/wp\/v2\/categories?post=237314"},{"taxonomy":"post_tag","embeddable":true,"href":"https:\/\/corrientesdetarde.com\/index.php\/wp-json\/wp\/v2\/tags?post=237314"}],"curies":[{"name":"wp","href":"https:\/\/api.w.org\/{rel}","templated":true}]}}