{"id":237319,"date":"2025-11-25T13:38:03","date_gmt":"2025-11-25T16:38:03","guid":{"rendered":"https:\/\/corrientesdetarde.com\/?p=237319"},"modified":"2025-11-25T13:38:15","modified_gmt":"2025-11-25T16:38:15","slug":"en-sus-10-anos-de-gestion-cardozo-destaco-la-equidad-y-accesibilidad-como-pilares-de-la-salud-publica","status":"publish","type":"post","link":"https:\/\/corrientesdetarde.com\/index.php\/informacion-general\/en-sus-10-anos-de-gestion-cardozo-destaco-la-equidad-y-accesibilidad-como-pilares-de-la-salud-publica\/","title":{"rendered":"En sus 10 a\u00f1os de gesti\u00f3n, Cardozo destac\u00f3 la equidad y accesibilidad como pilares de la Salud P\u00fablica"},"content":{"rendered":"\n<p><em>El titular de la cartera sanitaria, habl\u00f3 de los logros en esta d\u00e9cada y de los objetivos que a\u00fan quedan por alcanzar. Destac\u00f3 a los equipos que se han formado y la importancia de dar continuidad a las pol\u00edticas implementadas.<\/em><\/p>\n\n\n\n<p>El ministro Ricardo Cardozo cumple 10 a\u00f1os al frente de Salud P\u00fablica y, en este contexto, detall\u00f3 las pol\u00edticas sanitarias que se afianzaron y que lograron fortalecer la inclusi\u00f3n. En este sentido, remarc\u00f3 que la equidad y accesibilidad son las premisas de salud que se acentuaron en su gesti\u00f3n.<\/p>\n\n\n\n<p>El titular de la cartera sanitaria, destac\u00f3 las Redes de Especialidades como una de las pol\u00edticas m\u00e1s importantes del Ministerio, ya que con esta modalidad se permiti\u00f3 modificar el enfoque de la atenci\u00f3n m\u00e9dica de la provincia. Hoy, se busca al vecino para el diagn\u00f3stico, tratamiento y seguimiento, \u201cno se espera que vaya al centro sanitario, se lo busca en su casa\u201d.<\/p>\n\n\n\n<p>Entre otros de los puntos destacados mencion\u00f3: el trabajo de promotores y agentes sanitarios; avance de la telemedicina; implementaci\u00f3n de la informatizaci\u00f3n; refacci\u00f3n y ampliaciones de centros de salud de toda la provincia; creaci\u00f3n de hospitales claves como el Neonatal, Pedi\u00e1trico de Goya y el Instituto Oncol\u00f3gico; servicio de Atenci\u00f3n a la Comunidad con medicamentos e implantes, entre otros, a personas en situaci\u00f3n vulnerable; aumento del n\u00famero de residencias (de 11 al inicio de su gesti\u00f3n a m\u00e1s de 60, casi 700 residentes,); la producci\u00f3n de PLAMECOR (Planta de Medicamentos) y su aporte a la economizaci\u00f3n de medicamentos; fortalecimiento de est\u00e1ndares hospitalarios y programas sociales.<\/p>\n\n\n\n<p>\u201cLa conformaci\u00f3n de las redes, tenemos m\u00e1s de 20, permite la captaci\u00f3n, diagn\u00f3stico precoz, tratamiento oportuno y derivaci\u00f3n adecuada. Las mismas, funcionan en toda la provincia\u201d, remarc\u00f3&nbsp;Ricardo Cardozo.<\/p>\n\n\n\n<p>En los \u00faltimos a\u00f1os, m\u00e1s de 200 mil personas fueron atendidas a trav\u00e9s del Sistema de APS (Atenci\u00f3n Primaria de la Salud). Es decir, que recibieron la visita de un agente o promotor sanitario quienes detectaron enfermedades, atendieron y siguieron el tratamiento del paciente. Fue as\u00ed que, diagnosticaron personas con problemas cardiovasculares, con c\u00e1ncer y diabetes, entre otras.<\/p>\n\n\n\n<p>Tambi\u00e9n, el ministro Cardozo destac\u00f3 que hubo un cambio en la modalidad de atenci\u00f3n con la telemedicina. Al respecto, record\u00f3 la tarea que se lleva adelante en el Hospital Juan Pablo II y que se est\u00e1 avanzando en los hospitales de adultos. A ello, sum\u00f3 \u201cla informatizaci\u00f3n en los hospitales\u201d, desde el inicio est\u00e1n anotados m\u00e1s de 4 millones de registros de atenciones. Esto refiere a los turnos web y la historia cl\u00ednica digital, que trae beneficios al paciente y al personal m\u00e9dico. Y, la fibra \u00f3ptica que tienen m\u00e1s de 80 instituciones de salud.<\/p>\n\n\n\n<p>\u201cHay millones de pesos invertidos en obras, te puedo asegurar que hay m\u00e1s de 200 obras. Hay refacciones y ampliaciones. Adem\u00e1s de hospitales nuevos muy importantes como el pedi\u00e1trico de Goya y el Instituto de Oncolog\u00eda. Queremos hacer el edificio para PLAMECOR y el nuevo hospital geri\u00e1trico\u201d, precis\u00f3.&nbsp;<\/p>\n\n\n\n<p>En cuanto a maternidad e infancia, destac\u00f3 la Red Perinatal y la creaci\u00f3n de las neonatolog\u00edas de Goya y Paso de los Libres, sumadas a las de Santo Tom\u00e9 y las de Capital. Tambi\u00e9n, la creaci\u00f3n del Hospital Materno Neonatal en la ciudad de Corrientes.<\/p>\n\n\n\n<p>\u201cEste nuevo hospital tuvo un gran impacto porque le dimos potestad a los propios pediatras, neonat\u00f3logos y obstetras, para gestionar su lugar. Les construimos un servicio quir\u00fargico neonatal que es el m\u00e1s importante de la provincia, ultramoderno\u201d, se\u00f1al\u00f3.<\/p>\n\n\n\n<p>Otro punto que resalt\u00f3 fue los programas sociales como las tarjetas Mbaret\u00e9 o Mam\u00e1 Mbaret\u00e9, as\u00ed tambi\u00e9n otros que tienen que ver con la salud oftalmol\u00f3gica o bucal, la entrega de aud\u00edfonos y la colocaci\u00f3n de implantes cocleares gratuitos (150 en total).<\/p>\n\n\n\n<p>A trav\u00e9s de atenci\u00f3n a la comunidad para ciudadanos sin cobertura social, \u201cse invierten m\u00e1s de 60 mil millones de pesos por a\u00f1o y este a\u00f1o lo vamos a superar. Esto es medicaci\u00f3n, pr\u00f3tesis y estudios m\u00e9dicos, entre otros\u201d, detall\u00f3 y dijo que el origen de estos programas est\u00e1 en \u201clas necesidades que nos presenta la gente\u201d.<\/p>\n\n\n\n<p>El ministro Ricardo Cardozo, resalt\u00f3 el trabajo de APS y que se siga fortaleciendo con recursos del equipo. As\u00ed como continuar con el proyecto de construcci\u00f3n de PLAMECOR, ya que permite economizar m\u00e1s del 60% los costos de los medicamentos.&nbsp;<\/p>\n\n\n\n<p>El logro reciente fue la recertificaci\u00f3n de la provincia como libre de transmisi\u00f3n vectorial de la enfermedad de Chagas, otorgada por expertos de la Organizaci\u00f3n Panamericana de la Salud (OPS). Esto ha sido un objetivo central para nuestra provincia y nuestro gobernador, Gustavo Vald\u00e9s.<\/p>\n\n\n\n<p><strong>M\u00e1s de 20 a\u00f1os en el Ministerio<\/strong><\/p>\n\n\n\n<p>En 2001, inici\u00f3 su trabajo en el Ministerio de Salud como director general. Antes, pediatra, jefe de residente de pediatr\u00eda, impulsor y jefe de la terapia intensiva del viejo hospital de ni\u00f1os, jefe de guardia, trabaj\u00f3 en Paso de la Patria como director del hospital, en Chaco en el Sanatorio Ant\u00e1rtida y en la ciudad de Corrientes en el Sanatorio del Norte y Cl\u00ednica Modelo.<\/p>\n\n\n\n<p>\u201cVengo de una familia muy humilde, de militantes en el autonomismo y radicalismo, yo siempre fui radical. Me marc\u00f3 mucho los sucesos del \u00b499. Decid\u00ed involucrarme en la pol\u00edtica porque, ser m\u00e9dico te habilita a cambiar realidades de manera individual, pero, a trav\u00e9s de la gesti\u00f3n pod\u00e9s modificar situaciones de manera m\u00e1s gen\u00e9rica y que tengan mayor impacto en la sociedad\u201d, expres\u00f3.<\/p>\n\n\n\n<p>Respecto a los objetivos que se propuso cuando inici\u00f3 su gesti\u00f3n como ministro, coment\u00f3 que \u201cmuchos se han cumplido y hay otros por lograr\u201d. \u201cHubo varios que costaron y se consiguieron, pero, sin dudas el de mayor impacto fue durante la pandemia de Covid-19. Buscamos tener la menor cantidad de personas afectadas y que la funci\u00f3n del Ministerio sea la m\u00e1s efectiva posible, para proteger a la poblaci\u00f3n de una enfermedad que apareci\u00f3 sin planificaci\u00f3n previa. Fue un desaf\u00edo importante\u201d, dijo.<\/p>\n\n\n\n<p>Al consultar sobre el calificativo que lo describe como ministro respondi\u00f3: trabajador. A ello sum\u00f3, \u201ccomo alguien que aboca el 100% de su vida a buscar el bien com\u00fan. Parece una frase hecha, pero cada acci\u00f3n que emprend\u00ed con mi equipo fue buscando eso. Uno de los objetivos que buscamos y logramos fue la cobertura de vacunaci\u00f3n en la poblaci\u00f3n infantil\u201d, por ejemplo.<\/p>\n\n\n\n<p>En la instituci\u00f3n p\u00fablica, lo describen como \u201cun ministro muy humano\u201d. Al respecto, respondi\u00f3 que \u201cvengo de una familia humilde, de gente trabajadora, de un pueblo peque\u00f1o solidario. Aprend\u00ed de mis padres la sensibilidad hacia las personas, ellos eran enfermeros. Intento hacer el bien, creo que para eso estamos en esta vida\u201d.<\/p>\n\n\n\n<p>\u201cCreo que s\u00ed, que s\u00ed ayude a la gente. Con un equipo incre\u00edble. Y continuaremos trabajando de esta manera\u201d, coment\u00f3.<\/p>\n\n\n\n<p>Tambi\u00e9n, cont\u00f3 la esencia que pudo mantener a lo largo de todos estos a\u00f1os. Record\u00f3 a aquel ni\u00f1o de Sauce y cont\u00f3 que \u201cel ser pobre y tener un tipo de color de piel puede hacer que te cierren puertas, gracias a Dios y a los valores de mis padres que me hicieron fuerte, me fui preparando y fortaleciendo para seguir avanzando en la vida. Fui abanderado en primaria y secundaria. El salir de mi pueblo y estudiar en la universidad, sabiendo que mis padres hac\u00edan un enorme esfuerzo para eso, tambi\u00e9n me hizo fuerte. Adem\u00e1s, vengo de una generaci\u00f3n de m\u00e9dicos que busc\u00e1bamos destacarnos, todo eso te abre puertas\u201d.<\/p>\n\n\n\n<p>\u201cExiste en el Ministerio una estructura y sistema armado, en funcionamiento, para que se contin\u00fae con esta plataforma que hemos creado. Es importante la continuidad de los grupos conformados, que tienen contenido y serie de conocimiento en cada sector\u201d, remarc\u00f3 y destac\u00f3 que todos ellos \u201ctienen en com\u00fan buscar proteger y mejorar el est\u00e1ndar de la salud de las personas\u201d.<\/p>\n\n\n\n<figure class=\"wp-block-image size-full\"><img loading=\"lazy\" decoding=\"async\" width=\"729\" height=\"640\" src=\"https:\/\/corrientesdetarde.com\/wp-content\/uploads\/2025\/11\/image-701.png\" alt=\"\" class=\"wp-image-237320\" srcset=\"https:\/\/corrientesdetarde.com\/wp-content\/uploads\/2025\/11\/image-701.png 729w, https:\/\/corrientesdetarde.com\/wp-content\/uploads\/2025\/11\/image-701-300x263.png 300w\" sizes=\"auto, (max-width: 729px) 100vw, 729px\" \/><\/figure>\n\n\n\n<figure class=\"wp-block-image size-large\"><img loading=\"lazy\" decoding=\"async\" width=\"1024\" height=\"682\" src=\"https:\/\/corrientesdetarde.com\/wp-content\/uploads\/2025\/11\/image-702-1024x682.png\" alt=\"\" class=\"wp-image-237321\" srcset=\"https:\/\/corrientesdetarde.com\/wp-content\/uploads\/2025\/11\/image-702-1024x682.png 1024w, https:\/\/corrientesdetarde.com\/wp-content\/uploads\/2025\/11\/image-702-300x200.png 300w, https:\/\/corrientesdetarde.com\/wp-content\/uploads\/2025\/11\/image-702-768x512.png 768w, https:\/\/corrientesdetarde.com\/wp-content\/uploads\/2025\/11\/image-702-1536x1023.png 1536w, https:\/\/corrientesdetarde.com\/wp-content\/uploads\/2025\/11\/image-702.png 1600w\" sizes=\"auto, (max-width: 1024px) 100vw, 1024px\" \/><\/figure>\n\n\n\n<figure class=\"wp-block-image size-full\"><img loading=\"lazy\" decoding=\"async\" width=\"960\" height=\"759\" src=\"https:\/\/corrientesdetarde.com\/wp-content\/uploads\/2025\/11\/image-703.png\" alt=\"\" class=\"wp-image-237322\" srcset=\"https:\/\/corrientesdetarde.com\/wp-content\/uploads\/2025\/11\/image-703.png 960w, https:\/\/corrientesdetarde.com\/wp-content\/uploads\/2025\/11\/image-703-300x237.png 300w, https:\/\/corrientesdetarde.com\/wp-content\/uploads\/2025\/11\/image-703-768x607.png 768w\" sizes=\"auto, (max-width: 960px) 100vw, 960px\" \/><\/figure>\n\n\n\n<figure class=\"wp-block-image size-large\"><img loading=\"lazy\" decoding=\"async\" width=\"1024\" height=\"683\" src=\"https:\/\/corrientesdetarde.com\/wp-content\/uploads\/2025\/11\/image-705-1024x683.png\" alt=\"\" class=\"wp-image-237324\" srcset=\"https:\/\/corrientesdetarde.com\/wp-content\/uploads\/2025\/11\/image-705-1024x683.png 1024w, https:\/\/corrientesdetarde.com\/wp-content\/uploads\/2025\/11\/image-705-300x200.png 300w, https:\/\/corrientesdetarde.com\/wp-content\/uploads\/2025\/11\/image-705-768x512.png 768w, https:\/\/corrientesdetarde.com\/wp-content\/uploads\/2025\/11\/image-705-1536x1024.png 1536w, https:\/\/corrientesdetarde.com\/wp-content\/uploads\/2025\/11\/image-705.png 1600w\" sizes=\"auto, (max-width: 1024px) 100vw, 1024px\" \/><\/figure>\n\n\n\n<figure class=\"wp-block-image size-large\"><img loading=\"lazy\" decoding=\"async\" width=\"1024\" height=\"683\" src=\"https:\/\/corrientesdetarde.com\/wp-content\/uploads\/2025\/11\/image-706-1024x683.png\" alt=\"\" class=\"wp-image-237325\" srcset=\"https:\/\/corrientesdetarde.com\/wp-content\/uploads\/2025\/11\/image-706-1024x683.png 1024w, https:\/\/corrientesdetarde.com\/wp-content\/uploads\/2025\/11\/image-706-300x200.png 300w, https:\/\/corrientesdetarde.com\/wp-content\/uploads\/2025\/11\/image-706-768x512.png 768w, https:\/\/corrientesdetarde.com\/wp-content\/uploads\/2025\/11\/image-706.png 1086w\" sizes=\"auto, (max-width: 1024px) 100vw, 1024px\" \/><\/figure>\n","protected":false},"excerpt":{"rendered":"<p>El titular de la cartera sanitaria, habl\u00f3 de los logros en esta d\u00e9cada y de los objetivos que a\u00fan quedan por alcanzar. Destac\u00f3 a los equipos que se han formado&hellip; <\/p>\n","protected":false},"author":8,"featured_media":237323,"comment_status":"closed","ping_status":"open","sticky":false,"template":"","format":"standard","meta":{"footnotes":""},"categories":[1],"tags":[],"class_list":["post-237319","post","type-post","status-publish","format-standard","has-post-thumbnail","hentry","category-informacion-general"],"_links":{"self":[{"href":"https:\/\/corrientesdetarde.com\/index.php\/wp-json\/wp\/v2\/posts\/237319","targetHints":{"allow":["GET"]}}],"collection":[{"href":"https:\/\/corrientesdetarde.com\/index.php\/wp-json\/wp\/v2\/posts"}],"about":[{"href":"https:\/\/corrientesdetarde.com\/index.php\/wp-json\/wp\/v2\/types\/post"}],"author":[{"embeddable":true,"href":"https:\/\/corrientesdetarde.com\/index.php\/wp-json\/wp\/v2\/users\/8"}],"replies":[{"embeddable":true,"href":"https:\/\/corrientesdetarde.com\/index.php\/wp-json\/wp\/v2\/comments?post=237319"}],"version-history":[{"count":1,"href":"https:\/\/corrientesdetarde.com\/index.php\/wp-json\/wp\/v2\/posts\/237319\/revisions"}],"predecessor-version":[{"id":237326,"href":"https:\/\/corrientesdetarde.com\/index.php\/wp-json\/wp\/v2\/posts\/237319\/revisions\/237326"}],"wp:featuredmedia":[{"embeddable":true,"href":"https:\/\/corrientesdetarde.com\/index.php\/wp-json\/wp\/v2\/media\/237323"}],"wp:attachment":[{"href":"https:\/\/corrientesdetarde.com\/index.php\/wp-json\/wp\/v2\/media?parent=237319"}],"wp:term":[{"taxonomy":"category","embeddable":true,"href":"https:\/\/corrientesdetarde.com\/index.php\/wp-json\/wp\/v2\/categories?post=237319"},{"taxonomy":"post_tag","embeddable":true,"href":"https:\/\/corrientesdetarde.com\/index.php\/wp-json\/wp\/v2\/tags?post=237319"}],"curies":[{"name":"wp","href":"https:\/\/api.w.org\/{rel}","templated":true}]}}