{"id":237327,"date":"2025-11-25T13:40:52","date_gmt":"2025-11-25T16:40:52","guid":{"rendered":"https:\/\/corrientesdetarde.com\/?p=237327"},"modified":"2025-11-25T13:41:01","modified_gmt":"2025-11-25T16:41:01","slug":"vicerrectores-de-nivel-superior-recibieron-su-decreto-de-titularizacion","status":"publish","type":"post","link":"https:\/\/corrientesdetarde.com\/index.php\/educacion\/vicerrectores-de-nivel-superior-recibieron-su-decreto-de-titularizacion\/","title":{"rendered":"Vicerrectores de nivel Superior recibieron su decreto de titularizaci\u00f3n"},"content":{"rendered":"\n<p>El Ministerio de Educaci\u00f3n realiz\u00f3 este martes el acto de entrega de decreto de titularizaci\u00f3n a vicerrectores superiores del Nivel Superior de la provincia de Corrientes. La actividad tuvo lugar en la Sala de Situaci\u00f3n y cont\u00f3 con la presencia de la ministra de Educaci\u00f3n Pr\u00e1xedes L\u00f3pez.<\/p>\n\n\n\n<p>Con la notificaci\u00f3n del Decreto N\u00b0 2288\/25, culmina exitosamente un proceso riguroso y transparente de Concurso de Ascenso de Jerarqu\u00eda que la Direcci\u00f3n General de Nivel Superior impuls\u00f3 con profundo compromiso institucional. Este proceso representa un avance sustancial en el fortalecimiento de la gesti\u00f3n acad\u00e9mica de los Institutos Superiores.<\/p>\n\n\n\n<p>La titularizaci\u00f3n de vicerrectores en cinco instituciones emblem\u00e1ticas de formaci\u00f3n docente y t\u00e9cnica no solo consolida sus equipos directivos, sino que tambi\u00e9n reafirma el valor de la carrera profesional basada en el m\u00e9rito, la idoneidad y la evaluaci\u00f3n integral de competencias. Quienes asumen estas responsabilidades lo hacen tras haber transitado todas las instancias establecidas por la normativa vigente, demostrando su capacidad para liderar procesos de mejora institucional, fortalecer las trayectorias formativas de los estudiantes y responder a los desaf\u00edos contempor\u00e1neos de la Educaci\u00f3n Superior.<\/p>\n\n\n\n<p>El decreto fue rubricado por:<\/p>\n\n\n\n<p>Krieghoff, Ana Ingrid quien obtuvo la titularidad en el cargo de vicerrector Superior -02-001 del Instituto Superior de Formaci\u00f3n Docente &#8220;Jos\u00e9 Manuel Estrada&#8221; (Capital- Corrientes).<\/p>\n\n\n\n<p>Terrasa, Natalia Paula quien obtuvo la titularidad en el cargo de vicerrector Superior -02-002 del Instituto Superior de Formaci\u00f3n Docente &#8220;Dr. Juan Pujol&#8221; (Capital- Corrientes).<\/p>\n\n\n\n<p>Carril, Carina quien obtuvo la titularidad en el cargo de Vicerrector Superior -02-003 del Instituto Superior Josefina Contte (Capital Corrientes).<\/p>\n\n\n\n<p>Vispo, Mar\u00eda Gabriela obtuvo la titularidad en el cargo de Vicerrector Superior -02-001 del Instituto Superior de M\u00fasica &#8220;Carmelo Horlando de Biasi&#8221; (Capital- Corrientes).<\/p>\n\n\n\n<p>Ang\u00e9lico, Fernando Abel quien obtuvo la titularidad en el cargo de Vicerrector Superior -02-001 del Instituto Superior de Servicio Social \u201cRemedios de Escalada de San Mart\u00edn\u201d (Capital- Corrientes).<\/p>\n\n\n\n<figure class=\"wp-block-image size-large\"><img loading=\"lazy\" decoding=\"async\" width=\"1024\" height=\"682\" src=\"https:\/\/corrientesdetarde.com\/wp-content\/uploads\/2025\/11\/image-708-1024x682.png\" alt=\"\" class=\"wp-image-237329\" srcset=\"https:\/\/corrientesdetarde.com\/wp-content\/uploads\/2025\/11\/image-708-1024x682.png 1024w, https:\/\/corrientesdetarde.com\/wp-content\/uploads\/2025\/11\/image-708-300x200.png 300w, https:\/\/corrientesdetarde.com\/wp-content\/uploads\/2025\/11\/image-708-768x512.png 768w, https:\/\/corrientesdetarde.com\/wp-content\/uploads\/2025\/11\/image-708.png 1280w\" sizes=\"auto, (max-width: 1024px) 100vw, 1024px\" \/><\/figure>\n","protected":false},"excerpt":{"rendered":"<p>El Ministerio de Educaci\u00f3n realiz\u00f3 este martes el acto de entrega de decreto de titularizaci\u00f3n a vicerrectores superiores del Nivel Superior de la provincia de Corrientes. La actividad tuvo lugar&hellip; <\/p>\n","protected":false},"author":8,"featured_media":237329,"comment_status":"closed","ping_status":"open","sticky":false,"template":"","format":"standard","meta":{"footnotes":""},"categories":[32],"tags":[],"class_list":["post-237327","post","type-post","status-publish","format-standard","has-post-thumbnail","hentry","category-educacion"],"_links":{"self":[{"href":"https:\/\/corrientesdetarde.com\/index.php\/wp-json\/wp\/v2\/posts\/237327","targetHints":{"allow":["GET"]}}],"collection":[{"href":"https:\/\/corrientesdetarde.com\/index.php\/wp-json\/wp\/v2\/posts"}],"about":[{"href":"https:\/\/corrientesdetarde.com\/index.php\/wp-json\/wp\/v2\/types\/post"}],"author":[{"embeddable":true,"href":"https:\/\/corrientesdetarde.com\/index.php\/wp-json\/wp\/v2\/users\/8"}],"replies":[{"embeddable":true,"href":"https:\/\/corrientesdetarde.com\/index.php\/wp-json\/wp\/v2\/comments?post=237327"}],"version-history":[{"count":1,"href":"https:\/\/corrientesdetarde.com\/index.php\/wp-json\/wp\/v2\/posts\/237327\/revisions"}],"predecessor-version":[{"id":237330,"href":"https:\/\/corrientesdetarde.com\/index.php\/wp-json\/wp\/v2\/posts\/237327\/revisions\/237330"}],"wp:featuredmedia":[{"embeddable":true,"href":"https:\/\/corrientesdetarde.com\/index.php\/wp-json\/wp\/v2\/media\/237329"}],"wp:attachment":[{"href":"https:\/\/corrientesdetarde.com\/index.php\/wp-json\/wp\/v2\/media?parent=237327"}],"wp:term":[{"taxonomy":"category","embeddable":true,"href":"https:\/\/corrientesdetarde.com\/index.php\/wp-json\/wp\/v2\/categories?post=237327"},{"taxonomy":"post_tag","embeddable":true,"href":"https:\/\/corrientesdetarde.com\/index.php\/wp-json\/wp\/v2\/tags?post=237327"}],"curies":[{"name":"wp","href":"https:\/\/api.w.org\/{rel}","templated":true}]}}