{"id":237331,"date":"2025-11-25T14:25:54","date_gmt":"2025-11-25T17:25:54","guid":{"rendered":"https:\/\/corrientesdetarde.com\/?p=237331"},"modified":"2025-11-25T14:26:06","modified_gmt":"2025-11-25T17:26:06","slug":"estudiantes-de-la-regional-finalizaron-sus-pasantias-en-el-area-de-cultura-del-senado","status":"publish","type":"post","link":"https:\/\/corrientesdetarde.com\/index.php\/eventossociedad\/estudiantes-de-la-regional-finalizaron-sus-pasantias-en-el-area-de-cultura-del-senado\/","title":{"rendered":"Estudiantes de \u201cLa Regional\u201d finalizaron sus pasant\u00edas en el \u00e1rea de Cultura del Senado"},"content":{"rendered":"\n<p>SAL\u00d3N DE ACUERDOS<\/p>\n\n\n\n<p>En un acto realizado en el Sal\u00f3n de Acuerdos de la Legislatura, y con la presencia del vicegobernador Pedro Braillard Poccard, los alumnos de 6\u00ba a\u00f1o de la orientaci\u00f3n en Artes Visuales de la Escuela Normal \u201cJos\u00e9 Manuel Estrada\u201d \u2013La Regional\u2013 presentaron su coloquio final, instancia que marc\u00f3 la culminaci\u00f3n de sus pasant\u00edas en el \u00e1rea de Cultura de la C\u00e1mara de Senadores.<\/p>\n\n\n\n<p>Durante la ceremonia, el Vicegobernador felicit\u00f3 y agradeci\u00f3 a los estudiantes, docentes y tutores por el compromiso demostrado a lo largo de esta experiencia formativa, que se desarrolla de manera ininterrumpida desde hace cuatro a\u00f1os. Adem\u00e1s, destac\u00f3 la activa participaci\u00f3n de los j\u00f3venes en los distintos eventos organizados por el \u00e1rea.<\/p>\n\n\n\n<p>Por su parte, la directora del \u00e1rea de Cultura, Nathalia Rodr\u00edguez, celebr\u00f3 la continuidad del programa de pasant\u00edas y subray\u00f3 que \u201csi mantiene su frecuencia es porque ha dado sus frutos\u201d. Asimismo, valor\u00f3 la predisposici\u00f3n del Vicegobernador para impulsar una propuesta que permiti\u00f3 a seis estudiantes conocer de cerca el funcionamiento de la gesti\u00f3n cultural en el \u00e1mbito legislativo.<\/p>\n\n\n\n<p>Los pasantes que integraron la cohorte de este a\u00f1o fueron: Mar\u00eda de los \u00c1ngeles C\u00e1rdenas Jim\u00e9nez, Johana Acosta, Priscila N\u00fa\u00f1ez, Dulce Tr\u00f3ccoli, Renato Angulo Lattmann y Wilson Sotelo, bajo la supervisi\u00f3n del profesor Andr\u00e9s Eduardo Bodean.<\/p>\n\n\n\n<p>El rector de la instituci\u00f3n, Rodolfo Maciel Castillo, agradeci\u00f3 nuevamente al Vicegobernador por brindar esta oportunidad a los alumnos. \u201cTener acceso a estos espacios y poder conocer otras instituciones es una conquista para la escuela. Que este sea el cuarto a\u00f1o consecutivo demuestra el buen trabajo realizado por los estudiantes\u201d, afirm\u00f3. En la misma l\u00ednea, la profesora Susana Fern\u00e1ndez celebr\u00f3 lo que consider\u00f3 \u201cun logro significativo para la instituci\u00f3n\u201d.<\/p>\n\n\n\n<p>Las pasant\u00edas se desarrollaron desde abril hasta el 25 de noviembre, fecha en la que los alumnos realizaron sus exposiciones finales, en las que detallaron su participaci\u00f3n en la organizaci\u00f3n y gesti\u00f3n de eventos culturales, abarcando tanto el aspecto administrativo como la puesta en escena.<\/p>\n\n\n\n<p>Finalmente, se inform\u00f3 que el pr\u00f3ximo 18 de diciembre los estudiantes recibir\u00e1n sus certificados en el acto de cierre de las actividades culturales del Senado, a realizarse en el Recinto de la Legislatura.<\/p>\n\n\n\n<figure class=\"wp-block-image size-large\"><img loading=\"lazy\" decoding=\"async\" width=\"1024\" height=\"682\" src=\"https:\/\/corrientesdetarde.com\/wp-content\/uploads\/2025\/11\/WhatsApp-Image-2025-11-25-at-14.04.38-2-1024x682.jpeg\" alt=\"\" class=\"wp-image-237333\" srcset=\"https:\/\/corrientesdetarde.com\/wp-content\/uploads\/2025\/11\/WhatsApp-Image-2025-11-25-at-14.04.38-2-1024x682.jpeg 1024w, https:\/\/corrientesdetarde.com\/wp-content\/uploads\/2025\/11\/WhatsApp-Image-2025-11-25-at-14.04.38-2-300x200.jpeg 300w, https:\/\/corrientesdetarde.com\/wp-content\/uploads\/2025\/11\/WhatsApp-Image-2025-11-25-at-14.04.38-2-768x512.jpeg 768w, https:\/\/corrientesdetarde.com\/wp-content\/uploads\/2025\/11\/WhatsApp-Image-2025-11-25-at-14.04.38-2.jpeg 1280w\" sizes=\"auto, (max-width: 1024px) 100vw, 1024px\" \/><\/figure>\n\n\n\n<figure class=\"wp-block-image size-large\"><img loading=\"lazy\" decoding=\"async\" width=\"1024\" height=\"682\" src=\"https:\/\/corrientesdetarde.com\/wp-content\/uploads\/2025\/11\/WhatsApp-Image-2025-11-25-at-14.04.39-1-1024x682.jpeg\" alt=\"\" class=\"wp-image-237335\" srcset=\"https:\/\/corrientesdetarde.com\/wp-content\/uploads\/2025\/11\/WhatsApp-Image-2025-11-25-at-14.04.39-1-1024x682.jpeg 1024w, https:\/\/corrientesdetarde.com\/wp-content\/uploads\/2025\/11\/WhatsApp-Image-2025-11-25-at-14.04.39-1-300x200.jpeg 300w, https:\/\/corrientesdetarde.com\/wp-content\/uploads\/2025\/11\/WhatsApp-Image-2025-11-25-at-14.04.39-1-768x512.jpeg 768w, https:\/\/corrientesdetarde.com\/wp-content\/uploads\/2025\/11\/WhatsApp-Image-2025-11-25-at-14.04.39-1.jpeg 1280w\" sizes=\"auto, (max-width: 1024px) 100vw, 1024px\" \/><\/figure>\n\n\n\n<figure class=\"wp-block-image size-large\"><img loading=\"lazy\" decoding=\"async\" width=\"1024\" height=\"682\" src=\"https:\/\/corrientesdetarde.com\/wp-content\/uploads\/2025\/11\/WhatsApp-Image-2025-11-25-at-14.04.39-1024x682.jpeg\" alt=\"\" class=\"wp-image-237332\" srcset=\"https:\/\/corrientesdetarde.com\/wp-content\/uploads\/2025\/11\/WhatsApp-Image-2025-11-25-at-14.04.39-1024x682.jpeg 1024w, https:\/\/corrientesdetarde.com\/wp-content\/uploads\/2025\/11\/WhatsApp-Image-2025-11-25-at-14.04.39-300x200.jpeg 300w, https:\/\/corrientesdetarde.com\/wp-content\/uploads\/2025\/11\/WhatsApp-Image-2025-11-25-at-14.04.39-768x512.jpeg 768w, https:\/\/corrientesdetarde.com\/wp-content\/uploads\/2025\/11\/WhatsApp-Image-2025-11-25-at-14.04.39.jpeg 1280w\" sizes=\"auto, (max-width: 1024px) 100vw, 1024px\" \/><\/figure>\n\n\n\n<figure class=\"wp-block-image size-large\"><img loading=\"lazy\" decoding=\"async\" width=\"1024\" height=\"682\" src=\"https:\/\/corrientesdetarde.com\/wp-content\/uploads\/2025\/11\/WhatsApp-Image-2025-11-25-at-14.04.38-1-1024x682.jpeg\" alt=\"\" class=\"wp-image-237336\" srcset=\"https:\/\/corrientesdetarde.com\/wp-content\/uploads\/2025\/11\/WhatsApp-Image-2025-11-25-at-14.04.38-1-1024x682.jpeg 1024w, https:\/\/corrientesdetarde.com\/wp-content\/uploads\/2025\/11\/WhatsApp-Image-2025-11-25-at-14.04.38-1-300x200.jpeg 300w, https:\/\/corrientesdetarde.com\/wp-content\/uploads\/2025\/11\/WhatsApp-Image-2025-11-25-at-14.04.38-1-768x512.jpeg 768w, https:\/\/corrientesdetarde.com\/wp-content\/uploads\/2025\/11\/WhatsApp-Image-2025-11-25-at-14.04.38-1.jpeg 1280w\" sizes=\"auto, (max-width: 1024px) 100vw, 1024px\" \/><\/figure>\n","protected":false},"excerpt":{"rendered":"<p>SAL\u00d3N DE ACUERDOS En un acto realizado en el Sal\u00f3n de Acuerdos de la Legislatura, y con la presencia del vicegobernador Pedro Braillard Poccard, los alumnos de 6\u00ba a\u00f1o de&hellip; <\/p>\n","protected":false},"author":8,"featured_media":237334,"comment_status":"closed","ping_status":"open","sticky":false,"template":"","format":"standard","meta":{"footnotes":""},"categories":[1208],"tags":[],"class_list":["post-237331","post","type-post","status-publish","format-standard","has-post-thumbnail","hentry","category-eventossociedad"],"_links":{"self":[{"href":"https:\/\/corrientesdetarde.com\/index.php\/wp-json\/wp\/v2\/posts\/237331","targetHints":{"allow":["GET"]}}],"collection":[{"href":"https:\/\/corrientesdetarde.com\/index.php\/wp-json\/wp\/v2\/posts"}],"about":[{"href":"https:\/\/corrientesdetarde.com\/index.php\/wp-json\/wp\/v2\/types\/post"}],"author":[{"embeddable":true,"href":"https:\/\/corrientesdetarde.com\/index.php\/wp-json\/wp\/v2\/users\/8"}],"replies":[{"embeddable":true,"href":"https:\/\/corrientesdetarde.com\/index.php\/wp-json\/wp\/v2\/comments?post=237331"}],"version-history":[{"count":1,"href":"https:\/\/corrientesdetarde.com\/index.php\/wp-json\/wp\/v2\/posts\/237331\/revisions"}],"predecessor-version":[{"id":237337,"href":"https:\/\/corrientesdetarde.com\/index.php\/wp-json\/wp\/v2\/posts\/237331\/revisions\/237337"}],"wp:featuredmedia":[{"embeddable":true,"href":"https:\/\/corrientesdetarde.com\/index.php\/wp-json\/wp\/v2\/media\/237334"}],"wp:attachment":[{"href":"https:\/\/corrientesdetarde.com\/index.php\/wp-json\/wp\/v2\/media?parent=237331"}],"wp:term":[{"taxonomy":"category","embeddable":true,"href":"https:\/\/corrientesdetarde.com\/index.php\/wp-json\/wp\/v2\/categories?post=237331"},{"taxonomy":"post_tag","embeddable":true,"href":"https:\/\/corrientesdetarde.com\/index.php\/wp-json\/wp\/v2\/tags?post=237331"}],"curies":[{"name":"wp","href":"https:\/\/api.w.org\/{rel}","templated":true}]}}