{"id":237356,"date":"2025-11-25T15:47:09","date_gmt":"2025-11-25T18:47:09","guid":{"rendered":"https:\/\/corrientesdetarde.com\/?p=237356"},"modified":"2025-11-25T15:47:19","modified_gmt":"2025-11-25T18:47:19","slug":"macron-busca-implementar-el-servicio-militar-voluntario-en-francia-ante-la-preocupacion-por-el-avance-ruso","status":"publish","type":"post","link":"https:\/\/corrientesdetarde.com\/index.php\/internacionales\/macron-busca-implementar-el-servicio-militar-voluntario-en-francia-ante-la-preocupacion-por-el-avance-ruso\/","title":{"rendered":"Macron busca implementar el servicio militar voluntario en Francia ante la preocupaci\u00f3n por el avance ruso"},"content":{"rendered":"\n<p>El objetivo es empezar con unas 2000 personas y alcanzar progresivamente unos 50.000 voluntarios por a\u00f1o.<\/p>\n\n\n\n<p>El presidente\u00a0<strong>Emmanuel Macron<\/strong>\u00a0se apresta a anunciar el jueves la instauraci\u00f3n de un servicio militar voluntario en Francia,\u00a0en sinton\u00eda con otros pa\u00edses europeos\u00a0ante la creciente amenaza que ven en Rusia y las dudas sobre su aliado estadounidense.<\/p>\n\n\n\n<p>El anuncio, seg\u00fan fuentes citadas por la prensa francesa, se produce tras la pol\u00e9mica generada por el jefe del Estado Mayor de los Ej\u00e9rcitos, el general&nbsp;<strong>Fabien Mandon<\/strong>, quien la semana pasada llam\u00f3 a los franceses a \u201c<strong>aceptar perder a sus hijos<\/strong>\u201d en caso de conflictos en Europa.<\/p>\n\n\n\n<p>El presidente asegur\u00f3 que estas palabras fueron sacadas de contexto: \u201cEs realmente necesario eliminar de inmediato cualquier idea confusa que consistir\u00eda en decir que vamos a enviar a nuestros j\u00f3venes a Ucrania\u201d, aclar\u00f3 Macron este martes a la radio&nbsp;<em>RTL<\/em>.<\/p>\n\n\n\n<h2 class=\"wp-block-heading\">\u201cReforzar el pacto ej\u00e9rcito-naci\u00f3n\u201d<\/h2>\n\n\n\n<p>Francia suspendi\u00f3 el servicio militar obligatorio en 1997, durante la presidencia del conservador&nbsp;<strong>Jacques Chirac<\/strong>, pero Macron aboga por \u201cun nuevo marco para servir\u201d en las Fuerzas Armadas y \u201creforzar el pacto ej\u00e9rcito-naci\u00f3n\u201d.<\/p>\n\n\n\n<p>El mandatario centroderechista deber\u00eda anunciar el jueves la instauraci\u00f3n de un servicio militar voluntario, seg\u00fan varias fuentes citadas por la prensa local. El objetivo es empezar con unas 2000 personas y alcanzar progresivamente unos 50.000 voluntarios por a\u00f1o.<\/p>\n\n\n\n<figure class=\"wp-block-image\"><img decoding=\"async\" src=\"https:\/\/tn.com.ar\/resizer\/v2\/emmanuel-macron-participo-en-el-g20-celebrado-en-sudafrica-foto-marco-longaripool-via-reuters-VM34LXIC7TL5UZ3UFBAUSU5VPE.jpg?auth=6ed17ac4e8d09048012a0e94ff7e504f0afe0811018cbc30a235a037bedc30c4&amp;width=767\" alt=\"Emmanuel Macron particip\u00f3 en el G20 celebrado en Sud\u00e1frica (Foto: MARCO LONGARI\/Pool via REUTERS)\"\/><\/figure>\n\n\n\n<p>El gobierno no detall\u00f3 por el momento las modalidades, pero, seg\u00fan la prensa local, la duraci\u00f3n prevista ser\u00eda de 10 meses y se remunerar\u00eda con varios cientos de euros.<\/p>\n\n\n\n<p>Las Fuerzas Armadas francesas cuentan con aproximadamente 200.000 militares en activo y 47.000 reservistas. El objetivo es contar con 210.000 y 80.000 personas, respectivamente, en 2030.<\/p>\n\n\n\n<h2 class=\"wp-block-heading\">\u00bfObligatorio o voluntario?<\/h2>\n\n\n\n<p>Desde la invasi\u00f3n rusa de Ucrania en 2022, varios pa\u00edses europeos, que hab\u00edan puesto fin a la conscripci\u00f3n tras la disoluci\u00f3n de la Uni\u00f3n Sovi\u00e9tica en 1991, introdujeron un servicio militar, ya sea obligatorio o voluntario.<\/p>\n\n\n\n<p><strong>Pa\u00edses Bajos<\/strong>\u00a0instaur\u00f3 el voluntario en 2023, al igual que\u00a0<strong>Bulgaria<\/strong>\u00a0en 2020.\u00a0<strong>B\u00e9lgica<\/strong>\u00a0y<strong>\u00a0Rumania<\/strong>\u00a0prev\u00e9n hacerlo a partir de 2026,\u00a0como Alemania que todav\u00eda debe votarlo en su Parlamento.<\/p>\n\n\n\n<p>El objetivo es \u201cdisuadir\u201d a Mosc\u00fa para que no extienda su guerra en Europa. Los europeos tambi\u00e9n aumentaron su gasto militar, bajo la presi\u00f3n del presidente&nbsp;<strong>Donald Trump<\/strong>, que cuestion\u00f3 el compromiso de Washington con la seguridad de sus aliados.<\/p>\n\n\n\n<p>\u201cEn el mundo en el que vivimos, lleno de incertidumbres y de un aumento de tensiones, si realmente queremos estar seguros, debemos disuadir al otro de venir\u201d, asegur\u00f3 Macron, cuyo pa\u00eds tambi\u00e9n es una potencia nuclear.<\/p>\n\n\n\n<p>Seg\u00fan elementos en poder del ej\u00e9rcito franc\u00e9s, \u201c<strong>Rusia se est\u00e1 preparando para una confrontaci\u00f3n hacia el a\u00f1o 2030<\/strong>\u201d con los pa\u00edses de la OTAN, asegur\u00f3 el s\u00e1bado el general Mandon ante un congreso de alcaldes.<\/p>\n\n\n\n<p>A diferencia de Francia, cuya capital est\u00e1 situada a casi 2500 kil\u00f3metros en l\u00ednea recta de Mosc\u00fa, los pa\u00edses de la Uni\u00f3n Europea y la OTAN que comparten frontera con Rusia mantuvieron o reintrodujeron el servicio militar obligatorio, salvo Polonia.<\/p>\n\n\n\n<p><\/p>\n","protected":false},"excerpt":{"rendered":"<p>El objetivo es empezar con unas 2000 personas y alcanzar progresivamente unos 50.000 voluntarios por a\u00f1o. El presidente\u00a0Emmanuel Macron\u00a0se apresta a anunciar el jueves la instauraci\u00f3n de un servicio militar&hellip; <\/p>\n","protected":false},"author":8,"featured_media":237357,"comment_status":"closed","ping_status":"open","sticky":false,"template":"","format":"standard","meta":{"footnotes":""},"categories":[11],"tags":[],"class_list":["post-237356","post","type-post","status-publish","format-standard","has-post-thumbnail","hentry","category-internacionales"],"_links":{"self":[{"href":"https:\/\/corrientesdetarde.com\/index.php\/wp-json\/wp\/v2\/posts\/237356","targetHints":{"allow":["GET"]}}],"collection":[{"href":"https:\/\/corrientesdetarde.com\/index.php\/wp-json\/wp\/v2\/posts"}],"about":[{"href":"https:\/\/corrientesdetarde.com\/index.php\/wp-json\/wp\/v2\/types\/post"}],"author":[{"embeddable":true,"href":"https:\/\/corrientesdetarde.com\/index.php\/wp-json\/wp\/v2\/users\/8"}],"replies":[{"embeddable":true,"href":"https:\/\/corrientesdetarde.com\/index.php\/wp-json\/wp\/v2\/comments?post=237356"}],"version-history":[{"count":1,"href":"https:\/\/corrientesdetarde.com\/index.php\/wp-json\/wp\/v2\/posts\/237356\/revisions"}],"predecessor-version":[{"id":237358,"href":"https:\/\/corrientesdetarde.com\/index.php\/wp-json\/wp\/v2\/posts\/237356\/revisions\/237358"}],"wp:featuredmedia":[{"embeddable":true,"href":"https:\/\/corrientesdetarde.com\/index.php\/wp-json\/wp\/v2\/media\/237357"}],"wp:attachment":[{"href":"https:\/\/corrientesdetarde.com\/index.php\/wp-json\/wp\/v2\/media?parent=237356"}],"wp:term":[{"taxonomy":"category","embeddable":true,"href":"https:\/\/corrientesdetarde.com\/index.php\/wp-json\/wp\/v2\/categories?post=237356"},{"taxonomy":"post_tag","embeddable":true,"href":"https:\/\/corrientesdetarde.com\/index.php\/wp-json\/wp\/v2\/tags?post=237356"}],"curies":[{"name":"wp","href":"https:\/\/api.w.org\/{rel}","templated":true}]}}