{"id":237363,"date":"2025-11-25T15:51:34","date_gmt":"2025-11-25T18:51:34","guid":{"rendered":"https:\/\/corrientesdetarde.com\/?p=237363"},"modified":"2025-11-25T15:53:38","modified_gmt":"2025-11-25T18:53:38","slug":"la-fifa-dio-a-conocer-todos-los-detalles-del-sorteo-del-mundial-que-ubicacion-tendra-la-seleccion-argentina","status":"publish","type":"post","link":"https:\/\/corrientesdetarde.com\/index.php\/deportes\/la-fifa-dio-a-conocer-todos-los-detalles-del-sorteo-del-mundial-que-ubicacion-tendra-la-seleccion-argentina\/","title":{"rendered":"La FIFA dio a conocer todos los detalles del sorteo del Mundial: qu\u00e9 ubicaci\u00f3n tendr\u00e1 la Selecci\u00f3n argentina"},"content":{"rendered":"\n<p>A trav\u00e9s de un documento oficial, la casa madre del f\u00fatbol mundial comenz\u00f3 la cuenta regresiva para la Copa del Mundo de Estados Unidos, M\u00e9xico y Canad\u00e1.<\/p>\n\n\n\n<p>Este martes, la FIFA confirm\u00f3 c\u00f3mo se desarrollar\u00e1 el sorteo que definir\u00e1 los grupos y la organizaci\u00f3n del\u00a0<strong>Mundial 2026 que se jugar\u00e1 en Estados Unidos, Canad\u00e1 y M\u00e9xico<\/strong>. El evento\u00a0<strong>se celebrar\u00e1 el pr\u00f3ximo 5 de diciembre<\/strong>, en el Centro Kennedy de Washington D.C.,\u00a0<strong>a partir de las 14 (hora de la Argentina)<\/strong>. Ser\u00e1n 48 las selecciones participantes, distribuidas en\u00a0<strong>cuatro bombos de 12 equipos<\/strong>\u00a0seg\u00fan el\u00a0ranking FIFA.<\/p>\n\n\n\n<p>A trav\u00e9s de un informe en su web oficial, la FIFA dio detalles muy esperados para calentar la previa a la cita mundialista. Los tres pa\u00edses anfitriones ya tienen asignadas posiciones fijas:&nbsp;<strong>M\u00e9xico<\/strong>&nbsp;ir\u00e1 al puesto&nbsp;<strong>A1<\/strong>,&nbsp;<strong>Canad\u00e1<\/strong>&nbsp;a&nbsp;<strong>B1<\/strong>&nbsp;y&nbsp;<strong>Estados Unidos<\/strong>&nbsp;ocupar\u00e1 la&nbsp;<strong>D1<\/strong>.<\/p>\n\n\n\n<figure class=\"wp-block-image\"><img decoding=\"async\" src=\"https:\/\/tn.com.ar\/resizer\/v2\/gianni-infantino-estara-al-frente-del-sorteo-de-la-copa-del-mundo-2026-que-se-realizara-el-5-de-diciembre-foto-reuters-KCR2YDVOVNADRGM7RUPK6YUVRE.jfif?auth=7632517dfc32d2689864d79f80cde7e459bab24e2b43f691c4dd0c340c2e2e5c&amp;width=767\" alt=\"Gianni Infantino estar\u00e1 al frente del sorteo de la Copa del Mundo 2026 que se realizar\u00e1 el 5 de diciembre. (Foto: Reuters)\"\/><\/figure>\n\n\n\n<p>Adem\u00e1s, uno de los requisitos fundamentales es que&nbsp;<strong>no podr\u00e1 haber m\u00e1s de dos selecciones europeas en cada grupo<\/strong>.&nbsp;<strong>Tampoco podr\u00e1n repetirse selecciones de la misma confederaci\u00f3n,<\/strong>&nbsp;incluso aquellos que llegan desde el repechaje.<\/p>\n\n\n\n<p>Por otro lado, de manera in\u00e9dita, se tendr\u00e1 en cuenta el ranking FIFA a la hora de la distribuci\u00f3n de los pa\u00edses en la fase final.&nbsp;<strong>Por lo que el l\u00edder en la clasificaci\u00f3n actual, Espa\u00f1a, ir\u00e1 en la parte opuesta del cuadro del segundo, la Selecci\u00f3n argentina<\/strong>. Lo mismo suceder\u00e1 con la tercera y cuarta selecci\u00f3n mejor ubicada, que son Francia e Inglaterra.<\/p>\n\n\n\n<p>Tras el sorteo, la FIFA publicar\u00e1 los detalles sobre sedes, horarios y distribuci\u00f3n de partidos. Y en marzo de 2026 se llevar\u00e1 a cabo el&nbsp;<strong>Repechaje&nbsp;<\/strong>para decidir las plazas restantes para el Mundial.<\/p>\n\n\n\n<h2 class=\"wp-block-heading\">La definici\u00f3n de las sedes y horarios de los partidos<\/h2>\n\n\n\n<p>Si bien el sorteo final determinar\u00e1 qu\u00e9 selecciones se enfrentar\u00e1n entre s\u00ed en la fase de grupos,&nbsp;<strong>el calendario actualizado con estadio y hora de cada partido se confirmar\u00e1 el s\u00e1bado 6 de diciembre.<\/strong><\/p>\n\n\n\n<p>Seg\u00fan explicaron desde la FIFA, \u201cel proceso de asignaci\u00f3n de partidos posterior al sorteo tiene como objetivo garantizar las mejores condiciones para todas las selecciones y, en la medida de lo posible,&nbsp;<strong>facilitar que los aficionados de todo el mundo puedan ver en directo los encuentros de sus equipos en las diferentes zonas horarias<\/strong>\u201d.<\/p>\n\n\n\n<figure class=\"wp-block-image\"><img decoding=\"async\" src=\"https:\/\/tn.com.ar\/resizer\/v2\/asi-sera-la-ubicacion-de-los-equipos-en-los-grupos-y-la-fase-final-del-mundial-2026-foto-captura-fifa-UNDJYTBT4ZE6FOZ6PV7QUB5YBQ.PNG?auth=bb0f410792e5c77c0e20e3bae684a4513c7486874ae5ee2e8dda4eee51c7cc62&amp;width=767\" alt=\"As\u00ed ser\u00e1 la ubicaci\u00f3n de los equipos en los grupos y la fase final del Mundial 2026. (Foto: Captura FIFA)\"\/><\/figure>\n\n\n\n<h2 class=\"wp-block-heading\">As\u00ed quedaron definidos los bombos para el sorteo del Mundial 2026<\/h2>\n\n\n\n<p><strong>Bombo 1:<\/strong>&nbsp;Canad\u00e1, M\u00e9xico, Estados Unidos, Espa\u00f1a, Argentina, Francia, Inglaterra, Brasil, Portugal, Pa\u00edses Bajos, B\u00e9lgica y Alemania<\/p>\n\n\n\n<p><strong>Bombo 2:<\/strong>&nbsp;Croacia, Marruecos, Colombia, Uruguay, Suiza, Jap\u00f3n, Senegal, RP de Ir\u00e1n, Rep\u00fablica de Corea, Ecuador, Austria y Australia<\/p>\n\n\n\n<figure class=\"wp-block-image\"><img decoding=\"async\" src=\"https:\/\/tn.com.ar\/resizer\/v2\/los-equipos-clasificados-para-el-mundial-2026-foto-fifaworldcupig-XAC3QPUQPFBGHKLBSNPR3K4FUQ.jpg?auth=658f31815cc504fe38f6c3e93df102a8134617cd34931d8f0961a3ad7d7ab7ec&amp;width=767\" alt=\"Los equipos clasificados para el Mundial 2026. (Foto: fifaworldcup\/IG)\"\/><\/figure>\n\n\n\n<p><strong>Bombo 3:<\/strong>&nbsp;Noruega, Panam\u00e1, Egipto, Argelia, Escocia, Paraguay, T\u00fanez, Costa de Marfil, Uzbekist\u00e1n, Catar, Arabia Saud\u00ed y Sud\u00e1frica<\/p>\n\n\n\n<p><strong>Bombo 4:<\/strong>&nbsp;Jordania, Cabo Verde, Ghana, Curasao, Hait\u00ed, Nueva Zelanda, clasificados A, B, C y D de las eliminatorias europeas, clasificados 1 y 2 del torneo clasificatorio de la FIFA<\/p>\n\n\n\n<p>El sorteo comenzar\u00e1 con todas las selecciones del bombo 1, que se distribuir\u00e1n desde el grupo A hasta el grupo L. A continuaci\u00f3n, se sortear\u00e1n los bombos 2, 3 y 4, por ese orden.<\/p>\n\n\n\n<p><\/p>\n","protected":false},"excerpt":{"rendered":"<p>A trav\u00e9s de un documento oficial, la casa madre del f\u00fatbol mundial comenz\u00f3 la cuenta regresiva para la Copa del Mundo de Estados Unidos, M\u00e9xico y Canad\u00e1. Este martes, la&hellip; <\/p>\n","protected":false},"author":8,"featured_media":237364,"comment_status":"closed","ping_status":"open","sticky":false,"template":"","format":"standard","meta":{"footnotes":""},"categories":[4],"tags":[],"class_list":["post-237363","post","type-post","status-publish","format-standard","has-post-thumbnail","hentry","category-deportes"],"_links":{"self":[{"href":"https:\/\/corrientesdetarde.com\/index.php\/wp-json\/wp\/v2\/posts\/237363","targetHints":{"allow":["GET"]}}],"collection":[{"href":"https:\/\/corrientesdetarde.com\/index.php\/wp-json\/wp\/v2\/posts"}],"about":[{"href":"https:\/\/corrientesdetarde.com\/index.php\/wp-json\/wp\/v2\/types\/post"}],"author":[{"embeddable":true,"href":"https:\/\/corrientesdetarde.com\/index.php\/wp-json\/wp\/v2\/users\/8"}],"replies":[{"embeddable":true,"href":"https:\/\/corrientesdetarde.com\/index.php\/wp-json\/wp\/v2\/comments?post=237363"}],"version-history":[{"count":2,"href":"https:\/\/corrientesdetarde.com\/index.php\/wp-json\/wp\/v2\/posts\/237363\/revisions"}],"predecessor-version":[{"id":237368,"href":"https:\/\/corrientesdetarde.com\/index.php\/wp-json\/wp\/v2\/posts\/237363\/revisions\/237368"}],"wp:featuredmedia":[{"embeddable":true,"href":"https:\/\/corrientesdetarde.com\/index.php\/wp-json\/wp\/v2\/media\/237364"}],"wp:attachment":[{"href":"https:\/\/corrientesdetarde.com\/index.php\/wp-json\/wp\/v2\/media?parent=237363"}],"wp:term":[{"taxonomy":"category","embeddable":true,"href":"https:\/\/corrientesdetarde.com\/index.php\/wp-json\/wp\/v2\/categories?post=237363"},{"taxonomy":"post_tag","embeddable":true,"href":"https:\/\/corrientesdetarde.com\/index.php\/wp-json\/wp\/v2\/tags?post=237363"}],"curies":[{"name":"wp","href":"https:\/\/api.w.org\/{rel}","templated":true}]}}