{"id":237369,"date":"2025-11-25T17:54:18","date_gmt":"2025-11-25T20:54:18","guid":{"rendered":"https:\/\/corrientesdetarde.com\/?p=237369"},"modified":"2025-11-25T17:54:30","modified_gmt":"2025-11-25T20:54:30","slug":"milei-recibio-al-canciller-israeli-y-confirmo-que-viajara-a-jerusalen-para-inaugurar-la-nueva-embajada","status":"publish","type":"post","link":"https:\/\/corrientesdetarde.com\/index.php\/politica\/milei-recibio-al-canciller-israeli-y-confirmo-que-viajara-a-jerusalen-para-inaugurar-la-nueva-embajada\/","title":{"rendered":"Milei recibi\u00f3 al canciller israel\u00ed y confirm\u00f3 que viajar\u00e1 a Jerusal\u00e9n para inaugurar la nueva embajada"},"content":{"rendered":"\n<p>El Presidente se reuni\u00f3 con Gideon Sa\u2019ar, que lleg\u00f3 al pa\u00eds con una delegaci\u00f3n econ\u00f3mica y una agenda centrada en la relaci\u00f3n bilateral.<\/p>\n\n\n\n<p>El presidente\u00a0<strong>Javier Milei\u00a0confirm\u00f3<\/strong>\u00a0este mediod\u00eda que\u00a0<strong>viajar\u00e1 el a\u00f1o pr\u00f3ximo a Jerusal\u00e9n para inaugurar la embajada argentina en Israel.<\/strong>\u00a0Lo anunci\u00f3 en la Casa Rosada durante la reuni\u00f3n que mantuvo con el<strong>\u00a0canciller de Israel, Gideon Sa\u2019ar,<\/strong>\u00a0que lleg\u00f3 al pa\u00eds con una delegaci\u00f3n de empresarios para reforzar los v\u00ednculos bilaterales.<\/p>\n\n\n\n<p>Seg\u00fan la agenda bilateral,&nbsp;<strong>en febrero viajar\u00e1 el canciller argentino Pablo Quirno<\/strong>&nbsp;a Israel, y para&nbsp;<strong>abril o mayo se organizar\u00e1 la visita de Milei.<\/strong><\/p>\n\n\n\n<p>\u201c<strong>Vamos a tener al presidente Milei en abril o mayo&nbsp;<\/strong>para abrir la embajada en Jerusal\u00e9n\u201d, ratific\u00f3&nbsp;Sa\u2019ar en el Foro Econ\u00f3mico Argentino Israel\u00ed, en el Palacio Libertad, junto al canciller argentino.<\/p>\n\n\n\n<p>A mediados de septiembre, Milei hab\u00eda confirmado en Paraguay que 2026 la Argentina abrir\u00e1 su embajada en Israel, en la ciudad de Jerusal\u00e9n, pese a la guerra en Gaza y tal como lo hab\u00eda anunciado de junio en el Parlamento de Israel.<\/p>\n\n\n\n<p>El Presidente destac\u00f3 su decisi\u00f3n al plantear que \u201cno son muchos los pa\u00edses que se plantan del lado del bien\u201d. De esta manera reivindic\u00f3 su postura de&nbsp;<strong>afianzar la alianza con su par israel\u00ed, Benjam\u00edn Netanyahu<\/strong>, en pleno conflicto b\u00e9lico en Medio Oriente.<\/p>\n\n\n\n<p>Al exponer en la Kn\u00e9set, Milei dijo que se sent\u00eda \u201corgulloso\u201d de anunciar la mudanza de la sede diplom\u00e1tica nacional desde Tel Aviv a Jerusal\u00e9n Oeste en 2026. \u201cEsta administraci\u00f3n, y muy especialmente este presidente, afirma el derecho de Israel a la leg\u00edtima defensa y nuestra vocaci\u00f3n es honrar la amistad hist\u00f3rica que caracteriza a nuestros pa\u00edses y profundizar los lazos culturales, diplom\u00e1ticos, estrat\u00e9gicos y comerciales que nos unen\u201d.<\/p>\n\n\n\n<h2 class=\"wp-block-heading\">Reuni\u00f3n bilateral<\/h2>\n\n\n\n<p><strong>El encuentro del Presidente con el canciller israel\u00ed comenz\u00f3 en privado y luego se ampli\u00f3 a la participaci\u00f3n<\/strong>&nbsp;de Quirno y de los embajadores Axel Wahnish y Eyal Sela. Al inicio, Sa\u2019ar recit\u00f3 la bendici\u00f3n \u201cSheejeianu\u201d por la elecci\u00f3n de Milei mientras el Presidente se coloc\u00f3 una kip\u00e1, y<strong>&nbsp;record\u00f3 la historia de su padre, nacido en la Argentina, y de su abuelo inmigrante.<\/strong><\/p>\n\n\n\n<figure class=\"wp-block-image\"><img decoding=\"async\" src=\"https:\/\/tn.com.ar\/resizer\/v2\/javier-milei-volvio-a-ratificar-la-alianza-con-su-par-israeli-benjamin-netanyahu-foto-efe-2HDOAXXK2ZFCNKKOSY73IIFPME.jpg?auth=61cd2531ef8a1d5c6b2074ce4ac8f883c2140098ff5c2f8fce9f87700df424c0&amp;width=767\" alt=\"Javier Milei volvi\u00f3 a ratificar la alianza con su par israel\u00ed, Benjam\u00edn Netanyahu (Foto: EFE).\"\/><\/figure>\n\n\n\n<p>Milei le mostr\u00f3 la mezuz\u00e1 ubicada en la entrada de su despacho y su sidur personal. Fue entonces cuando afirm\u00f3: \u201cLa embajada de la Argentina en Jerusal\u00e9n ser\u00e1 inaugurada el a\u00f1o que viene con mi presencia\u201d, sobre una visita prevista para el pr\u00f3ximo oto\u00f1o.<\/p>\n\n\n\n<p>Sa\u2019ar felicit\u00f3 a Milei por los avances econ\u00f3micos que, seg\u00fan dijo, logr\u00f3 su gobierno. Tambi\u00e9n<strong>&nbsp;plante\u00f3 declarar a la Guardia Revolucionaria de Ir\u00e1n como organizaci\u00f3n terrorista,<\/strong>&nbsp;uno de los temas que formaron parte de la agenda del encuentro.<\/p>\n\n\n\n<p>El canciller israel\u00ed describi\u00f3 la eliminaci\u00f3n del jefe militar de Hezbollah, la situaci\u00f3n en el L\u00edbano y advirti\u00f3 sobre los intentos de esa organizaci\u00f3n por rearmarse. Adem\u00e1s,&nbsp;<strong>record\u00f3 los atentados contra la Embajada de Israel y la AMIA<\/strong>.<\/p>\n\n\n\n<h2 class=\"wp-block-heading\">Actividades oficiales y agenda en Buenos Aires<\/h2>\n\n\n\n<p>Sa\u2019ar lleg\u00f3 este martes a Buenos Aires y abri\u00f3 su agenda con el tradicional homenaje al Libertador General Jos\u00e9 de San Mart\u00edn.<\/p>\n\n\n\n<p>Durante su visita en la Argentina, tambi\u00e9n mantendr\u00e1 encuentros con el presidente de la C\u00e1mara de Diputados,&nbsp;<strong>Mart\u00edn Menem<\/strong>; los ministros salientes de Seguridad y Defensa,&nbsp;<strong>Patricia Bullrich<\/strong>&nbsp;y&nbsp;<strong>Luis Petri<\/strong>, y con los diputados&nbsp;<strong>Fernando Iglesias&nbsp;<\/strong>y<strong>&nbsp;Sabrina Ajmechet<\/strong>. Cerrar\u00e1 su visita con un discurso en el Teatro Col\u00f3n por el 90\u00ba aniversario de la DAIA.<\/p>\n\n\n\n<p><\/p>\n","protected":false},"excerpt":{"rendered":"<p>El Presidente se reuni\u00f3 con Gideon Sa\u2019ar, que lleg\u00f3 al pa\u00eds con una delegaci\u00f3n econ\u00f3mica y una agenda centrada en la relaci\u00f3n bilateral. El presidente\u00a0Javier Milei\u00a0confirm\u00f3\u00a0este mediod\u00eda que\u00a0viajar\u00e1 el a\u00f1o&hellip; <\/p>\n","protected":false},"author":8,"featured_media":237370,"comment_status":"closed","ping_status":"open","sticky":false,"template":"","format":"standard","meta":{"footnotes":""},"categories":[3],"tags":[],"class_list":["post-237369","post","type-post","status-publish","format-standard","has-post-thumbnail","hentry","category-politica"],"_links":{"self":[{"href":"https:\/\/corrientesdetarde.com\/index.php\/wp-json\/wp\/v2\/posts\/237369","targetHints":{"allow":["GET"]}}],"collection":[{"href":"https:\/\/corrientesdetarde.com\/index.php\/wp-json\/wp\/v2\/posts"}],"about":[{"href":"https:\/\/corrientesdetarde.com\/index.php\/wp-json\/wp\/v2\/types\/post"}],"author":[{"embeddable":true,"href":"https:\/\/corrientesdetarde.com\/index.php\/wp-json\/wp\/v2\/users\/8"}],"replies":[{"embeddable":true,"href":"https:\/\/corrientesdetarde.com\/index.php\/wp-json\/wp\/v2\/comments?post=237369"}],"version-history":[{"count":1,"href":"https:\/\/corrientesdetarde.com\/index.php\/wp-json\/wp\/v2\/posts\/237369\/revisions"}],"predecessor-version":[{"id":237371,"href":"https:\/\/corrientesdetarde.com\/index.php\/wp-json\/wp\/v2\/posts\/237369\/revisions\/237371"}],"wp:featuredmedia":[{"embeddable":true,"href":"https:\/\/corrientesdetarde.com\/index.php\/wp-json\/wp\/v2\/media\/237370"}],"wp:attachment":[{"href":"https:\/\/corrientesdetarde.com\/index.php\/wp-json\/wp\/v2\/media?parent=237369"}],"wp:term":[{"taxonomy":"category","embeddable":true,"href":"https:\/\/corrientesdetarde.com\/index.php\/wp-json\/wp\/v2\/categories?post=237369"},{"taxonomy":"post_tag","embeddable":true,"href":"https:\/\/corrientesdetarde.com\/index.php\/wp-json\/wp\/v2\/tags?post=237369"}],"curies":[{"name":"wp","href":"https:\/\/api.w.org\/{rel}","templated":true}]}}