{"id":237450,"date":"2025-11-26T13:31:18","date_gmt":"2025-11-26T16:31:18","guid":{"rendered":"https:\/\/corrientesdetarde.com\/?p=237450"},"modified":"2025-11-26T13:31:22","modified_gmt":"2025-11-26T16:31:22","slug":"el-vicegobernador-recibio-a-las-nuevas-autoridades-del-colegio-de-abogados-de-corrientes","status":"publish","type":"post","link":"https:\/\/corrientesdetarde.com\/index.php\/eventossociedad\/el-vicegobernador-recibio-a-las-nuevas-autoridades-del-colegio-de-abogados-de-corrientes\/","title":{"rendered":"El Vicegobernador recibi\u00f3 a las nuevas autoridades del Colegio de Abogados de Corrientes"},"content":{"rendered":"\n<p>El vicegobernador Pedro Braillard Poccard recibi\u00f3 este mi\u00e9rcoles al presidente entrante del Colegio de Abogados de la Primera Circunscripci\u00f3n de Corrientes, Dr. Juan Manuel Bobadilla, quien asisti\u00f3 junto al presidente saliente, Dr. Juan Pedro Cotelo.<\/p>\n\n\n\n<p>El encuentro se desarroll\u00f3 en el sal\u00f3n de acuerdos del Palacio Legislativo y cont\u00f3 tambi\u00e9n con la presencia del nuevo tesorero, Juan Pablo Reinaf\u00e9; el director de la Biblioteca de la Legislatura, Walter Fern\u00e1ndez; y el asesor de la Vicegobernaci\u00f3n, Dr. Santiago Faisal.<\/p>\n\n\n\n<p>Durante la reuni\u00f3n, el Dr. Cotelo agradeci\u00f3 el acompa\u00f1amiento del Vicegobernador durante su gesti\u00f3n y formaliz\u00f3 la donaci\u00f3n de libros de Derecho Tributario y Derecho Ambiental, que pasar\u00e1n a integrar el patrimonio de la Biblioteca Legislativa.<\/p>\n\n\n\n<p>Braillard Poccard reafirm\u00f3 el compromiso de trabajo conjunto con el Colegio de Abogados y expres\u00f3 sus deseos de \u00e9xito para las nuevas autoridades en esta nueva etapa institucional.<\/p>\n\n\n\n<p>Cabe mencionar que las nuevas autoridades asumir\u00e1n este mi\u00e9rcoles a las 19:30, en la sede del Colegio de Abogados de la Primera Circunscripci\u00f3n Judicial.<\/p>\n\n\n\n<figure class=\"wp-block-image size-large\"><img loading=\"lazy\" decoding=\"async\" width=\"1024\" height=\"682\" src=\"https:\/\/corrientesdetarde.com\/wp-content\/uploads\/2025\/11\/WhatsApp-Image-2025-11-26-at-13.10.16-1024x682.jpeg\" alt=\"\" class=\"wp-image-237451\" srcset=\"https:\/\/corrientesdetarde.com\/wp-content\/uploads\/2025\/11\/WhatsApp-Image-2025-11-26-at-13.10.16-1024x682.jpeg 1024w, https:\/\/corrientesdetarde.com\/wp-content\/uploads\/2025\/11\/WhatsApp-Image-2025-11-26-at-13.10.16-300x200.jpeg 300w, https:\/\/corrientesdetarde.com\/wp-content\/uploads\/2025\/11\/WhatsApp-Image-2025-11-26-at-13.10.16-768x512.jpeg 768w, https:\/\/corrientesdetarde.com\/wp-content\/uploads\/2025\/11\/WhatsApp-Image-2025-11-26-at-13.10.16.jpeg 1280w\" sizes=\"auto, (max-width: 1024px) 100vw, 1024px\" \/><\/figure>\n\n\n\n<figure class=\"wp-block-image size-large\"><img loading=\"lazy\" decoding=\"async\" width=\"1024\" height=\"682\" src=\"https:\/\/corrientesdetarde.com\/wp-content\/uploads\/2025\/11\/WhatsApp-Image-2025-11-26-at-13.10.16-1-1024x682.jpeg\" alt=\"\" class=\"wp-image-237452\" srcset=\"https:\/\/corrientesdetarde.com\/wp-content\/uploads\/2025\/11\/WhatsApp-Image-2025-11-26-at-13.10.16-1-1024x682.jpeg 1024w, https:\/\/corrientesdetarde.com\/wp-content\/uploads\/2025\/11\/WhatsApp-Image-2025-11-26-at-13.10.16-1-300x200.jpeg 300w, https:\/\/corrientesdetarde.com\/wp-content\/uploads\/2025\/11\/WhatsApp-Image-2025-11-26-at-13.10.16-1-768x512.jpeg 768w, https:\/\/corrientesdetarde.com\/wp-content\/uploads\/2025\/11\/WhatsApp-Image-2025-11-26-at-13.10.16-1.jpeg 1280w\" sizes=\"auto, (max-width: 1024px) 100vw, 1024px\" \/><\/figure>\n","protected":false},"excerpt":{"rendered":"<p>El vicegobernador Pedro Braillard Poccard recibi\u00f3 este mi\u00e9rcoles al presidente entrante del Colegio de Abogados de la Primera Circunscripci\u00f3n de Corrientes, Dr. Juan Manuel Bobadilla, quien asisti\u00f3 junto al presidente&hellip; <\/p>\n","protected":false},"author":8,"featured_media":237453,"comment_status":"closed","ping_status":"open","sticky":false,"template":"","format":"standard","meta":{"footnotes":""},"categories":[1208],"tags":[],"class_list":["post-237450","post","type-post","status-publish","format-standard","has-post-thumbnail","hentry","category-eventossociedad"],"_links":{"self":[{"href":"https:\/\/corrientesdetarde.com\/index.php\/wp-json\/wp\/v2\/posts\/237450","targetHints":{"allow":["GET"]}}],"collection":[{"href":"https:\/\/corrientesdetarde.com\/index.php\/wp-json\/wp\/v2\/posts"}],"about":[{"href":"https:\/\/corrientesdetarde.com\/index.php\/wp-json\/wp\/v2\/types\/post"}],"author":[{"embeddable":true,"href":"https:\/\/corrientesdetarde.com\/index.php\/wp-json\/wp\/v2\/users\/8"}],"replies":[{"embeddable":true,"href":"https:\/\/corrientesdetarde.com\/index.php\/wp-json\/wp\/v2\/comments?post=237450"}],"version-history":[{"count":1,"href":"https:\/\/corrientesdetarde.com\/index.php\/wp-json\/wp\/v2\/posts\/237450\/revisions"}],"predecessor-version":[{"id":237455,"href":"https:\/\/corrientesdetarde.com\/index.php\/wp-json\/wp\/v2\/posts\/237450\/revisions\/237455"}],"wp:featuredmedia":[{"embeddable":true,"href":"https:\/\/corrientesdetarde.com\/index.php\/wp-json\/wp\/v2\/media\/237453"}],"wp:attachment":[{"href":"https:\/\/corrientesdetarde.com\/index.php\/wp-json\/wp\/v2\/media?parent=237450"}],"wp:term":[{"taxonomy":"category","embeddable":true,"href":"https:\/\/corrientesdetarde.com\/index.php\/wp-json\/wp\/v2\/categories?post=237450"},{"taxonomy":"post_tag","embeddable":true,"href":"https:\/\/corrientesdetarde.com\/index.php\/wp-json\/wp\/v2\/tags?post=237450"}],"curies":[{"name":"wp","href":"https:\/\/api.w.org\/{rel}","templated":true}]}}