{"id":237456,"date":"2025-11-26T13:39:33","date_gmt":"2025-11-26T16:39:33","guid":{"rendered":"https:\/\/corrientesdetarde.com\/?p=237456"},"modified":"2025-11-26T13:39:40","modified_gmt":"2025-11-26T16:39:40","slug":"la-municipalidad-entrego-mas-de-110-millones-en-financiamiento-a-pequenos-emprendedores","status":"publish","type":"post","link":"https:\/\/corrientesdetarde.com\/index.php\/actualidad\/la-municipalidad-entrego-mas-de-110-millones-en-financiamiento-a-pequenos-emprendedores\/","title":{"rendered":"La Municipalidad entreg\u00f3 m\u00e1s de $110 millones en financiamiento a peque\u00f1os emprendedores"},"content":{"rendered":"\n<p><em>A lo largo de la gesti\u00f3n del intendente, Eduardo Tassano, la Municipalidad acompa\u00f1\u00f3 con l\u00edneas de financiamiento, espacios de comercializaci\u00f3n y herramientas de formaci\u00f3n a los peque\u00f1os productores capitalinos. Adem\u00e1s, se potenci\u00f3 el Parque Industrial Santa Catalina, generando las condiciones para que m\u00e1s de 50 empresas tengan sus lotes, y seis est\u00e9n en pleno funcionamiento.<\/em><\/p>\n\n\n\n<p>En los \u00faltimos 8 a\u00f1os, la Municipalidad de Corrientes entreg\u00f3 m\u00e1s 110 millones de pesos en financiamiento a peque\u00f1os emprendedores y logr\u00f3 que 95 puedan registrar su marca en el Instituto Nacional de la Propiedad Industrial (INPI). Adem\u00e1s, gener\u00f3 las condiciones para que 51 empresas ya cuenten con un lote en el Parque Industrial Santa Catalina.<br>&nbsp;<br>El secretario de Desarrollo Econ\u00f3mico, Francisco Ingaramo, destac\u00f3 que el acompa\u00f1amiento de la gesti\u00f3n del intendente, Eduardo Tassano, fue \u201cconstante, brindando diferentes herramientas de formaci\u00f3n y brind\u00e1ndoles espacios p\u00fablicos para que puedan mostrar lo que hacen\u201d.<br><br>Con ese objetivo, se desarrollaron distintos programas que permitieron el crecimiento de los emprendedores locales como Ferias de la Ciudad y Ciudad Dise\u00f1o, y otros de fortalecimiento como Mi Pyme, Emprender Ciudad, entre varios m\u00e1s.<br><br>PARQUE INDUSTRIAL<br><br>El funcionario destac\u00f3 el crecimiento alcanzado en el Parque Industrial Santa Catalina. Al respecto, record\u00f3 que al inicio de la gesti\u00f3n \u201csolo ten\u00eda un cartel, no ten\u00eda camino de acceso, no ten\u00eda servicios, ten\u00eda siete empresas que estaban en litigio con el municipio\u201d.<br><br>Es por ello que \u201cse trabaj\u00f3 junto al Gobierno provincial y con las empresas para que vuelvan a confiar en el Municipio y se les brind\u00f3 todos los servicios\u201d. Lo que permiti\u00f3 que 51 empresas ya tengan un lote en el predio, m\u00e1s de 10 est\u00e9n en proceso de radicaci\u00f3n y seis ya est\u00e9n funcionando.<br><br>Ingaramo indic\u00f3 adem\u00e1s que a trav\u00e9s del parque industrial \u201cno solo se gener\u00f3 empleo de calidad directa, sino todo lo que significa el empleo indirecto porque no solo son los empleados que tiene cada una de las empresas, sino la log\u00edstica, los proveedores de los materiales que utilizan las empresas para su producci\u00f3n\u201d. Y se\u00f1al\u00f3 que tambi\u00e9n se desarrollaron pasant\u00edas, donde \u201cmuchos j\u00f3venes ya fueron tomados por las empresas\u201d.<br><br>APOYO A LAS PYMES<br><br>La subsecretaria de Pymes y Emprendedores, Thea Bel\u00e1ustegui, precis\u00f3 que a lo largo de estos ocho a\u00f1os se llevaron adelante distintos \u201cprogramas, capacitaciones, financiamientos y eventos para que los correntinos muestren lo que hacen y su talento\u201d.<br><br>Se\u00f1al\u00f3 que la Municipalidad llev\u00f3 adelante \u201cel Fondo de Desarrollo Local que otorg\u00f3 m\u00e1s de 110 millones de pesos a peque\u00f1os emprendedores y a comercios de la ciudad, como as\u00ed tambi\u00e9n se brind\u00f3 todo el asesoramiento y el acompa\u00f1amiento para acceder a otro tipo de l\u00edneas de financiamiento como, por ejemplo, la del Instituto de Fomento Empresarial, del cual somos ventanilla por un convenio que firmamos en el primer a\u00f1o de gesti\u00f3n, y tambi\u00e9n el trabajo en conjunto con varios bancos\u201d.<br><br>Al respecto, precis\u00f3 que lo que se hizo fue \u201cevaluar el perfil de la persona que solicita el cr\u00e9dito y acercar las partes para que puedan acceder porque muchas veces los que quieren emprender parece no saben c\u00f3mo hacer, entonces nosotros facilitamos ese tr\u00e1mite\u201d.<br><br>EMPRENDER EN EL BARRIO<br><br>La funcionaria sostuvo que al principio de la gesti\u00f3n se visit\u00f3 a los comerciantes mediante las delegaciones barriales, ofreciendo distintas capacitaciones, \u201clos \u00edbamos a visitar uno por uno, a invitarlos a unirse al programa y all\u00ed terminaban generalmente con un curso de manipulaci\u00f3n de alimentos para que puedan obtener su carnet, aquellos que necesitaban\u201d.<br><br>Posteriormente, en una segunda edici\u00f3n del programa, se visitaron los colegios para \u201cllegar a los j\u00f3venes emprendedores\u201d. \u201cSe trabaj\u00f3 con los profesores, ellos nos dec\u00edan qu\u00e9 era lo que necesitaban o qu\u00e9 temas era mejor brindar\u201d, dijo Bel\u00e1ustegui.<br><br>J\u00d3VENES EMPRENDEDORES<br><br>Bel\u00e1ustegui precis\u00f3 que se acompa\u00f1aron diversos proyectos de j\u00f3venes emprendedores, entre los que se encuentran por ejemplo uno que realiza pr\u00f3tesis 3D para animales con discapacidad. En este caso, en un trabajo conjunto con la Facultad de Veterinaria.<br>&nbsp;<br>A su vez, destac\u00f3 el proyecto \u201cYa chipacitos\u201d, que \u201carranc\u00f3 vendiendo en el patio cervecero de la ciudad y hoy tiene seis locales, m\u00e1s de 60 puntos de venta y cada vez genera m\u00e1s empleo\u201d.<br><br>CIUDAD DE DISE\u00d1O Y REGISTRA SIMPLE<br><br>La subsecretaria cont\u00f3 que en Ciudad de Dise\u00f1o participaron m\u00e1s de 200 emprendedores, de los cuales 38 ya tienen su local propio. \u201cTodos contaron con nuestra contenci\u00f3n, apoyo y pudieron desarrollar su trabajo\u201d, dijo.<br><br>En cuanto a Registra Simple, detall\u00f3 que \u201cse lograron 95 inscripciones en INPI\u201d y se\u00f1al\u00f3 que \u201ces un tr\u00e1mite que lleva mucho tiempo, tiene su proceso, generalmente tarda casi 1 a\u00f1o, as\u00ed que se le hizo todo ese acompa\u00f1amiento a todos los emprendedores\u201d.<\/p>\n\n\n\n<p><em><a href=\"https:\/\/ciudaddecorrientes.us12.list-manage.com\/track\/click?u=253e4bcff71216c6af771c3c9&amp;id=0b76a2224c&amp;e=17643edfa8\" target=\"_blank\" rel=\"noreferrer noopener\">Nota de TV:&nbsp;<\/a>Francisco Ingaramo, secretario de Desarrollo Econ\u00f3mico y Thea Bel\u00e1ustegui, subsecretaria de Pymes y Emprendedores<\/em><\/p>\n\n\n\n<figure class=\"wp-block-image size-large\"><img loading=\"lazy\" decoding=\"async\" width=\"1024\" height=\"682\" src=\"https:\/\/corrientesdetarde.com\/wp-content\/uploads\/2025\/11\/image-735-1024x682.png\" alt=\"\" class=\"wp-image-237457\" srcset=\"https:\/\/corrientesdetarde.com\/wp-content\/uploads\/2025\/11\/image-735-1024x682.png 1024w, https:\/\/corrientesdetarde.com\/wp-content\/uploads\/2025\/11\/image-735-300x200.png 300w, https:\/\/corrientesdetarde.com\/wp-content\/uploads\/2025\/11\/image-735-768x512.png 768w, https:\/\/corrientesdetarde.com\/wp-content\/uploads\/2025\/11\/image-735.png 1280w\" sizes=\"auto, (max-width: 1024px) 100vw, 1024px\" \/><\/figure>\n\n\n\n<figure class=\"wp-block-image size-large\"><img loading=\"lazy\" decoding=\"async\" width=\"1024\" height=\"682\" src=\"https:\/\/corrientesdetarde.com\/wp-content\/uploads\/2025\/11\/image-736-1024x682.png\" alt=\"\" class=\"wp-image-237458\" srcset=\"https:\/\/corrientesdetarde.com\/wp-content\/uploads\/2025\/11\/image-736-1024x682.png 1024w, https:\/\/corrientesdetarde.com\/wp-content\/uploads\/2025\/11\/image-736-300x200.png 300w, https:\/\/corrientesdetarde.com\/wp-content\/uploads\/2025\/11\/image-736-768x512.png 768w, https:\/\/corrientesdetarde.com\/wp-content\/uploads\/2025\/11\/image-736.png 1280w\" sizes=\"auto, (max-width: 1024px) 100vw, 1024px\" \/><\/figure>\n\n\n\n<figure class=\"wp-block-image size-full\"><img loading=\"lazy\" decoding=\"async\" width=\"848\" height=\"565\" src=\"https:\/\/corrientesdetarde.com\/wp-content\/uploads\/2025\/11\/image-737.png\" alt=\"\" class=\"wp-image-237459\" srcset=\"https:\/\/corrientesdetarde.com\/wp-content\/uploads\/2025\/11\/image-737.png 848w, https:\/\/corrientesdetarde.com\/wp-content\/uploads\/2025\/11\/image-737-300x200.png 300w, https:\/\/corrientesdetarde.com\/wp-content\/uploads\/2025\/11\/image-737-768x512.png 768w\" sizes=\"auto, (max-width: 848px) 100vw, 848px\" \/><\/figure>\n\n\n\n<figure class=\"wp-block-image size-large\"><img loading=\"lazy\" decoding=\"async\" width=\"1024\" height=\"683\" src=\"https:\/\/corrientesdetarde.com\/wp-content\/uploads\/2025\/11\/image-738-1024x683.png\" alt=\"\" class=\"wp-image-237460\" srcset=\"https:\/\/corrientesdetarde.com\/wp-content\/uploads\/2025\/11\/image-738-1024x683.png 1024w, https:\/\/corrientesdetarde.com\/wp-content\/uploads\/2025\/11\/image-738-300x200.png 300w, https:\/\/corrientesdetarde.com\/wp-content\/uploads\/2025\/11\/image-738-768x512.png 768w, https:\/\/corrientesdetarde.com\/wp-content\/uploads\/2025\/11\/image-738-1536x1024.png 1536w, https:\/\/corrientesdetarde.com\/wp-content\/uploads\/2025\/11\/image-738.png 1620w\" sizes=\"auto, (max-width: 1024px) 100vw, 1024px\" \/><\/figure>\n\n\n\n<figure class=\"wp-block-image size-full\"><img loading=\"lazy\" decoding=\"async\" width=\"848\" height=\"565\" src=\"https:\/\/corrientesdetarde.com\/wp-content\/uploads\/2025\/11\/image-739.png\" alt=\"\" class=\"wp-image-237461\" srcset=\"https:\/\/corrientesdetarde.com\/wp-content\/uploads\/2025\/11\/image-739.png 848w, https:\/\/corrientesdetarde.com\/wp-content\/uploads\/2025\/11\/image-739-300x200.png 300w, https:\/\/corrientesdetarde.com\/wp-content\/uploads\/2025\/11\/image-739-768x512.png 768w\" sizes=\"auto, (max-width: 848px) 100vw, 848px\" \/><\/figure>\n\n\n\n<figure class=\"wp-block-image size-large\"><img loading=\"lazy\" decoding=\"async\" width=\"1024\" height=\"682\" src=\"https:\/\/corrientesdetarde.com\/wp-content\/uploads\/2025\/11\/image-740-1024x682.png\" alt=\"\" class=\"wp-image-237462\" srcset=\"https:\/\/corrientesdetarde.com\/wp-content\/uploads\/2025\/11\/image-740-1024x682.png 1024w, https:\/\/corrientesdetarde.com\/wp-content\/uploads\/2025\/11\/image-740-300x200.png 300w, https:\/\/corrientesdetarde.com\/wp-content\/uploads\/2025\/11\/image-740-768x512.png 768w, https:\/\/corrientesdetarde.com\/wp-content\/uploads\/2025\/11\/image-740.png 1280w\" sizes=\"auto, (max-width: 1024px) 100vw, 1024px\" \/><\/figure>\n\n\n\n<figure class=\"wp-block-image size-full\"><img loading=\"lazy\" decoding=\"async\" width=\"848\" height=\"565\" src=\"https:\/\/corrientesdetarde.com\/wp-content\/uploads\/2025\/11\/image-741.png\" alt=\"\" class=\"wp-image-237463\" srcset=\"https:\/\/corrientesdetarde.com\/wp-content\/uploads\/2025\/11\/image-741.png 848w, https:\/\/corrientesdetarde.com\/wp-content\/uploads\/2025\/11\/image-741-300x200.png 300w, https:\/\/corrientesdetarde.com\/wp-content\/uploads\/2025\/11\/image-741-768x512.png 768w\" sizes=\"auto, (max-width: 848px) 100vw, 848px\" \/><\/figure>\n\n\n\n<figure class=\"wp-block-image size-full\"><img loading=\"lazy\" decoding=\"async\" width=\"848\" height=\"565\" src=\"https:\/\/corrientesdetarde.com\/wp-content\/uploads\/2025\/11\/image-742.png\" alt=\"\" class=\"wp-image-237464\" srcset=\"https:\/\/corrientesdetarde.com\/wp-content\/uploads\/2025\/11\/image-742.png 848w, https:\/\/corrientesdetarde.com\/wp-content\/uploads\/2025\/11\/image-742-300x200.png 300w, https:\/\/corrientesdetarde.com\/wp-content\/uploads\/2025\/11\/image-742-768x512.png 768w\" sizes=\"auto, (max-width: 848px) 100vw, 848px\" \/><\/figure>\n","protected":false},"excerpt":{"rendered":"<p>A lo largo de la gesti\u00f3n del intendente, Eduardo Tassano, la Municipalidad acompa\u00f1\u00f3 con l\u00edneas de financiamiento, espacios de comercializaci\u00f3n y herramientas de formaci\u00f3n a los peque\u00f1os productores capitalinos. Adem\u00e1s,&hellip; <\/p>\n","protected":false},"author":8,"featured_media":237457,"comment_status":"closed","ping_status":"open","sticky":false,"template":"","format":"standard","meta":{"footnotes":""},"categories":[23],"tags":[],"class_list":["post-237456","post","type-post","status-publish","format-standard","has-post-thumbnail","hentry","category-actualidad"],"_links":{"self":[{"href":"https:\/\/corrientesdetarde.com\/index.php\/wp-json\/wp\/v2\/posts\/237456","targetHints":{"allow":["GET"]}}],"collection":[{"href":"https:\/\/corrientesdetarde.com\/index.php\/wp-json\/wp\/v2\/posts"}],"about":[{"href":"https:\/\/corrientesdetarde.com\/index.php\/wp-json\/wp\/v2\/types\/post"}],"author":[{"embeddable":true,"href":"https:\/\/corrientesdetarde.com\/index.php\/wp-json\/wp\/v2\/users\/8"}],"replies":[{"embeddable":true,"href":"https:\/\/corrientesdetarde.com\/index.php\/wp-json\/wp\/v2\/comments?post=237456"}],"version-history":[{"count":1,"href":"https:\/\/corrientesdetarde.com\/index.php\/wp-json\/wp\/v2\/posts\/237456\/revisions"}],"predecessor-version":[{"id":237465,"href":"https:\/\/corrientesdetarde.com\/index.php\/wp-json\/wp\/v2\/posts\/237456\/revisions\/237465"}],"wp:featuredmedia":[{"embeddable":true,"href":"https:\/\/corrientesdetarde.com\/index.php\/wp-json\/wp\/v2\/media\/237457"}],"wp:attachment":[{"href":"https:\/\/corrientesdetarde.com\/index.php\/wp-json\/wp\/v2\/media?parent=237456"}],"wp:term":[{"taxonomy":"category","embeddable":true,"href":"https:\/\/corrientesdetarde.com\/index.php\/wp-json\/wp\/v2\/categories?post=237456"},{"taxonomy":"post_tag","embeddable":true,"href":"https:\/\/corrientesdetarde.com\/index.php\/wp-json\/wp\/v2\/tags?post=237456"}],"curies":[{"name":"wp","href":"https:\/\/api.w.org\/{rel}","templated":true}]}}