{"id":237472,"date":"2025-11-26T14:39:22","date_gmt":"2025-11-26T17:39:22","guid":{"rendered":"https:\/\/corrientesdetarde.com\/?p=237472"},"modified":"2025-11-26T14:39:28","modified_gmt":"2025-11-26T17:39:28","slug":"presentacion-del-libro-de-mi-abuelo-a-mi-de-miguel-angel-lorente","status":"publish","type":"post","link":"https:\/\/corrientesdetarde.com\/index.php\/eventossociedad\/presentacion-del-libro-de-mi-abuelo-a-mi-de-miguel-angel-lorente\/","title":{"rendered":"Presentaci\u00f3n del libro \u201cDe mi abuelo a mi\u201d de Miguel \u00c1ngel Lorente"},"content":{"rendered":"\n<p>CICLO ESCRITORES CORRENTINOS<\/p>\n\n\n\n<p>El Vicegobernador de la Provincia, Pedro Braillard Poccard, invita a la comunidad a participar del lanzamiento de un nuevo encuentro del Ciclo de Escritores Correntinos, que se realizar\u00e1 el mi\u00e9rcoles 26 de noviembre a las 19 horas en el Recinto de Sesiones de la Legislatura provincial.<\/p>\n\n\n\n<p>En esta oportunidad, se presentar\u00e1 el libro \u201cDe mi abuelo a m\u00ed historias de sangre y camino, la magia del viaje\u201d del escritor Miguel \u00c1ngel Lorente, donde narra la vida de su abuelo espa\u00f1ol venido desde Oran principal puerto del Norte de \u00c1frica en la Argelia colonial francesa en 1907 en situaciones adversas. As\u00ed como su abuelo, \u00e9l a sus 22 a\u00f1os viaj\u00f3 en busca de su pasado. Este libro es el relato de ambos.<\/p>\n\n\n\n<p>La actividad est\u00e1 coordinada por la profesora Silvia Pozo.<\/p>\n\n\n\n<figure class=\"wp-block-image size-large\"><img loading=\"lazy\" decoding=\"async\" width=\"1024\" height=\"1024\" src=\"https:\/\/corrientesdetarde.com\/wp-content\/uploads\/2025\/11\/WhatsApp-Image-2025-11-26-at-13.10.15-1-1024x1024.jpeg\" alt=\"\" class=\"wp-image-237473\" srcset=\"https:\/\/corrientesdetarde.com\/wp-content\/uploads\/2025\/11\/WhatsApp-Image-2025-11-26-at-13.10.15-1-1024x1024.jpeg 1024w, https:\/\/corrientesdetarde.com\/wp-content\/uploads\/2025\/11\/WhatsApp-Image-2025-11-26-at-13.10.15-1-300x300.jpeg 300w, https:\/\/corrientesdetarde.com\/wp-content\/uploads\/2025\/11\/WhatsApp-Image-2025-11-26-at-13.10.15-1-150x150.jpeg 150w, https:\/\/corrientesdetarde.com\/wp-content\/uploads\/2025\/11\/WhatsApp-Image-2025-11-26-at-13.10.15-1-768x768.jpeg 768w, https:\/\/corrientesdetarde.com\/wp-content\/uploads\/2025\/11\/WhatsApp-Image-2025-11-26-at-13.10.15-1.jpeg 1080w\" sizes=\"auto, (max-width: 1024px) 100vw, 1024px\" \/><\/figure>\n","protected":false},"excerpt":{"rendered":"<p>CICLO ESCRITORES CORRENTINOS El Vicegobernador de la Provincia, Pedro Braillard Poccard, invita a la comunidad a participar del lanzamiento de un nuevo encuentro del Ciclo de Escritores Correntinos, que se&hellip; <\/p>\n","protected":false},"author":8,"featured_media":237473,"comment_status":"closed","ping_status":"open","sticky":false,"template":"","format":"standard","meta":{"footnotes":""},"categories":[1208],"tags":[],"class_list":["post-237472","post","type-post","status-publish","format-standard","has-post-thumbnail","hentry","category-eventossociedad"],"_links":{"self":[{"href":"https:\/\/corrientesdetarde.com\/index.php\/wp-json\/wp\/v2\/posts\/237472","targetHints":{"allow":["GET"]}}],"collection":[{"href":"https:\/\/corrientesdetarde.com\/index.php\/wp-json\/wp\/v2\/posts"}],"about":[{"href":"https:\/\/corrientesdetarde.com\/index.php\/wp-json\/wp\/v2\/types\/post"}],"author":[{"embeddable":true,"href":"https:\/\/corrientesdetarde.com\/index.php\/wp-json\/wp\/v2\/users\/8"}],"replies":[{"embeddable":true,"href":"https:\/\/corrientesdetarde.com\/index.php\/wp-json\/wp\/v2\/comments?post=237472"}],"version-history":[{"count":1,"href":"https:\/\/corrientesdetarde.com\/index.php\/wp-json\/wp\/v2\/posts\/237472\/revisions"}],"predecessor-version":[{"id":237474,"href":"https:\/\/corrientesdetarde.com\/index.php\/wp-json\/wp\/v2\/posts\/237472\/revisions\/237474"}],"wp:featuredmedia":[{"embeddable":true,"href":"https:\/\/corrientesdetarde.com\/index.php\/wp-json\/wp\/v2\/media\/237473"}],"wp:attachment":[{"href":"https:\/\/corrientesdetarde.com\/index.php\/wp-json\/wp\/v2\/media?parent=237472"}],"wp:term":[{"taxonomy":"category","embeddable":true,"href":"https:\/\/corrientesdetarde.com\/index.php\/wp-json\/wp\/v2\/categories?post=237472"},{"taxonomy":"post_tag","embeddable":true,"href":"https:\/\/corrientesdetarde.com\/index.php\/wp-json\/wp\/v2\/tags?post=237472"}],"curies":[{"name":"wp","href":"https:\/\/api.w.org\/{rel}","templated":true}]}}