{"id":237475,"date":"2025-11-26T14:41:28","date_gmt":"2025-11-26T17:41:28","guid":{"rendered":"https:\/\/corrientesdetarde.com\/?p=237475"},"modified":"2025-11-26T14:41:40","modified_gmt":"2025-11-26T17:41:40","slug":"cuenta-regresiva-para-el-concierto-de-lucas-sugo-en-el-teatro-vera","status":"publish","type":"post","link":"https:\/\/corrientesdetarde.com\/index.php\/cultura\/cuenta-regresiva-para-el-concierto-de-lucas-sugo-en-el-teatro-vera\/","title":{"rendered":"Cuenta regresiva para el concierto de Lucas Sugo en el Teatro Vera"},"content":{"rendered":"\n<p>El cantante y compositor uruguayo Lucas Sugo, \u00edcono de la m\u00fasica tropical y rom\u00e1ntica del R\u00edo de la Plata, sigue emocionando a miles de fan\u00e1ticos en cada escenario que pisa. Con una carrera art\u00edstica de m\u00e1s de 30 a\u00f1os y \u00e9xitos que marcaron generaciones y en el marco de una gira, llega al Teatro Vera en formato \u00edntimo el s\u00e1bado 5 de diciembre a las 22. Las entradas se consiguen en&nbsp;<a href=\"https:\/\/4ue34.r.a.d.sendibm1.com\/mk\/cl\/f\/sh\/6rqJfgq8dINmNvd2HB7mP7OK8Ju\/xqrYb3uIc7Of\" target=\"_blank\" rel=\"noreferrer noopener\">weepas.ar<\/a>&nbsp;y en boleter\u00eda del teatro<\/p>\n\n\n\n<p>En el marco de una gira que recorre Argentina, Bolivia, Paraguay, Chile y Europa, Lucas Sugo llega al Vera en formato \u00edntimo. \u201cCinco minutos\u201d, \u201cNudo en la garganta\u201d y \u201cHechicera\u201d, son algunos de los temas que sonar\u00e1n en vivo en el coliseo correntino de la mano de Sugo, qui\u00e9n aborda con maestr\u00eda la guitarra y el piano, consolid\u00e1ndose tambi\u00e9n como compositor. Su estilo fusiona influencias de la plena uruguaya y el pop latino, con una impronta \u00fanica en la cumbia rom\u00e1ntica, siempre acompa\u00f1ado por su poderosa voz de tenor.<\/p>\n\n\n\n<p><strong>Lucas Sugo<\/strong><\/p>\n\n\n\n<p>Nacido en Tacuaremb\u00f3, Uruguay, Lucas Sugo se traslad\u00f3 a temprana edad a la ciudad de Rivera, donde comenz\u00f3 a forjar su v\u00ednculo con la m\u00fasica. A los 8 a\u00f1os inici\u00f3 sus estudios en la Escuela de M\u00fasica \u201cEduardo Fabini\u201d, y luego profundiz\u00f3 su formaci\u00f3n en el Conservatorio Am\u00e9rica y en el Conservatorio Melody, donde egres\u00f3 como profesor de guitarra, piano y canto.<\/p>\n\n\n\n<p>Su carrera profesional comenz\u00f3 a los 14 a\u00f1os, y en 2002 dio un paso trascendental al integrarse al grupo \u201cSonido Profesional\u201d, donde alcanz\u00f3 gran popularidad en la regi\u00f3n. Tras una d\u00e9cada con la banda, en 2012 inici\u00f3 su camino como solista y en 2013 lanz\u00f3 el tema que marcar\u00eda un antes y un despu\u00e9s en su carrera: \u201cCinco minutos\u201d. Esta canci\u00f3n lo catapult\u00f3 a la fama internacional, conquistando escenarios en Am\u00e9rica Latina, Estados Unidos y Espa\u00f1a.<\/p>\n\n\n\n<p>Con una voz inconfundible y un estilo que fusiona lo rom\u00e1ntico, lo tropical y lo latino, Lucas Sugo se convirti\u00f3 en una de las figuras m\u00e1s queridas de la m\u00fasica del R\u00edo de la Plata. Su carrera combina talento art\u00edstico, formaci\u00f3n acad\u00e9mica y un profundo compromiso emocional con su p\u00fablico. A lo largo de los a\u00f1os, ha cosechado premios, distinciones y millones de seguidores que lo acompa\u00f1an en cada paso. Su presencia en medios, su cercan\u00eda con la gente y su capacidad para reinventarse, hacen de Lucas Sugo un artista completo y aut\u00e9ntico.<\/p>\n\n\n\n<p>Ha recibido numerosos premios, entre ellos, 4 Premios Graffiti, Premio Carlos Gardel, Premio Charr\u00faa, Marco de Plata y de Oro, Premio Batov\u00ed y el Premio Manuel Oribe. En 2016, fue declarado Ciudadano Ilustre del departamento de Rivera, recibiendo adem\u00e1s la llave de la ciudad. En 2017, obtuvo el Bot\u00f3n de Plata de YouTube por el impacto de su canal oficial. Sus discos han sido r\u00e9cords de venta, alcanzando certificaciones de Disco de Oro y Platino.<\/p>\n\n\n\n<p>Lucas condujo el exitoso ciclo &#8220;A solas con Lucas&#8221; (Canal 4, horario central), en el que entrevist\u00f3 a destacadas figuras como Luciano Pereyra, Ivete Sangalo, entre otros. En 2022 y 2023, se consagr\u00f3 como uno de los coaches m\u00e1s queridos y carism\u00e1ticos de \u201cLa Voz Uruguay\u201d, el exitoso programa de talentos emitido por Canal 10. Su participaci\u00f3n fue clave en el desarrollo art\u00edstico de nuevos talentos, demostrando no solo su conocimiento t\u00e9cnico y musical, sino tambi\u00e9n su calidez humana y compromiso con las nuevas generaciones.<\/p>\n\n\n\n<p>Ha compartido escenario y estudio con grandes referentes de la m\u00fasica latina como Valeria Lynch, El Chaque\u00f1o Palavecino, Jorge Rojas, Pepe Guerra, Angela Leiva, Luana, Los Alonsitos, Larbanois &amp; Carrero, La Konga, Axel, Alex Ubago, entre otros.<\/p>\n\n\n\n<p><strong>Entradas<\/strong><\/p>\n\n\n\n<p>A la venta en&nbsp;<a href=\"https:\/\/4ue34.r.a.d.sendibm1.com\/mk\/cl\/f\/sh\/6rqJfgq8dIPRQNvBlUXKKiWFlcw\/vu8NyaqciqGL\" target=\"_blank\" rel=\"noreferrer noopener\">weepas.ar<\/a>&nbsp;y en boleter\u00eda del teatro, San Juan 637, de lunes a s\u00e1bados de 9 a 13 y de 17 a 21. Para clientes del BanCo con tarjetas de cr\u00e9dito Visa, acceden a un tope de reintegro del 20% y hasta en 3 cuotas sin inter\u00e9s<\/p>\n","protected":false},"excerpt":{"rendered":"<p>El cantante y compositor uruguayo Lucas Sugo, \u00edcono de la m\u00fasica tropical y rom\u00e1ntica del R\u00edo de la Plata, sigue emocionando a miles de fan\u00e1ticos en cada escenario que pisa.&hellip; <\/p>\n","protected":false},"author":8,"featured_media":237476,"comment_status":"closed","ping_status":"open","sticky":false,"template":"","format":"standard","meta":{"footnotes":""},"categories":[15],"tags":[],"class_list":["post-237475","post","type-post","status-publish","format-standard","has-post-thumbnail","hentry","category-cultura"],"_links":{"self":[{"href":"https:\/\/corrientesdetarde.com\/index.php\/wp-json\/wp\/v2\/posts\/237475","targetHints":{"allow":["GET"]}}],"collection":[{"href":"https:\/\/corrientesdetarde.com\/index.php\/wp-json\/wp\/v2\/posts"}],"about":[{"href":"https:\/\/corrientesdetarde.com\/index.php\/wp-json\/wp\/v2\/types\/post"}],"author":[{"embeddable":true,"href":"https:\/\/corrientesdetarde.com\/index.php\/wp-json\/wp\/v2\/users\/8"}],"replies":[{"embeddable":true,"href":"https:\/\/corrientesdetarde.com\/index.php\/wp-json\/wp\/v2\/comments?post=237475"}],"version-history":[{"count":1,"href":"https:\/\/corrientesdetarde.com\/index.php\/wp-json\/wp\/v2\/posts\/237475\/revisions"}],"predecessor-version":[{"id":237477,"href":"https:\/\/corrientesdetarde.com\/index.php\/wp-json\/wp\/v2\/posts\/237475\/revisions\/237477"}],"wp:featuredmedia":[{"embeddable":true,"href":"https:\/\/corrientesdetarde.com\/index.php\/wp-json\/wp\/v2\/media\/237476"}],"wp:attachment":[{"href":"https:\/\/corrientesdetarde.com\/index.php\/wp-json\/wp\/v2\/media?parent=237475"}],"wp:term":[{"taxonomy":"category","embeddable":true,"href":"https:\/\/corrientesdetarde.com\/index.php\/wp-json\/wp\/v2\/categories?post=237475"},{"taxonomy":"post_tag","embeddable":true,"href":"https:\/\/corrientesdetarde.com\/index.php\/wp-json\/wp\/v2\/tags?post=237475"}],"curies":[{"name":"wp","href":"https:\/\/api.w.org\/{rel}","templated":true}]}}