{"id":237478,"date":"2025-11-26T14:45:19","date_gmt":"2025-11-26T17:45:19","guid":{"rendered":"https:\/\/corrientesdetarde.com\/?p=237478"},"modified":"2025-11-26T14:45:31","modified_gmt":"2025-11-26T17:45:31","slug":"el-consejo-de-mayo-adelantara-para-el-9-de-diciembre-el-informe-final-de-los-proyectos-que-impulsa-milei","status":"publish","type":"post","link":"https:\/\/corrientesdetarde.com\/index.php\/nacionales\/el-consejo-de-mayo-adelantara-para-el-9-de-diciembre-el-informe-final-de-los-proyectos-que-impulsa-milei\/","title":{"rendered":"El Consejo de Mayo adelantar\u00e1 para el 9 de diciembre el informe final de los proyectos que impulsa Milei"},"content":{"rendered":"\n<p>Tras el \u00faltimo encuentro en Casa Rosada, sus integrantes definieron dar a conocer las propuestas antes del comienzo del per\u00edodo extraordinario. Cu\u00e1les son los t\u00edtulos que tendr\u00e1 la modernizaci\u00f3n laboral.<a href=\"https:\/\/tn.com.ar\/autor\/Josefina-Godoy-Martinez\/\"><\/a><\/p>\n\n\n\n<p>El <strong>Consejo de Mayo\u00a0<\/strong>adelantar\u00e1 la presentaci\u00f3n del informe final del organismo\u00a0<strong>al 9 de diciembre.\u00a0<\/strong>Hasta ahora, se esperaba que el documento se diera a conocer el 15 de diciembre, pero se aceler\u00f3 para\u00a0<strong>darlo a conocer antes de las\u00a0sesiones extraordinarias.<\/strong><\/p>\n\n\n\n<p>De esta manera, el organismo consultor presentar\u00e1 la letra chica de los principales proyectos que figuran en el<strong>&nbsp;Pacto de Mayo<\/strong>. Entre ellos, aparecen&nbsp;<strong>la reforma laboral y la tributaria.<\/strong><\/p>\n\n\n\n<p>En ese informe se espera ver los detalles de la modernizaci\u00f3n laboral que el Gobierno quiere tratar en extraordinarias. Seg\u00fan fuentes que integran el Consejo, la idea es que los puntos que se den a conocer -sobre este tema y los dem\u00e1s-,<strong>&nbsp;tengan el consenso mayoritario de todos los actores involucrados.<\/strong><\/p>\n\n\n\n<p>M\u00e1s all\u00e1 de eso,\u00a0accedi\u00f3 a los t\u00edtulos que tendr\u00eda la modernizaci\u00f3n laboral que quiere el Gobierno. Ellos son:\u00a0<strong>ultraactividad, relaci\u00f3n de los convenios, carga fiscal, financiamiento de sindicatos y c\u00e1maras, derechos colectivos, derechos de trabajo individual, trabajadores aut\u00f3nomos, democracia sindical y delegaciones varias.<\/strong><\/p>\n\n\n\n<p>En este contexto, fuentes oficiales consultadas deslizaron que -ante las quejas de la CGT- la intenci\u00f3n de la reforma laboral no es quitar derechos: \u201cPeor derecho quitado que el que tiene empleo informal no hay ninguno\u201d. Y sumaron:&nbsp;<strong>\u201cNunca es para atr\u00e1s, los derechos que ya se tienen, ya est\u00e1n\u201d.<\/strong><\/p>\n\n\n\n<p>No obstante, a\u00fan hay mucho hermetismo sobre c\u00f3mo ser\u00e1 la totalidad del proyecto. Pero, desde el Consejo de Mayo deslizaron que m\u00e1s de un integrante estar\u00eda de acuerdo con&nbsp;<strong>\u201cterminar con la industria del juicio y el carancheo\u201d.<\/strong><\/p>\n\n\n\n<h2 class=\"wp-block-heading\">C\u00f3mo continuar\u00e1 el esquema del Consejo de Mayo<\/h2>\n\n\n\n<p>\u201cAdelantamos al 9 de diciembre la presentaci\u00f3n de los proyectos. El 9 sacaremos pulido casi todo lo que hemos presentado y&nbsp;<strong>por lo menos habr\u00e1 un producto del trabajo que hicimos durante todo el a\u00f1o<\/strong>\u201d, indic\u00f3 Cristian Ritondo, integrante del Consejo, a la salida de la reuni\u00f3n.<\/p>\n\n\n\n<p>Y agreg\u00f3: \u201cHay acuerdo en la estructura (de lo que va a presentar el organismo),&nbsp;<strong>hay que discutir lo fino.<\/strong>&nbsp;La estructura es lo que pensamos sobre cada t\u00edtulo que presentaremos.&nbsp;<strong>Ahora cada uno dio a conocer sus propuestas y al final del camino seguro estar\u00e1 la impronta del Ejecutivo en el documento\u201d.<\/strong><\/p>\n\n\n\n<p>En este contexto,<strong>&nbsp;se espera que haya una \u00faltima reuni\u00f3n del Consejo de Mayo antes de la presentaci\u00f3n del informe,<\/strong>&nbsp;para aprobar de manera definitiva el texto.<\/p>\n\n\n\n<p>Con el Consejo de Mayo, el Ejecutivo da a conocer, antes de que se debatan en el Congreso, distintas medidas que busca impulsar en esta segunda etapa de gesti\u00f3n. De esta manera,<strong>&nbsp;se asegura de obtener consensos y apoyos de varios sectores antes de llegar al recinto.<\/strong><\/p>\n\n\n\n<p>En sesiones extraordinarias tambi\u00e9n se tratar\u00edan el&nbsp;<strong>Presupuesto 2026, la Ley de Responsabilidad Fiscal, de Perd\u00f3n Fiscal, la modificaci\u00f3n de la Ley de Glaciares y el nuevo C\u00f3digo Penal.<\/strong>&nbsp;Algunas de ellas quedar\u00edan para febrero, ya que en el Gobierno sostienen que en diciembre no se llegar\u00e1n a debatir en su totalidad.<\/p>\n\n\n\n<p><\/p>\n","protected":false},"excerpt":{"rendered":"<p>Tras el \u00faltimo encuentro en Casa Rosada, sus integrantes definieron dar a conocer las propuestas antes del comienzo del per\u00edodo extraordinario. Cu\u00e1les son los t\u00edtulos que tendr\u00e1 la modernizaci\u00f3n laboral.&hellip; <\/p>\n","protected":false},"author":8,"featured_media":237479,"comment_status":"closed","ping_status":"open","sticky":false,"template":"","format":"standard","meta":{"footnotes":""},"categories":[10],"tags":[],"class_list":["post-237478","post","type-post","status-publish","format-standard","has-post-thumbnail","hentry","category-nacionales"],"_links":{"self":[{"href":"https:\/\/corrientesdetarde.com\/index.php\/wp-json\/wp\/v2\/posts\/237478","targetHints":{"allow":["GET"]}}],"collection":[{"href":"https:\/\/corrientesdetarde.com\/index.php\/wp-json\/wp\/v2\/posts"}],"about":[{"href":"https:\/\/corrientesdetarde.com\/index.php\/wp-json\/wp\/v2\/types\/post"}],"author":[{"embeddable":true,"href":"https:\/\/corrientesdetarde.com\/index.php\/wp-json\/wp\/v2\/users\/8"}],"replies":[{"embeddable":true,"href":"https:\/\/corrientesdetarde.com\/index.php\/wp-json\/wp\/v2\/comments?post=237478"}],"version-history":[{"count":1,"href":"https:\/\/corrientesdetarde.com\/index.php\/wp-json\/wp\/v2\/posts\/237478\/revisions"}],"predecessor-version":[{"id":237480,"href":"https:\/\/corrientesdetarde.com\/index.php\/wp-json\/wp\/v2\/posts\/237478\/revisions\/237480"}],"wp:featuredmedia":[{"embeddable":true,"href":"https:\/\/corrientesdetarde.com\/index.php\/wp-json\/wp\/v2\/media\/237479"}],"wp:attachment":[{"href":"https:\/\/corrientesdetarde.com\/index.php\/wp-json\/wp\/v2\/media?parent=237478"}],"wp:term":[{"taxonomy":"category","embeddable":true,"href":"https:\/\/corrientesdetarde.com\/index.php\/wp-json\/wp\/v2\/categories?post=237478"},{"taxonomy":"post_tag","embeddable":true,"href":"https:\/\/corrientesdetarde.com\/index.php\/wp-json\/wp\/v2\/tags?post=237478"}],"curies":[{"name":"wp","href":"https:\/\/api.w.org\/{rel}","templated":true}]}}