{"id":237481,"date":"2025-11-26T14:47:53","date_gmt":"2025-11-26T17:47:53","guid":{"rendered":"https:\/\/corrientesdetarde.com\/?p=237481"},"modified":"2025-11-26T14:48:01","modified_gmt":"2025-11-26T17:48:01","slug":"se-reune-el-consejo-que-define-la-suba-del-salario-minimo-la-ultima-actualizacion-se-hizo-en-agosto","status":"publish","type":"post","link":"https:\/\/corrientesdetarde.com\/index.php\/economia\/se-reune-el-consejo-que-define-la-suba-del-salario-minimo-la-ultima-actualizacion-se-hizo-en-agosto\/","title":{"rendered":"Se re\u00fane el Consejo que define la suba del salario m\u00ednimo: la \u00faltima actualizaci\u00f3n se hizo en agosto"},"content":{"rendered":"\n<p>Sindicatos y organizaciones sociales marchan a la Secretar\u00eda de Trabajo para exigir un piso que iguale a la Canasta B\u00e1sica Total y la actualizaci\u00f3n de programas. Las propuestas de la CGT, CTA y los empresarios.<\/p>\n\n\n\n<p>Con un\u00a0<strong>salario m\u00ednimo\u00a0<\/strong>que permanece inamovible desde agosto, el\u00a0<strong>Consejo Nacional del Empleo, la Productividad y el Salario M\u00ednimo Vital y M\u00f3vil\u00a0<\/strong>retoma su actividad en un escenario marcado por el reclamo sindical ante la p\u00e9rdida de poder adquisitivo, el aumento de la conflictividad social y la resistencia del sector privado. El encuentro inici\u00f3 este mi\u00e9rcoles a las 12.30.<\/p>\n\n\n\n<p>La convocatoria oficial lleg\u00f3 despu\u00e9s de<strong>\u00a0seis meses sin reuniones<\/strong>\u00a0y con una\u00a0<strong>p\u00e9rdida de ingresos que<\/strong>, seg\u00fan los c\u00e1lculos difundidos por las centrales sindicales,\u00a0<strong>supera el 30% real\u00a0<\/strong>desde la llegada de\u00a0<strong>Javier Milei\u00a0<\/strong>a la Casa Rosada.<\/p>\n\n\n\n<p>En paralelo a la deliberaci\u00f3n del Consejo,<strong>&nbsp;sindicatos, movimientos piqueteros y organizaciones de la econom\u00eda popular se movilizan frente a la Secretar\u00eda de Trabajo<\/strong>. Se da bajo la consigna de que el salario m\u00ednimo alcance el valor de la Canasta B\u00e1sica Total para una familia ($1.213.799, valor a octubre, seg\u00fan el Indec) y con un pliego de demandas que incluye la reactivaci\u00f3n de programas sociales, un bono de fin de a\u00f1o y el reconocimiento del trabajo socio-comunitario.<\/p>\n\n\n\n<p>La movilizaci\u00f3n se inscribe en una serie de protestas que comenzaron a mediados de mes y que, seg\u00fan anticipan los convocantes, se extender\u00e1n durante todo diciembre. El deterioro de ingresos, el estancamiento de los programas y la decisi\u00f3n del Gobierno de sostener la modalidad virtual en el Consejo alimentan un&nbsp;<strong>clima de tensi\u00f3n<\/strong>&nbsp;creciente.<\/p>\n\n\n\n<h2 class=\"wp-block-heading\">Que exigen los sindicatos<\/h2>\n\n\n\n<p><strong>El haber m\u00ednimo permanece en $322.200 desde agosto&nbsp;<\/strong>para quienes cumplen una jornada laboral de 48 horas semanales, mientras que para los trabajadores&nbsp;<strong>jornalizados<\/strong>&nbsp;el piso es de&nbsp;<strong>$1610 por hora.<\/strong>&nbsp;<strong>La actualizaci\u00f3n<\/strong>&nbsp;que rige desde hace cuatro meses&nbsp;<strong>no logr\u00f3 superar la inflaci\u00f3n acumulada<\/strong>, lo que profundiz\u00f3 la ca\u00edda real del ingreso y dej\u00f3 al salario b\u00e1sico por debajo del nivel de 2001, seg\u00fan c\u00e1lculos sindicales. Tambi\u00e9n se ubic\u00f3 como el m\u00e1s bajo de la regi\u00f3n medido en d\u00f3lares.<\/p>\n\n\n\n<p>Este atraso tiene un<strong>&nbsp;impacto directo en las prestaciones sociales que dependen del Salario M\u00ednimo, Vital y M\u00f3vil<\/strong>&nbsp;para su c\u00e1lculo. A la par, las organizaciones sindicales denuncian que los programas de trabajo y acompa\u00f1amiento social est\u00e1n congelados y que cualquier modificaci\u00f3n a la movilidad prevista en el Presupuesto 2026 agravar\u00eda a\u00fan m\u00e1s la situaci\u00f3n.<\/p>\n\n\n\n<figure class=\"wp-block-image\"><img decoding=\"async\" src=\"https:\/\/tn.com.ar\/resizer\/v2\/la-ultima-vez-que-se-reunio-el-consejo-del-salario-fue-en-abril-foto-cta-a-ISTZBBBFYRF4PARTKF3QELGFDY.jpg?auth=7d5f02c528abe3a0918593cbbfd684f13cabaa6984af587a929404af8735ce3d&amp;width=767\" alt=\"La \u00faltima vez que se reuni\u00f3 el Consejo del Salario fue en abril (Foto: CTA-A).\"\/><\/figure>\n\n\n\n<p>Pero adem\u00e1s, el<strong>&nbsp;salario m\u00ednimo sirve como par\u00e1metro para los trabajadores informales<\/strong>, por eso su impacto es mucho m\u00e1s amplio que lo que tiene que ver con lo formal.<\/p>\n\n\n\n<p>Este mi\u00e9rcoles, desde la CGT pidieron por una remuneraci\u00f3n b\u00e1sica de<strong>&nbsp;$512.000<\/strong>&nbsp;y que llegue a<strong>&nbsp;$553.000<\/strong>&nbsp;en abril. La propuesta de la central obrera coincidi\u00f3 con la de CTA de los Trabajadores. En tanto, desde la CTA Aut\u00f3noma, exigen un piso es m\u00e1s elevado,&nbsp;<strong>$736.000<\/strong>.<\/p>\n\n\n\n<p>No obstante, los empresarios ofrecieron que el b\u00e1sico suba de $322.000 a&nbsp;<strong>$326.000<\/strong>&nbsp;para fin de a\u00f1o y pase a $349.000 en abril. Resta conocer la decisi\u00f3n que tomar\u00e1 el Gobierno.<\/p>\n\n\n\n<p>Antes del llamado a la mesa de negociaci\u00f3n, las dos CTA enviaron una carta formal al secretario de Trabajo,&nbsp;<strong>Julio Cordero<\/strong>, en la que&nbsp;<strong>reclamaron una canasta \u201cobjetiva\u201d<\/strong>&nbsp;que sirva como par\u00e1metro para fijar el salario b\u00e1sico. Tambi\u00e9n&nbsp;<strong>cuestionaron la continuidad de las sesiones virtuales<\/strong>, heredadas de la etapa de pandemia, porque consideran que limitan la transparencia y obstaculizan la din\u00e1mica de negociaci\u00f3n entre trabajadores y empleadores.<\/p>\n\n\n\n<h2 class=\"wp-block-heading\">Movilizaci\u00f3n sindical y social<\/h2>\n\n\n\n<p>Los principales referentes de la&nbsp;<strong>econom\u00eda popular<\/strong>&nbsp;sostienen que el valor actual del&nbsp;<strong>salario m\u00ednimo volvi\u00f3 inviable la vida cotidiana de los trabajadores informales<\/strong>,&nbsp;<strong>cooperativistas&nbsp;<\/strong>y quienes sostienen espacios de cuidado o&nbsp;<strong>comedores comunitarios<\/strong>. En ese universo, el Salario Social Complementario -que qued\u00f3 en $78.000- es se\u00f1alado como un ingreso \u201cpulverizado\u201d frente al aumento de precios.<\/p>\n\n\n\n<p>Bajo esa premisa,<strong>&nbsp;este mi\u00e9rcoles reclaman en el marco del Consejo del Salario<\/strong>.&nbsp;<strong>La UTEP, las dos CTA, Territorios en Lucha y el Frente Barrial<\/strong>&nbsp;encabezan la concentraci\u00f3n&nbsp;<strong>desde las 11 en la sede de Trabajo.<\/strong>&nbsp;Se organizan bajo la consigna de que el salario m\u00ednimo debe igualar la&nbsp;<strong>Canasta B\u00e1sica Total,<\/strong>&nbsp;hoy estimada por el INDEC en<strong>&nbsp;m\u00e1s de $1,2 millones&nbsp;<\/strong>para una familia integrada por dos adultos y dos chicos.<\/p>\n\n\n\n<p>Adem\u00e1s del reclamo salarial, las organizaciones insisten en que el Gobierno debe otorgar un<strong>&nbsp;bono de fin de a\u00f1o<\/strong>&nbsp;y&nbsp;<strong>actualizar los programas sociales<\/strong>. Se\u00f1alan que la pol\u00edtica oficial deterior\u00f3 el tejido social y advierten que diciembre ser\u00e1 un mes atravesado por nuevas protestas, asambleas y movilizaciones en todo el pa\u00eds.<\/p>\n","protected":false},"excerpt":{"rendered":"<p>Sindicatos y organizaciones sociales marchan a la Secretar\u00eda de Trabajo para exigir un piso que iguale a la Canasta B\u00e1sica Total y la actualizaci\u00f3n de programas. Las propuestas de la&hellip; <\/p>\n","protected":false},"author":8,"featured_media":237482,"comment_status":"closed","ping_status":"open","sticky":false,"template":"","format":"standard","meta":{"footnotes":""},"categories":[20],"tags":[],"class_list":["post-237481","post","type-post","status-publish","format-standard","has-post-thumbnail","hentry","category-economia"],"_links":{"self":[{"href":"https:\/\/corrientesdetarde.com\/index.php\/wp-json\/wp\/v2\/posts\/237481","targetHints":{"allow":["GET"]}}],"collection":[{"href":"https:\/\/corrientesdetarde.com\/index.php\/wp-json\/wp\/v2\/posts"}],"about":[{"href":"https:\/\/corrientesdetarde.com\/index.php\/wp-json\/wp\/v2\/types\/post"}],"author":[{"embeddable":true,"href":"https:\/\/corrientesdetarde.com\/index.php\/wp-json\/wp\/v2\/users\/8"}],"replies":[{"embeddable":true,"href":"https:\/\/corrientesdetarde.com\/index.php\/wp-json\/wp\/v2\/comments?post=237481"}],"version-history":[{"count":1,"href":"https:\/\/corrientesdetarde.com\/index.php\/wp-json\/wp\/v2\/posts\/237481\/revisions"}],"predecessor-version":[{"id":237483,"href":"https:\/\/corrientesdetarde.com\/index.php\/wp-json\/wp\/v2\/posts\/237481\/revisions\/237483"}],"wp:featuredmedia":[{"embeddable":true,"href":"https:\/\/corrientesdetarde.com\/index.php\/wp-json\/wp\/v2\/media\/237482"}],"wp:attachment":[{"href":"https:\/\/corrientesdetarde.com\/index.php\/wp-json\/wp\/v2\/media?parent=237481"}],"wp:term":[{"taxonomy":"category","embeddable":true,"href":"https:\/\/corrientesdetarde.com\/index.php\/wp-json\/wp\/v2\/categories?post=237481"},{"taxonomy":"post_tag","embeddable":true,"href":"https:\/\/corrientesdetarde.com\/index.php\/wp-json\/wp\/v2\/tags?post=237481"}],"curies":[{"name":"wp","href":"https:\/\/api.w.org\/{rel}","templated":true}]}}