{"id":237487,"date":"2025-11-26T15:29:59","date_gmt":"2025-11-26T18:29:59","guid":{"rendered":"https:\/\/corrientesdetarde.com\/?p=237487"},"modified":"2025-11-26T15:30:07","modified_gmt":"2025-11-26T18:30:07","slug":"cumbre-en-la-rosada-milei-relanza-el-gabinete-con-la-presentacion-de-los-nuevos-ministros-de-seguridad-y-defensa","status":"publish","type":"post","link":"https:\/\/corrientesdetarde.com\/index.php\/politica\/cumbre-en-la-rosada-milei-relanza-el-gabinete-con-la-presentacion-de-los-nuevos-ministros-de-seguridad-y-defensa\/","title":{"rendered":"Cumbre en la Rosada: Milei relanza el Gabinete con la presentaci\u00f3n de los nuevos ministros de Seguridad y Defensa"},"content":{"rendered":"\n<p>Con la presentaci\u00f3n de los nuevos ministros de&nbsp;<strong>Seguridad&nbsp;<\/strong>y&nbsp;<strong>Defensa<\/strong>, el Presidente encabez\u00f3 una nueva reuni\u00f3n de&nbsp;<strong>Gabinete.<\/strong><\/p>\n\n\n\n<p><strong>Javier Milei&nbsp;<\/strong>form\u00f3 parte de un nuevo encuentro con los titulares de las distintas carteras, en lo que fue la primera reuni\u00f3n de Gabinete de&nbsp;<strong>Manuel Adorni<\/strong>&nbsp;al frente del \u00e1rea.<\/p>\n\n\n\n<p>Finalizado el encuentro, tendr\u00e1 lugar el&nbsp;<strong>Consejo de Mayo,&nbsp;<\/strong>que tiene como uno de los principales objetivos de este \u00faltimo encuentro ser\u00e1 definir los detalles sobre el proyecto de<strong>&nbsp;reforma laboral.<\/strong><\/p>\n","protected":false},"excerpt":{"rendered":"<p>Con la presentaci\u00f3n de los nuevos ministros de&nbsp;Seguridad&nbsp;y&nbsp;Defensa, el Presidente encabez\u00f3 una nueva reuni\u00f3n de&nbsp;Gabinete. Javier Milei&nbsp;form\u00f3 parte de un nuevo encuentro con los titulares de las distintas carteras, en&hellip; <\/p>\n","protected":false},"author":8,"featured_media":237488,"comment_status":"closed","ping_status":"open","sticky":false,"template":"","format":"standard","meta":{"footnotes":""},"categories":[3],"tags":[],"class_list":["post-237487","post","type-post","status-publish","format-standard","has-post-thumbnail","hentry","category-politica"],"_links":{"self":[{"href":"https:\/\/corrientesdetarde.com\/index.php\/wp-json\/wp\/v2\/posts\/237487","targetHints":{"allow":["GET"]}}],"collection":[{"href":"https:\/\/corrientesdetarde.com\/index.php\/wp-json\/wp\/v2\/posts"}],"about":[{"href":"https:\/\/corrientesdetarde.com\/index.php\/wp-json\/wp\/v2\/types\/post"}],"author":[{"embeddable":true,"href":"https:\/\/corrientesdetarde.com\/index.php\/wp-json\/wp\/v2\/users\/8"}],"replies":[{"embeddable":true,"href":"https:\/\/corrientesdetarde.com\/index.php\/wp-json\/wp\/v2\/comments?post=237487"}],"version-history":[{"count":1,"href":"https:\/\/corrientesdetarde.com\/index.php\/wp-json\/wp\/v2\/posts\/237487\/revisions"}],"predecessor-version":[{"id":237489,"href":"https:\/\/corrientesdetarde.com\/index.php\/wp-json\/wp\/v2\/posts\/237487\/revisions\/237489"}],"wp:featuredmedia":[{"embeddable":true,"href":"https:\/\/corrientesdetarde.com\/index.php\/wp-json\/wp\/v2\/media\/237488"}],"wp:attachment":[{"href":"https:\/\/corrientesdetarde.com\/index.php\/wp-json\/wp\/v2\/media?parent=237487"}],"wp:term":[{"taxonomy":"category","embeddable":true,"href":"https:\/\/corrientesdetarde.com\/index.php\/wp-json\/wp\/v2\/categories?post=237487"},{"taxonomy":"post_tag","embeddable":true,"href":"https:\/\/corrientesdetarde.com\/index.php\/wp-json\/wp\/v2\/tags?post=237487"}],"curies":[{"name":"wp","href":"https:\/\/api.w.org\/{rel}","templated":true}]}}