{"id":237490,"date":"2025-11-26T15:36:59","date_gmt":"2025-11-26T18:36:59","guid":{"rendered":"https:\/\/corrientesdetarde.com\/?p=237490"},"modified":"2025-11-26T15:40:35","modified_gmt":"2025-11-26T18:40:35","slug":"angeles-ayala-y-fiorela-mendez-competiran-en-el-selectivo-nacional-de-remo-en-tigre","status":"publish","type":"post","link":"https:\/\/corrientesdetarde.com\/index.php\/deportes\/angeles-ayala-y-fiorela-mendez-competiran-en-el-selectivo-nacional-de-remo-en-tigre\/","title":{"rendered":"\u00c1ngeles Ayala y Fiorela M\u00e9ndez competir\u00e1n en el Selectivo Nacional de Remo en Tigre"},"content":{"rendered":"\n<p>El secretario de Deportes, Jorge Terrile, recibi\u00f3 este mi\u00e9rcoles a las atletas correntinas \u00c1ngeles Ayala (categor\u00eda junior) y Fiorela M\u00e9ndez (sub23), quienes viajar\u00e1n este fin de semana a la provincia de Buenos Aires para participar en el Torneo Selectivo Nacional de Remo.<\/p>\n\n\n\n<p>El evento se llevar\u00e1 a cabo en la pista nacional de Tigre, donde se disputar\u00e1n las pruebas en la modalidad single. Durante el encuentro, el Secretario de Deportes expres\u00f3 su apoyo y felicitaciones a las j\u00f3venes deportistas, destacando el esfuerzo y la dedicaci\u00f3n que han demostrado en su preparaci\u00f3n.<\/p>\n\n\n\n<p>&nbsp;\u201c\u00c1ngeles y Fiorela representan con orgullo a Corrientes en este selectivo, y su participaci\u00f3n es un reflejo del trabajo que venimos realizando desde el Gobierno de la Provincia para apoyar a nuestros atletas en su camino hacia el alto rendimiento\u201d, afirm\u00f3 Terrile.<\/p>\n\n\n\n<p>El objetivo de las atletas es posicionarse entre las 10 mejores en sus respectivas categor\u00edas para as\u00ed asegurar un lugar en el plantel nacional y estar preparadas para futuras competencias internacionales.<\/p>\n\n\n\n<p>\u00c1ngeles Ayala competir\u00e1 en la categor\u00eda junior, mientras que Fiorela M\u00e9ndez lo har\u00e1 en la categor\u00eda sub23. Ambas remeras se han destacado por su disciplina y compromiso.<\/p>\n\n\n\n<p>Este apoyo a las j\u00f3venes atletas se enmarca dentro de las pol\u00edticas deportivas impulsadas por el Gobierno de la Provincia de Corrientes, que tiene como objetivo el fomento y desarrollo del deporte en todas sus disciplinas, as\u00ed como la inclusi\u00f3n de los j\u00f3venes en competiciones de alto rendimiento.<\/p>\n\n\n\n<p>La gesti\u00f3n del Gobernador Gustavo Vald\u00e9s, ha destinado recursos y acompa\u00f1amiento a los deportistas, reconociendo al deporte como una herramienta clave para el bienestar y la integraci\u00f3n social.<\/p>\n","protected":false},"excerpt":{"rendered":"<p>El secretario de Deportes, Jorge Terrile, recibi\u00f3 este mi\u00e9rcoles a las atletas correntinas \u00c1ngeles Ayala (categor\u00eda junior) y Fiorela M\u00e9ndez (sub23), quienes viajar\u00e1n este fin de semana a la provincia&hellip; <\/p>\n","protected":false},"author":8,"featured_media":237491,"comment_status":"closed","ping_status":"open","sticky":false,"template":"","format":"standard","meta":{"footnotes":""},"categories":[4],"tags":[],"class_list":["post-237490","post","type-post","status-publish","format-standard","has-post-thumbnail","hentry","category-deportes"],"_links":{"self":[{"href":"https:\/\/corrientesdetarde.com\/index.php\/wp-json\/wp\/v2\/posts\/237490","targetHints":{"allow":["GET"]}}],"collection":[{"href":"https:\/\/corrientesdetarde.com\/index.php\/wp-json\/wp\/v2\/posts"}],"about":[{"href":"https:\/\/corrientesdetarde.com\/index.php\/wp-json\/wp\/v2\/types\/post"}],"author":[{"embeddable":true,"href":"https:\/\/corrientesdetarde.com\/index.php\/wp-json\/wp\/v2\/users\/8"}],"replies":[{"embeddable":true,"href":"https:\/\/corrientesdetarde.com\/index.php\/wp-json\/wp\/v2\/comments?post=237490"}],"version-history":[{"count":2,"href":"https:\/\/corrientesdetarde.com\/index.php\/wp-json\/wp\/v2\/posts\/237490\/revisions"}],"predecessor-version":[{"id":237494,"href":"https:\/\/corrientesdetarde.com\/index.php\/wp-json\/wp\/v2\/posts\/237490\/revisions\/237494"}],"wp:featuredmedia":[{"embeddable":true,"href":"https:\/\/corrientesdetarde.com\/index.php\/wp-json\/wp\/v2\/media\/237491"}],"wp:attachment":[{"href":"https:\/\/corrientesdetarde.com\/index.php\/wp-json\/wp\/v2\/media?parent=237490"}],"wp:term":[{"taxonomy":"category","embeddable":true,"href":"https:\/\/corrientesdetarde.com\/index.php\/wp-json\/wp\/v2\/categories?post=237490"},{"taxonomy":"post_tag","embeddable":true,"href":"https:\/\/corrientesdetarde.com\/index.php\/wp-json\/wp\/v2\/tags?post=237490"}],"curies":[{"name":"wp","href":"https:\/\/api.w.org\/{rel}","templated":true}]}}