{"id":237504,"date":"2025-11-26T16:02:15","date_gmt":"2025-11-26T19:02:15","guid":{"rendered":"https:\/\/corrientesdetarde.com\/?p=237504"},"modified":"2025-11-26T16:02:27","modified_gmt":"2025-11-26T19:02:27","slug":"al-menos-tres-muertos-en-un-nuevo-operativo-policial-contra-el-narcotrafico-en-una-favela-de-rio-de-janeiro","status":"publish","type":"post","link":"https:\/\/corrientesdetarde.com\/index.php\/internacionales\/al-menos-tres-muertos-en-un-nuevo-operativo-policial-contra-el-narcotrafico-en-una-favela-de-rio-de-janeiro\/","title":{"rendered":"Al menos tres muertos en un nuevo operativo policial contra el narcotr\u00e1fico en una favela de R\u00edo de Janeiro"},"content":{"rendered":"\n<p>Un ni\u00f1o result\u00f3 herido por una bala perdida. El hecho ocurri\u00f3 a casi un mes de la matanza de m\u00e1s de 120 supuestos delincuentes en la zona norte de la ciudad.<\/p>\n\n\n\n<p>A casi un mes del\u00a0mayor operativo de la historia contra el narcotr\u00e1fico en R\u00edo de Janeiro\u00a0que culmin\u00f3 con m\u00e1s de 120 muertos, la Polic\u00eda Civil carioca realiz\u00f3 una nueva ofensiva contra los grupos criminales con un balance de al menos tres muertos y un ni\u00f1o de 12 a\u00f1os herido de bala mientras se hallaba en el patio de una escuela municipal.<\/p>\n\n\n\n<p>Esta vez el operativo, de mucho menor escala que el realizado el 28 de octubre en los complejos de Penha y Alem\u00e3o,<em>&nbsp;d<\/em>os populosos conjuntos de favelas de Rio, se llev\u00f3 a cabo en llamado Complexo da Mar\u00e9, en la zona norte de la ciudad.<\/p>\n\n\n\n<p>Un aula de la Universidad Federal de R\u00edo de Janeiro (UFRJ) qued\u00f3 con marcas de balas perdidas, seg\u00fan el portal Estadao. Las clases fueron suspendidas.<\/p>\n\n\n\n<h2 class=\"wp-block-heading\">C\u00f3mo fue el nuevo operativo contra el narcotr\u00e1fico en R\u00edo<\/h2>\n\n\n\n<p>Seg\u00fan la prensa local, el sector de inteligencia de la Polic\u00eda Civil carioca identific\u00f3 a narcotraficantes fuertemente armados en Mar\u00e9 que planeaban invadir una comunidad rival.<\/p>\n\n\n\n<p>El operativo se llev\u00f3 adelante para evitar un enfrentamiento entre narcotraficantes que podr\u00eda haber causado numerosas v\u00edctimas, dijo la polic\u00eda.<\/p>\n\n\n\n<figure class=\"wp-block-image\"><img decoding=\"async\" src=\"https:\/\/tn.com.ar\/resizer\/v2\/tres-supuestos-narcos-fueron-abatidos-por-la-policia-en-rio-de-janeiro-foto-cortesiasbtestadao-ZKEBGSMMDVCHNIQ2MZ3ML2YVMU.jpg?auth=32895261656e9f2eea5e015d4f3091e98f8a7db3ec1ec3f86340694f7f1c1ca3&amp;width=767\" alt=\"Tres supuestos narcos fueron abatidos por la polic\u00eda en R\u00edo de Janeiro (Foto: Cortes\u00eda\/SBT\/Estadao)\"\/><\/figure>\n\n\n\n<p>Los tres muertos, seg\u00fan el reporte oficial,<strong>&nbsp;eran guardaespaldas del l\u00edder de una facci\u00f3n criminal<\/strong>. Un hombre fue arrestado y se incautaron dos rifles y pistolas, inform\u00f3&nbsp;<em>Estadao<\/em>.<\/p>\n\n\n\n<p>En el tiroteo, un alumno de sexto grado de un colegio municipal fue herido en una pierna al ser impactado por una bala perdida.<\/p>\n\n\n\n<p>El chico, de la Escuela H\u00e9lio Smidt, participaba en una actividad al aire libre para su clase de Ciencias. \u201cEl estudiante fue atendido r\u00e1pidamente por el personal de la escuela y trasladado a la Cl\u00ednica Familiar Mar\u00e9, donde recibi\u00f3 tratamiento inicial y le retiraron el proyectil\u201d, informaron autoridades locales. Se encuentra fuera de peligro.<\/p>\n\n\n\n<p>El operativo ocurri\u00f3 a casi un mes de la matanza perpetrada en los complejos de Penha y Alem\u00e3o, el 28 de octubre, cuando decenas de efectivos policiales irrumpieron en esas barriadas de la zona norte de R\u00edo y mataron a m\u00e1s de 120 supuestos narcotraficantes.<\/p>\n","protected":false},"excerpt":{"rendered":"<p>Un ni\u00f1o result\u00f3 herido por una bala perdida. El hecho ocurri\u00f3 a casi un mes de la matanza de m\u00e1s de 120 supuestos delincuentes en la zona norte de la&hellip; <\/p>\n","protected":false},"author":8,"featured_media":237507,"comment_status":"closed","ping_status":"open","sticky":false,"template":"","format":"standard","meta":{"footnotes":""},"categories":[26,11],"tags":[],"class_list":["post-237504","post","type-post","status-publish","format-standard","has-post-thumbnail","hentry","category-destacados","category-internacionales"],"_links":{"self":[{"href":"https:\/\/corrientesdetarde.com\/index.php\/wp-json\/wp\/v2\/posts\/237504","targetHints":{"allow":["GET"]}}],"collection":[{"href":"https:\/\/corrientesdetarde.com\/index.php\/wp-json\/wp\/v2\/posts"}],"about":[{"href":"https:\/\/corrientesdetarde.com\/index.php\/wp-json\/wp\/v2\/types\/post"}],"author":[{"embeddable":true,"href":"https:\/\/corrientesdetarde.com\/index.php\/wp-json\/wp\/v2\/users\/8"}],"replies":[{"embeddable":true,"href":"https:\/\/corrientesdetarde.com\/index.php\/wp-json\/wp\/v2\/comments?post=237504"}],"version-history":[{"count":1,"href":"https:\/\/corrientesdetarde.com\/index.php\/wp-json\/wp\/v2\/posts\/237504\/revisions"}],"predecessor-version":[{"id":237508,"href":"https:\/\/corrientesdetarde.com\/index.php\/wp-json\/wp\/v2\/posts\/237504\/revisions\/237508"}],"wp:featuredmedia":[{"embeddable":true,"href":"https:\/\/corrientesdetarde.com\/index.php\/wp-json\/wp\/v2\/media\/237507"}],"wp:attachment":[{"href":"https:\/\/corrientesdetarde.com\/index.php\/wp-json\/wp\/v2\/media?parent=237504"}],"wp:term":[{"taxonomy":"category","embeddable":true,"href":"https:\/\/corrientesdetarde.com\/index.php\/wp-json\/wp\/v2\/categories?post=237504"},{"taxonomy":"post_tag","embeddable":true,"href":"https:\/\/corrientesdetarde.com\/index.php\/wp-json\/wp\/v2\/tags?post=237504"}],"curies":[{"name":"wp","href":"https:\/\/api.w.org\/{rel}","templated":true}]}}