{"id":237583,"date":"2025-11-27T08:01:06","date_gmt":"2025-11-27T11:01:06","guid":{"rendered":"https:\/\/corrientesdetarde.com\/?p=237583"},"modified":"2025-11-27T08:01:08","modified_gmt":"2025-11-27T11:01:08","slug":"diputados-sanciono-la-ley-de-sistema-de-justicia-procesal-juvenil","status":"publish","type":"post","link":"https:\/\/corrientesdetarde.com\/index.php\/actualidad\/diputados-sanciono-la-ley-de-sistema-de-justicia-procesal-juvenil\/","title":{"rendered":"Diputados sancion\u00f3 la Ley de Sistema de Justicia Procesal Juvenil"},"content":{"rendered":"\n<p>Por unanimidad, el cuerpo convirti\u00f3 en ley la creaci\u00f3n de un fuero para menores de 18 a\u00f1os con perspectiva restaurativa. Adem\u00e1s, modific\u00f3 el Estatuto del Empleado P\u00fablico y estableci\u00f3 una libreta escolar sanitaria. Saludaron a quienes culminaron su mandato.<\/p>\n\n\n\n<p>En su \u00faltima sesi\u00f3n ordinaria, la C\u00e1mara de Diputados por unanimidad insisti\u00f3 con la sanci\u00f3n del Sistema de Justicia Procesal Juvenil que crea un fuero espec\u00edfico para menores de 18 a\u00f1os en conflicto con la ley penal. Adem\u00e1s, convirti\u00f3 en ley la Libreta de Salud Escolar y la modificaci\u00f3n del Estatuto del Empleado P\u00fablico Provincial. Hubo una emotiva despedida a los diputados que cumplieron su mandato.<\/p>\n\n\n\n<p>El cuerpo convirti\u00f3 en ley la creaci\u00f3n del fuero penal del sistema de justicia juvenil y su procedimiento de actuaci\u00f3n en el \u00e1mbito del Poder Judicial, el que estar\u00e1 integrado por los \u00f3rganos espec\u00edficos y especializados que intervendr\u00e1n en la investigaci\u00f3n penal preparatoria, juzgamiento, revisi\u00f3n y ejecuci\u00f3n de la sanci\u00f3n penal. La norma, que pas\u00f3 para su promulgaci\u00f3n, se aplicar\u00e1 a todas las personas menores de 18 a\u00f1os que est\u00e9n en conflicto con la ley penal y que no corresponda a una jurisdicci\u00f3n federal.<\/p>\n\n\n\n<p>Con la ley, se busca el ejercicio pleno de los derechos y garant\u00edas del debido proceso de los menores de 18, que tendr\u00e1 como eje principal la finalidad socioeducativa y restaurativa del sistema de justicia juvenil. En la misma rigen principios y tratados internacionales, nacionales y provinciales.<\/p>\n\n\n\n<p>El proyecto data de 2019 en el marco de diversas propuestas de modernizaci\u00f3n de c\u00f3digos procesales. Participaron en las rondas de consultas, legisladores, instituciones y actores que entienden de la tem\u00e1tica. Su redacci\u00f3n estuvo a cargo de una comisi\u00f3n especial.<\/p>\n\n\n\n<p>El 30 de noviembre de 2022, el cuerpo dio media sanci\u00f3n a la iniciativa. En el Senado, sin embargo, modificaron el expediente original, por lo que volvi\u00f3 a la c\u00e1mara de origen que ayer, finalmente sancion\u00f3 la ley. &#8220;Insistimos con el primer texto porque prioriza los derechos de los j\u00f3venes, porque no podemos permitir que sean absorbidos por sistemas para adultos&#8221;, fundament\u00f3 en el recinto la presidente de la Comisi\u00f3n de Asuntos Constitucionales Luc\u00eda Centuri\u00f3n (ELI).<\/p>\n\n\n\n<p>&#8220;Este enfoque, que da prioridad a la protecci\u00f3n de los derechos del joven, se complementa con una perspectiva restaurativa&#8221;, indic\u00f3 la diputada. &#8220;Insistimos en la redacci\u00f3n original porque el proyecto cumple acabadamente con un enfoque especializado y restaurativo. Cumple con el principio de especialidad y especificidad&#8221;, asever\u00f3 Centuri\u00f3n. La v\u00edctima, a su vez, tendr\u00e1 un rol sustancial ya que, si as\u00ed lo desea, podr\u00e1 intervenir en el proceso como querella.<\/p>\n\n\n\n<p>Entre las disposiciones transitorias la norma dispone la creaci\u00f3n de los cargos de jueces en lo Penal Juvenil en Corrientes, Goya, Mercedes, Paso de los Libres y Santo Tom\u00e9. Tambi\u00e9n, crea la Oficina de Justicia Restaurativa dentro del \u00e1mbito de la Oficina Judicial. Tendr\u00e1 como principal funci\u00f3n el seguimiento de las medidas ordenadas en los procesos penales juveniles.<\/p>\n\n\n\n<p>En una sesi\u00f3n que se extendi\u00f3 por casi tres horas, la C\u00e1mara baja convirti\u00f3 en ley el proyecto de Libreta de Salud Escolar que establece en el \u00e1mbito de la provincia la obligaci\u00f3n de garantizar las pol\u00edticas orientadas a la promoci\u00f3n y desarrollo de la Salud Escolar Integral. El documento contar\u00e1 con toda la informaci\u00f3n referida a la salud de los alumnos de los niveles inicial, primario y secundario tanto de establecimientos p\u00fablicos como privados.<\/p>\n\n\n\n<p>Los legisladores aprobaron sobre tablas la declaraci\u00f3n de Personalidad Destacada a la cantante de m\u00fasica litorale\u00f1a Ofelia Leiva, de autor\u00eda de los diputados Ariel B\u00e1ez (CiCo) y de los liberales Eduardo Hardoy y Any Pereyra. Adem\u00e1s, declararon Monumento Natural Provincial al sapito de colores (Melanophyniscus Cupreuscapularis).<\/p>\n\n\n\n<p>El cuerpo sancion\u00f3 la creaci\u00f3n el Colegio de Profesionales de Enfermer\u00eda de la Provincia de Corrientes, impulsado por el bloque de la UCR del Senado. Tambi\u00e9n sobre tablas, Diputados convirti\u00f3 en ley la modificaci\u00f3n del Estatuto del Empleado P\u00fablico de la Provincia de Corrientes que regula la modalidad de trabajo remoto. Se trata de una iniciativa presentada por los senadores radicales Noel Breard, Henry Fick, Sergio Flinta y Diego Pellegrini.<\/p>\n\n\n\n<h2 class=\"wp-block-heading\">Despedida<\/h2>\n\n\n\n<p>Al finalizar la reuni\u00f3n de tablas, el cuerpo despidi\u00f3 con emotivas palabras a los diputados salientes. La legisladora Adriana Vidal Dom\u00ednguez dedic\u00f3 c\u00e1lidos versos en octos\u00edlabos para los legisladores. Cumplen mandato Germ\u00e1n Braillard (Frente Renovador), Luc\u00eda Centuri\u00f3n (ELI), Horacio Pozo (ELI), Walter Ch\u00e1vez (UCR), A\u00edda D\u00edaz (Nuevo Pa\u00eds), Eugenia Mancini (CAP), Bel\u00e9n Martino (PJ).<\/p>\n\n\n\n<figure class=\"wp-block-image\"><img decoding=\"async\" src=\"https:\/\/www.diarioepoca.com\/content\/bucket\/6\/1461176w380h264c.jpg.webp\" alt=\"\"\/><\/figure>\n\n\n\n<p>Tambi\u00e9n, finalizan su per\u00edodo Any Pereyra (PL), Ariel B\u00e1ez (CiCo), Jos\u00e9 Romero Brisco (PA) y Luis Calomarde (UCR). Si bien culminan mandato, contin\u00faan Edgardo Ben\u00edtez (Uni\u00f3n Popular), Albana Rotela (PP), Andrea Giotta (UCR) y Jacinto Branz (PANU). Deja su banca la diputada del Partido Autonomista, Silvia Galarza, quien asumir\u00e1 en el Senado de la Provincia tras haber sido electa el 31 de agosto. Ingresa en su lugar, una legisladora de la UCR.<\/p>\n\n\n\n<figure class=\"wp-block-image\"><img decoding=\"async\" src=\"https:\/\/www.diarioepoca.com\/content\/bucket\/7\/1461177w380h264c.jpg.webp\" alt=\"\"\/><\/figure>\n\n\n\n<p>&#8220;Termino mi mandato con mucha gratitud y con el compromiso de seguir trabajando desde el di\u00e1logo, desde la construcci\u00f3n colectiva que hace a la democracia&#8221;, expres\u00f3 Martino. La diputada A\u00edda, por su parte, destac\u00f3 la calidad humana de los trabajadores de la C\u00e1mara. Pereyra destac\u00f3 &#8220;el armado de un sistema jur\u00eddico y un plexo de normas concatenadas. Lo que tarda generaciones con un cambio de paradigma, lo ha hecho esta c\u00e1mara con esta conformaci\u00f3n&#8221;.<\/p>\n\n\n\n<p>&#8220;Nunca alcanza el tiempo cuando uno tiene la convicci\u00f3n de tomar la pol\u00edtica como servicio&#8221;, expres\u00f3 Centuri\u00f3n. &#8220;Desde el lugar que me toque voy a estar trabajando&#8221;, sostuvo.<\/p>\n","protected":false},"excerpt":{"rendered":"<p>Por unanimidad, el cuerpo convirti\u00f3 en ley la creaci\u00f3n de un fuero para menores de 18 a\u00f1os con perspectiva restaurativa. Adem\u00e1s, modific\u00f3 el Estatuto del Empleado P\u00fablico y estableci\u00f3 una&hellip; <\/p>\n","protected":false},"author":3,"featured_media":237588,"comment_status":"closed","ping_status":"open","sticky":false,"template":"","format":"standard","meta":{"footnotes":""},"categories":[23],"tags":[],"class_list":["post-237583","post","type-post","status-publish","format-standard","has-post-thumbnail","hentry","category-actualidad"],"_links":{"self":[{"href":"https:\/\/corrientesdetarde.com\/index.php\/wp-json\/wp\/v2\/posts\/237583","targetHints":{"allow":["GET"]}}],"collection":[{"href":"https:\/\/corrientesdetarde.com\/index.php\/wp-json\/wp\/v2\/posts"}],"about":[{"href":"https:\/\/corrientesdetarde.com\/index.php\/wp-json\/wp\/v2\/types\/post"}],"author":[{"embeddable":true,"href":"https:\/\/corrientesdetarde.com\/index.php\/wp-json\/wp\/v2\/users\/3"}],"replies":[{"embeddable":true,"href":"https:\/\/corrientesdetarde.com\/index.php\/wp-json\/wp\/v2\/comments?post=237583"}],"version-history":[{"count":1,"href":"https:\/\/corrientesdetarde.com\/index.php\/wp-json\/wp\/v2\/posts\/237583\/revisions"}],"predecessor-version":[{"id":237589,"href":"https:\/\/corrientesdetarde.com\/index.php\/wp-json\/wp\/v2\/posts\/237583\/revisions\/237589"}],"wp:featuredmedia":[{"embeddable":true,"href":"https:\/\/corrientesdetarde.com\/index.php\/wp-json\/wp\/v2\/media\/237588"}],"wp:attachment":[{"href":"https:\/\/corrientesdetarde.com\/index.php\/wp-json\/wp\/v2\/media?parent=237583"}],"wp:term":[{"taxonomy":"category","embeddable":true,"href":"https:\/\/corrientesdetarde.com\/index.php\/wp-json\/wp\/v2\/categories?post=237583"},{"taxonomy":"post_tag","embeddable":true,"href":"https:\/\/corrientesdetarde.com\/index.php\/wp-json\/wp\/v2\/tags?post=237583"}],"curies":[{"name":"wp","href":"https:\/\/api.w.org\/{rel}","templated":true}]}}