{"id":237585,"date":"2025-11-27T08:03:24","date_gmt":"2025-11-27T11:03:24","guid":{"rendered":"https:\/\/corrientesdetarde.com\/?p=237585"},"modified":"2025-11-27T08:03:30","modified_gmt":"2025-11-27T11:03:30","slug":"los-alonsitos-con-una-presentacion-historica-lanzaron-su-pena-aniversario","status":"publish","type":"post","link":"https:\/\/corrientesdetarde.com\/index.php\/destacados\/los-alonsitos-con-una-presentacion-historica-lanzaron-su-pena-aniversario\/","title":{"rendered":"Los Alonsitos, con una presentaci\u00f3n hist\u00f3rica, lanzaron su pe\u00f1a aniversario"},"content":{"rendered":"\n<p>No falt\u00f3 nada. Un marco maravilloso junto al r\u00edo Paran\u00e1, clima ideal, artistas de lujo y un ambiente agradable, la Costanera Sur se visti\u00f3 de lujo para el lanzamiento de la 20\u00aa Pe\u00f1a de los Alonsitos en el marco de sus 40 a\u00f1os de trayectoria. El atardecer de ayer reuni\u00f3 a L\u00e1zaro Caballero, Los de Imaguar\u00e9, Hern\u00e1n Arias, Los Bofill y Mauri y El Arranke, quienes acompa\u00f1aron a los protagonistas en este destacado lanzamiento pe\u00f1ero.<\/p>\n\n\n\n<p>&#8220;Estamos felices, fue un encuentro de amigos, de pasi\u00f3n y de recuerdos&#8221;, expres\u00f3 a \u00e9poca Ariel B\u00e1ez que junto a Marco Roselli Majul (con ausencia Marcelo que se encuentra de viaje), forma parte del grupo fundacional de Los Alonsitos. El fastuoso predio de la PIB\u0097 fue el lugar acertado para esta presentaci\u00f3n especial, en la que los referentes dieron detalles del megaevento que preparan para el 11, 12 y 13 de diciembre en el m\u00edtico Club Hurac\u00e1n con una destacada grilla de artistas nacionales y regionales.<\/p>\n\n\n\n<p>&#8220;Cada a\u00f1o buscamos superarnos, en esta edici\u00f3n ampliamos la capacidad de predio donde el club Hurac\u00e1n, un lugar de muchas emociones para nosotros, nos permite ampliar la capacidad y ofrecer mucha m\u00e1s comodidad y espacios para disfrutar&#8221;, expres\u00f3 B\u00e1ez, en di\u00e1logo con \u00e9poca. El evento de lanzamiento, donde se ofreci\u00f3 un lunch especial para la prensa regional y un convite musical para los presentes, cont\u00f3 con la presencia de los principales n\u00fameros de la pe\u00f1a.<\/p>\n\n\n\n<p>Uno de los m\u00e1s esperados fue L\u00e1zaro Caballero que viaj\u00f3 especialmente. &#8220;Para compartir este momento emotivo con mis amigos de Los Alonsitos, no me quer\u00eda perder este momento&#8221;, explic\u00f3 a \u00e9poca. Se sumaron Los de Imaguar\u00e9, Hern\u00e1n Arias, Chingoli Bofill y Mauri de El Arranke, entre otros artistas que se sumar\u00e1n al evento. Adem\u00e1s, la grilla propondr\u00e1 n\u00fameros de la talla de Jorge Rojas, El Chaque\u00f1o Palavecino, Los Rancheros, Ambo\u00e9 y muchos m\u00e1s.<\/p>\n\n\n\n<figure class=\"wp-block-image\"><img decoding=\"async\" src=\"https:\/\/www.diarioepoca.com\/content\/bucket\/0\/1461170w380h231c.jpg.webp\" alt=\"\"\/><figcaption class=\"wp-element-caption\">TODOS LOS ARTISTAS CANTARON JUNTOS EN EL FINAL DE LA CONFERENCIA.<\/figcaption><\/figure>\n\n\n\n<p>Con evidente emoci\u00f3n, Caballero refiri\u00f3 que es un honor poder compartir esta pe\u00f1a porque es un festival que tiene como identidad la amistad. &#8220;Son tres d\u00edas de fiesta full, estoy feliz de poder ser parte, me encantar\u00eda estarlo otros d\u00edas, pero bueno, tenemos otros compromisos&#8221;, dijo el m\u00fasico formose\u00f1o y a\u00f1adi\u00f3 &#8220;estoy muy agradecidos con los amigos (Los Alonsitos) por tenernos en cuenta para este hermoso encuentro y por su gran amistad&#8221;, explic\u00f3 el m\u00fasico folclorista.<\/p>\n\n\n\n<p>Por su parte, la presencia de JUlio C\u00e1ceres le marco el prestigio y reconocimiento que tiene esta pe\u00f1a no s\u00f3lo a nivel regional sino como un evento de referencia nacional. &#8220;Para nosotros Los de Imaguar\u00e9 es una alegr\u00eda poder compartir nuevamente este escenario de la pe\u00f1a de Los Alonsitos&#8221;, coment\u00f3 Julio que estuvo acompa\u00f1ado de su hijo Nicol\u00e1s C\u00e1ceres. A esto agreg\u00f3 que &#8220;los recuerdos a ellos creciendo y estando siempre cerca de los escenarios, as\u00ed que no es novedad que estos cuarenta a\u00f1os se los vea as\u00ed renovado, con la sonrisa siempre dispuesta, y videntes. Es un es una suerte que tengamos en nuestra regi\u00f3n, m\u00fasicos y personas de estas caracter\u00edsticas&#8221;, agreg\u00f3 el fundador de Los de Imaguar\u00e9.<\/p>\n\n\n\n<p>Por su parte, el hijo del compositor de Loreto, Chingoli expres\u00f3 que se acerc\u00f3 junto a su papa Mario Bofill, que quer\u00eda acompa\u00f1ar a sus amigos de Los Alonsitos, pero no pudo quedarse mucho tiempo. &#8220;Vinimos con pap\u00e1, pas\u00f3 por ac\u00e1 para dejar su bendici\u00f3n, los \u00e9xitos de siempre. Tengo una foto de Marito filmando cuando los Alonsitos eran chicos, que emociona&#8221;, expres\u00f3.<\/p>\n","protected":false},"excerpt":{"rendered":"<p>No falt\u00f3 nada. Un marco maravilloso junto al r\u00edo Paran\u00e1, clima ideal, artistas de lujo y un ambiente agradable, la Costanera Sur se visti\u00f3 de lujo para el lanzamiento de&hellip; <\/p>\n","protected":false},"author":3,"featured_media":237592,"comment_status":"closed","ping_status":"open","sticky":false,"template":"","format":"standard","meta":{"footnotes":""},"categories":[26],"tags":[],"class_list":["post-237585","post","type-post","status-publish","format-standard","has-post-thumbnail","hentry","category-destacados"],"_links":{"self":[{"href":"https:\/\/corrientesdetarde.com\/index.php\/wp-json\/wp\/v2\/posts\/237585","targetHints":{"allow":["GET"]}}],"collection":[{"href":"https:\/\/corrientesdetarde.com\/index.php\/wp-json\/wp\/v2\/posts"}],"about":[{"href":"https:\/\/corrientesdetarde.com\/index.php\/wp-json\/wp\/v2\/types\/post"}],"author":[{"embeddable":true,"href":"https:\/\/corrientesdetarde.com\/index.php\/wp-json\/wp\/v2\/users\/3"}],"replies":[{"embeddable":true,"href":"https:\/\/corrientesdetarde.com\/index.php\/wp-json\/wp\/v2\/comments?post=237585"}],"version-history":[{"count":1,"href":"https:\/\/corrientesdetarde.com\/index.php\/wp-json\/wp\/v2\/posts\/237585\/revisions"}],"predecessor-version":[{"id":237593,"href":"https:\/\/corrientesdetarde.com\/index.php\/wp-json\/wp\/v2\/posts\/237585\/revisions\/237593"}],"wp:featuredmedia":[{"embeddable":true,"href":"https:\/\/corrientesdetarde.com\/index.php\/wp-json\/wp\/v2\/media\/237592"}],"wp:attachment":[{"href":"https:\/\/corrientesdetarde.com\/index.php\/wp-json\/wp\/v2\/media?parent=237585"}],"wp:term":[{"taxonomy":"category","embeddable":true,"href":"https:\/\/corrientesdetarde.com\/index.php\/wp-json\/wp\/v2\/categories?post=237585"},{"taxonomy":"post_tag","embeddable":true,"href":"https:\/\/corrientesdetarde.com\/index.php\/wp-json\/wp\/v2\/tags?post=237585"}],"curies":[{"name":"wp","href":"https:\/\/api.w.org\/{rel}","templated":true}]}}