{"id":237594,"date":"2025-11-27T09:01:02","date_gmt":"2025-11-27T12:01:02","guid":{"rendered":"https:\/\/corrientesdetarde.com\/?p=237594"},"modified":"2025-11-27T09:01:12","modified_gmt":"2025-11-27T12:01:12","slug":"caso-molina-barbara-conto-que-dejo-a-medina-porque-la-golpeaba","status":"publish","type":"post","link":"https:\/\/corrientesdetarde.com\/index.php\/policiales\/caso-molina-barbara-conto-que-dejo-a-medina-porque-la-golpeaba\/","title":{"rendered":"Caso Molina: B\u00e1rbara cont\u00f3 que dej\u00f3 a Medina porque la golpeaba"},"content":{"rendered":"\n<p>La joven oficial finalmente pudo declarar y dijo que el imputado la celaba todo el tiempo y tras concluir el noviazgo, no aceptaba que haya iniciado una nueva relaci\u00f3n. Asegur\u00f3 que mientras eran pareja, Medina le levant\u00f3 la mano durante algunas discusiones.<\/p>\n\n\n\n<p>En la segunda jornada de testimonios, declar\u00f3 Barbara Romero, la otra v\u00edctima de David Medina en la balacera en la que fue asesinado Alfredo Javier Molina. Dijo que con el acusado anduvieron tres a\u00f1os antes de separarse y el \u00faltimo, ella fue v\u00edctima de violencia de g\u00e9nero.<\/p>\n\n\n\n<p>Tambi\u00e9n declararon un polic\u00eda y una amiga de la joven baleada.<\/p>\n\n\n\n<p>En una nueva jornada del juicio oral que tiene como imputado a Osvaldo David Medina por el homicidio y las graves heridas sufridas por sus camaradas Alfredo Javier Armando Molina, a quien asesin\u00f3 de dos disparos, y B\u00e1rbara Romero, quien fue seriamente lastimada de tres balazos; el testimonio de esta \u00faltima era el m\u00e1s esperado, ya que desde la madrugada de aquel 13 de abril de 2024, prefiri\u00f3 llamarse a silencio y concentrarse en su recuperaci\u00f3n, tras semanas en coma y numerosas cirug\u00edas.<\/p>\n\n\n\n<p>La ronda de testigos inici\u00f3 con una camarada de B\u00e1rbara, quien a lo largo de su testimonio sostuvo que desconoc\u00eda que la joven oficial se encontraba en una relaci\u00f3n con Medina, pero que s\u00ed sab\u00eda que ella y Molina eran pareja, ya que hab\u00edan compartido salidas y cenas juntos.<\/p>\n\n\n\n<p>El segundo testimonio fue de una amiga de la polic\u00eda baleada, quien corrobor\u00f3 que la relaci\u00f3n entre B\u00e1rbara y el acusado ya hab\u00eda concluido y que a causa de esto la joven atraves\u00f3 un duro momento emocional. Seg\u00fan la testigo, toda esta situaci\u00f3n cambi\u00f3 dr\u00e1sticamente cuando Molina apareci\u00f3 en la vida de Romero y comenzaron a salir.<\/p>\n\n\n\n<p>Finalmente, el tribunal, compuesto por los jueces Rosa Elizabeth Ascona como presidente y H\u00e9ctor Ariel Gustavo Azcona y Rom\u00e1n Facundo Esquivel como vocales, escuch\u00f3 el testimonio de B\u00e1rbara Romero, sobreviviente de aquella balacera en la que termin\u00f3 con tres impactos en su cuerpo que la dejaron secuelas de por vida.<\/p>\n\n\n\n<p>Durante su testimonio, la joven oficial, que integraba las filas de la Direcci\u00f3n de Investigaciones Criminales, antes del incidente, dijo que con Medina &#8220;tuvimos una relaci\u00f3n que dur\u00f3 alrededor de tres a\u00f1os. Los primeros dos fueron muy buenos, estuvimos bien, pero el \u00faltimo a\u00f1o, ten\u00edamos muchas peleas y casi todas ten\u00edan que ver con los celos de su parte, que llegaron en alg\u00fan momento hasta la violencia f\u00edsica y a levantarme la mano&#8221;, sostuvo.<\/p>\n\n\n\n<p>Luego de la separaci\u00f3n y, siempre seg\u00fan el relato de B\u00e1rbara, &#8220;intent\u00f3 seguir el v\u00ednculo, incluso cuando me encontraba cuidando a su padre internado en el Hospital de Campa\u00f1a&#8221;, agreg\u00f3. Con respecto a su relaci\u00f3n con Alfredo Molina, el hijo del exjefe de la Polic\u00eda de Corrientes, enfatiz\u00f3 que &#8220;nos est\u00e1bamos conociendo y ten\u00eda mucha ilusi\u00f3n. Medina sab\u00eda bien de esta relaci\u00f3n, pero no la aceptaba&#8221;, expres\u00f3.<\/p>\n\n\n\n<p>Y es que tanto Molina como Medina no solo eran camaradas de fuerza, sino que tambi\u00e9n eran compa\u00f1eros en la Direcci\u00f3n General de Delitos Complejos e Inform\u00e1ticos.<\/p>\n\n\n\n<p>Finalmente, la joven v\u00edctima se explay\u00f3 sobre lo sucedido aquella ma\u00f1ana en la que su novio fue asesinado y ella baleada, concluyendo el relato con las consecuencias de aquella brutal agresi\u00f3n y el da\u00f1o provocado por los balazos en su f\u00edsico. &#8220;No siento del ombligo para abajo&#8221;, lament\u00f3.<\/p>\n\n\n\n<p>Tras su testimonio, el debate entr\u00f3 en otro cuarto intermedio hasta el viernes 28, a las 10:30.<\/p>\n","protected":false},"excerpt":{"rendered":"<p>La joven oficial finalmente pudo declarar y dijo que el imputado la celaba todo el tiempo y tras concluir el noviazgo, no aceptaba que haya iniciado una nueva relaci\u00f3n. Asegur\u00f3&hellip; <\/p>\n","protected":false},"author":3,"featured_media":237601,"comment_status":"closed","ping_status":"open","sticky":false,"template":"","format":"standard","meta":{"footnotes":""},"categories":[33],"tags":[],"class_list":["post-237594","post","type-post","status-publish","format-standard","has-post-thumbnail","hentry","category-policiales"],"_links":{"self":[{"href":"https:\/\/corrientesdetarde.com\/index.php\/wp-json\/wp\/v2\/posts\/237594","targetHints":{"allow":["GET"]}}],"collection":[{"href":"https:\/\/corrientesdetarde.com\/index.php\/wp-json\/wp\/v2\/posts"}],"about":[{"href":"https:\/\/corrientesdetarde.com\/index.php\/wp-json\/wp\/v2\/types\/post"}],"author":[{"embeddable":true,"href":"https:\/\/corrientesdetarde.com\/index.php\/wp-json\/wp\/v2\/users\/3"}],"replies":[{"embeddable":true,"href":"https:\/\/corrientesdetarde.com\/index.php\/wp-json\/wp\/v2\/comments?post=237594"}],"version-history":[{"count":1,"href":"https:\/\/corrientesdetarde.com\/index.php\/wp-json\/wp\/v2\/posts\/237594\/revisions"}],"predecessor-version":[{"id":237607,"href":"https:\/\/corrientesdetarde.com\/index.php\/wp-json\/wp\/v2\/posts\/237594\/revisions\/237607"}],"wp:featuredmedia":[{"embeddable":true,"href":"https:\/\/corrientesdetarde.com\/index.php\/wp-json\/wp\/v2\/media\/237601"}],"wp:attachment":[{"href":"https:\/\/corrientesdetarde.com\/index.php\/wp-json\/wp\/v2\/media?parent=237594"}],"wp:term":[{"taxonomy":"category","embeddable":true,"href":"https:\/\/corrientesdetarde.com\/index.php\/wp-json\/wp\/v2\/categories?post=237594"},{"taxonomy":"post_tag","embeddable":true,"href":"https:\/\/corrientesdetarde.com\/index.php\/wp-json\/wp\/v2\/tags?post=237594"}],"curies":[{"name":"wp","href":"https:\/\/api.w.org\/{rel}","templated":true}]}}