{"id":237596,"date":"2025-11-27T09:01:38","date_gmt":"2025-11-27T12:01:38","guid":{"rendered":"https:\/\/corrientesdetarde.com\/?p=237596"},"modified":"2025-11-27T09:01:39","modified_gmt":"2025-11-27T12:01:39","slug":"familias-locales-necesitan-mas-de-un-millon-de-pesos-para-no-ser-pobres","status":"publish","type":"post","link":"https:\/\/corrientesdetarde.com\/index.php\/informacion-general\/familias-locales-necesitan-mas-de-un-millon-de-pesos-para-no-ser-pobres\/","title":{"rendered":"Familias locales necesitan m\u00e1s de un mill\u00f3n de pesos para no ser pobres"},"content":{"rendered":"\n<p>Esa cifra se desprende del \u00cdndice Barrial de Precios (IBP) de octubre, relevado por el ISEPCI en m\u00e1s de 300 comercios de las principales localidades del Tarag\u00fc\u00ed. Si la premisa es solo poder comer todos los d\u00edas, hay que generar, m\u00ednimamente, 439.554 pesos.<\/p>\n\n\n\n<p>La delegaci\u00f3n local del Instituto de Investigaci\u00f3n Social, Econ\u00f3mica y Pol\u00edtica Ciudadana (ISEPCI) public\u00f3 ayer su ya tradicional \u00cdndice Barrial de Precios (IBP), en esta ocasi\u00f3n el informe corresponde al mes de octubre. El estudio, que abarca m\u00e1s de 300 comercios en seis localidades clave de la provincia, estableci\u00f3 que en el d\u00e9cimo mes de 2025, una familia tipo \u0097conformada por dos adultos y dos ni\u00f1os\u0097 que no paga alquiler necesit\u00f3 aqu\u00ed $1.002.184,10 para superar la l\u00ednea de pobreza (CBT), mientras que la Canasta B\u00e1sica Alimentaria (CBA) se fij\u00f3 en $439.554,43, marcando el umbral cr\u00edtico de la indigencia.<\/p>\n\n\n\n<p>Al analizar pormenorizadamente los datos se puede observar que el costo de la alimentaci\u00f3n lidera la presi\u00f3n inmediata sobre la econom\u00eda de las familias. Es que as\u00ed que octubre cerr\u00f3 con un aumento sostenido en el costo de vida, registrando una variaci\u00f3n mensual del 2,95% tanto para la CBT como para la CBA. Este incremento, que se traduce en un alza de casi 29 mil pesos en el costo total familiar en solo un mes, refleja una aceleraci\u00f3n en la reposici\u00f3n de precios minoristas.<\/p>\n\n\n\n<p>El an\u00e1lisis por rubros dentro de la canasta alimentaria mostr\u00f3 que la verduler\u00eda fue el componente con mayor presi\u00f3n inflacionaria en el mes, con un alza del 5,06%. Este comportamiento es t\u00edpico de productos de alta estacionalidad y menor vida \u00fatil, donde las fluctuaciones clim\u00e1ticas o log\u00edsticas impactan r\u00e1pidamente.<\/p>\n\n\n\n<p>Productos b\u00e1sicos como la pera (+25,00%), la zanahoria (+20,00%) y la lechuga (+12,00%) fueron los principales impulsores de esta suba puntual. Le sigui\u00f3 el rubro Almac\u00e9n con un incremento del 2,17%, destac\u00e1ndose subidas dr\u00e1sticas en productos procesados o de mayor valor agregado como el Salame (+35,00%) y la Paleta cocida (+28,21%), lo que sugiere que los costos de industrializaci\u00f3n y distribuci\u00f3n se est\u00e1n trasladando velozmente al consumidor. Por su parte, la carnicer\u00eda aument\u00f3 un 2,84% mensual, con el h\u00edgado (+15,00%) y el asado (+11,11%) marcando la pauta.<\/p>\n\n\n\n<figure class=\"wp-block-image\"><img decoding=\"async\" src=\"https:\/\/www.diarioepoca.com\/content\/bucket\/0\/1461130w380h270c.jpg.webp\" alt=\"\"\/><\/figure>\n\n\n\n<p>Por otra parte, los datos reflejan que si bien el incremento mensual fue del 2,95%, la perspectiva anual es mucho m\u00e1s preocupante y expone la erosi\u00f3n del poder adquisitivo a largo plazo. Al comparar octubre de 2025 con el mismo mes del a\u00f1o anterior, la Canasta B\u00e1sica Total (CBT) se dispar\u00f3 un 13,18%, acumulando un alza de $116.776,92 desde octubre de 2024. La Canasta B\u00e1sica Alimentaria (CBA) mostr\u00f3 una variaci\u00f3n anual ligeramente menor, pero igualmente alta, del 11,70%.<\/p>\n\n\n\n<p>Un dato estructural clave es el comportamiento del rubro carnicer\u00eda, que lidera la suba anual con un impresionante +32,71%. Este aumento sostenido en prote\u00ednas esenciales indica una presi\u00f3n inflacionaria profunda y constante en los costos de producci\u00f3n ganadera y c\u00e1rnica.<\/p>\n\n\n\n<p>En contraste notorio, la verduler\u00eda es el \u00fanico sector que registra una baja anual, con una deflaci\u00f3n del -5,20%, lo que podr\u00eda ser un efecto rebote tras fuertes subas previas o una sobreoferta estacional coyuntural que no logra compensar la inflaci\u00f3n general.<\/p>\n\n\n\n<p>En lo que va del a\u00f1o calendario (diciembre 2024 a octubre 2025), ambas canastas acumulan un incremento id\u00e9ntico del 10,66%, lo que subraya la dificultad de las familias para mantener sus patrones de consumo y la necesidad de reasignar presupuestos constantemente.<\/p>\n\n\n\n<figure class=\"wp-block-image\"><img decoding=\"async\" src=\"https:\/\/www.diarioepoca.com\/content\/bucket\/1\/1461131w380h223c.jpg.webp\" alt=\"\"\/><figcaption class=\"wp-element-caption\">EL ACOPIO DE DATOS SE HACE EN CORRIENTES, EMPEDRADO, GOYA, SANTA ROSA Y CURUZ\u00da CUATI\u00c1.<\/figcaption><\/figure>\n\n\n\n<h2 class=\"wp-block-heading\">Diagn\u00f3stico<\/h2>\n\n\n\n<p>Silvana Lagra\u00f1a, directora del ISEPCI Corrientes, ofreci\u00f3 un diagn\u00f3stico severo sobre el contexto econ\u00f3mico que reflejan estos n\u00fameros, enfatizando que la suba de precios no es un fen\u00f3meno aislado, sino el resultado de decisiones macroecon\u00f3micas. Lagra\u00f1a atribuy\u00f3 el continuo deterioro de la calidad de vida familiar a las &#8220;diversas pol\u00edticas regresivas del gobierno nacional&#8221;.<\/p>\n\n\n\n<p>La funcionaria detall\u00f3 que los incrementos en el costo de vida se ven potenciados por la quita de subsidios en servicios clave como transporte y energ\u00eda. Estos recortes no solo afectan directamente el bolsillo del hogar, sino que generan un efecto cascada, traslad\u00e1ndose a los precios finales de todos los bienes y servicios, sum\u00e1ndose a la presi\u00f3n ya existente por los aumentos en rubros ineludibles como los alquileres y los combustibles.<\/p>\n\n\n\n<p>El informe hace hincapi\u00e9 en que, a pesar de la suba constante de precios, la realidad laboral es de estancamiento profundo: los ingresos familiares se encuentran congelados o creciendo a un ritmo muy inferior a la inflaci\u00f3n, lo que dispara el endeudamiento familiar.<\/p>\n","protected":false},"excerpt":{"rendered":"<p>Esa cifra se desprende del \u00cdndice Barrial de Precios (IBP) de octubre, relevado por el ISEPCI en m\u00e1s de 300 comercios de las principales localidades del Tarag\u00fc\u00ed. Si la premisa&hellip; <\/p>\n","protected":false},"author":3,"featured_media":237600,"comment_status":"closed","ping_status":"open","sticky":false,"template":"","format":"standard","meta":{"footnotes":""},"categories":[1],"tags":[],"class_list":["post-237596","post","type-post","status-publish","format-standard","has-post-thumbnail","hentry","category-informacion-general"],"_links":{"self":[{"href":"https:\/\/corrientesdetarde.com\/index.php\/wp-json\/wp\/v2\/posts\/237596","targetHints":{"allow":["GET"]}}],"collection":[{"href":"https:\/\/corrientesdetarde.com\/index.php\/wp-json\/wp\/v2\/posts"}],"about":[{"href":"https:\/\/corrientesdetarde.com\/index.php\/wp-json\/wp\/v2\/types\/post"}],"author":[{"embeddable":true,"href":"https:\/\/corrientesdetarde.com\/index.php\/wp-json\/wp\/v2\/users\/3"}],"replies":[{"embeddable":true,"href":"https:\/\/corrientesdetarde.com\/index.php\/wp-json\/wp\/v2\/comments?post=237596"}],"version-history":[{"count":1,"href":"https:\/\/corrientesdetarde.com\/index.php\/wp-json\/wp\/v2\/posts\/237596\/revisions"}],"predecessor-version":[{"id":237609,"href":"https:\/\/corrientesdetarde.com\/index.php\/wp-json\/wp\/v2\/posts\/237596\/revisions\/237609"}],"wp:featuredmedia":[{"embeddable":true,"href":"https:\/\/corrientesdetarde.com\/index.php\/wp-json\/wp\/v2\/media\/237600"}],"wp:attachment":[{"href":"https:\/\/corrientesdetarde.com\/index.php\/wp-json\/wp\/v2\/media?parent=237596"}],"wp:term":[{"taxonomy":"category","embeddable":true,"href":"https:\/\/corrientesdetarde.com\/index.php\/wp-json\/wp\/v2\/categories?post=237596"},{"taxonomy":"post_tag","embeddable":true,"href":"https:\/\/corrientesdetarde.com\/index.php\/wp-json\/wp\/v2\/tags?post=237596"}],"curies":[{"name":"wp","href":"https:\/\/api.w.org\/{rel}","templated":true}]}}