{"id":237615,"date":"2025-11-27T10:01:15","date_gmt":"2025-11-27T13:01:15","guid":{"rendered":"https:\/\/corrientesdetarde.com\/?p=237615"},"modified":"2025-11-27T10:01:16","modified_gmt":"2025-11-27T13:01:16","slug":"chiqui-tapia-aseguro-que-le-quedan-muchos-anos-mas-como-presidente-de-afa","status":"publish","type":"post","link":"https:\/\/corrientesdetarde.com\/index.php\/deportes\/chiqui-tapia-aseguro-que-le-quedan-muchos-anos-mas-como-presidente-de-afa\/","title":{"rendered":"Chiqui Tapia asegur\u00f3 que le quedan &#8220;muchos a\u00f1os m\u00e1s&#8221; como presidente de AFA"},"content":{"rendered":"\n<p>En medio de las cr\u00edticas a su gesti\u00f3n, el mandatario del f\u00fatbol argentino adelant\u00f3 que seguir\u00e1 al frente del ente.<\/p>\n\n\n\n<p>Sin lugar a dudas, las \u00faltimas dos semanas en el f\u00fatbol argentino aumentaron a mansalva las cr\u00edticas a la gesti\u00f3n de Claudio Tapia que inici\u00f3 en 2017. Polemicas en el reducido de la Primera Nacional, lo propio en la Liga Profesional y un ins\u00f3lito t\u00edtulo de campe\u00f3n otorgado a Rosario Central en las oficinas de AFA hicieron que Tapia quede nuevamente bajo la lupa.<\/p>\n\n\n\n<p>Este mi\u00e9rcoles en los Premios Alumni, seg\u00fan pudo saber la Agencia Noticias Argentinas, el presidente de la AFA declar\u00f3: &#8220;No es la primera vez que vivimos esto, pasaron tres presidentes en casi 9 a\u00f1os que me ha tocado presidir el f\u00fatbol argentino y me quedan muchos a\u00f1os m\u00e1s. No tengan dudas de que cuando se venza mi mandato, van a tener la posibilidad de presentarse los que quieran y las luchas se dan desde adentro, no se dan desde afuera, las discusiones se dan desde adentro, como se tienen que dar, cara a cara&#8221;.vjn2Kg<\/p>\n\n\n\n<p>&#8220;Ac\u00e1 todos sabemos que hay much\u00edsimas cosas para mejorar pero tambi\u00e9n sabemos de que los \u00fanicos que le dan la posibilidad al f\u00fatbol argentino, que le dan lo que realmente tiene valor son los jugadores, son los t\u00e9cnicos, son los dirigentes del f\u00fatbol argentino que hacen un esfuerzo para poder armar equipos competitivos, torneos competitivos, donde todos tengan la misma posibilidad&#8221; agreg\u00f3.<\/p>\n\n\n\n<p>Adem\u00e1s, en medio de aplausos de sus pares, Tapia concluy\u00f3 apuntando al presidente de Estudiantes de La Plata, Juan Sebasti\u00e1n Ver\u00f3n: &#8220;Hay algunos que por ah\u00ed se olvidan, que jugaron dos d\u00edas antes que Barracas Central y estaban afuera del reducido y que, porque no gan\u00f3 Hurac\u00e1n y no gan\u00f3 Belgrano de C\u00f3rdoba, clasificaron y hoy tienen la posibilidad de pelear el torneo&#8221;.<\/p>\n","protected":false},"excerpt":{"rendered":"<p>En medio de las cr\u00edticas a su gesti\u00f3n, el mandatario del f\u00fatbol argentino adelant\u00f3 que seguir\u00e1 al frente del ente. Sin lugar a dudas, las \u00faltimas dos semanas en el&hellip; <\/p>\n","protected":false},"author":3,"featured_media":237625,"comment_status":"closed","ping_status":"open","sticky":false,"template":"","format":"standard","meta":{"footnotes":""},"categories":[4],"tags":[],"class_list":["post-237615","post","type-post","status-publish","format-standard","has-post-thumbnail","hentry","category-deportes"],"_links":{"self":[{"href":"https:\/\/corrientesdetarde.com\/index.php\/wp-json\/wp\/v2\/posts\/237615","targetHints":{"allow":["GET"]}}],"collection":[{"href":"https:\/\/corrientesdetarde.com\/index.php\/wp-json\/wp\/v2\/posts"}],"about":[{"href":"https:\/\/corrientesdetarde.com\/index.php\/wp-json\/wp\/v2\/types\/post"}],"author":[{"embeddable":true,"href":"https:\/\/corrientesdetarde.com\/index.php\/wp-json\/wp\/v2\/users\/3"}],"replies":[{"embeddable":true,"href":"https:\/\/corrientesdetarde.com\/index.php\/wp-json\/wp\/v2\/comments?post=237615"}],"version-history":[{"count":1,"href":"https:\/\/corrientesdetarde.com\/index.php\/wp-json\/wp\/v2\/posts\/237615\/revisions"}],"predecessor-version":[{"id":237631,"href":"https:\/\/corrientesdetarde.com\/index.php\/wp-json\/wp\/v2\/posts\/237615\/revisions\/237631"}],"wp:featuredmedia":[{"embeddable":true,"href":"https:\/\/corrientesdetarde.com\/index.php\/wp-json\/wp\/v2\/media\/237625"}],"wp:attachment":[{"href":"https:\/\/corrientesdetarde.com\/index.php\/wp-json\/wp\/v2\/media?parent=237615"}],"wp:term":[{"taxonomy":"category","embeddable":true,"href":"https:\/\/corrientesdetarde.com\/index.php\/wp-json\/wp\/v2\/categories?post=237615"},{"taxonomy":"post_tag","embeddable":true,"href":"https:\/\/corrientesdetarde.com\/index.php\/wp-json\/wp\/v2\/tags?post=237615"}],"curies":[{"name":"wp","href":"https:\/\/api.w.org\/{rel}","templated":true}]}}