{"id":237618,"date":"2025-11-27T10:01:23","date_gmt":"2025-11-27T13:01:23","guid":{"rendered":"https:\/\/corrientesdetarde.com\/?p=237618"},"modified":"2025-11-27T10:01:24","modified_gmt":"2025-11-27T13:01:24","slug":"carlos-pereira-larrea-la-musica-es-como-un-intruso-en-mi-vida","status":"publish","type":"post","link":"https:\/\/corrientesdetarde.com\/index.php\/cultura\/carlos-pereira-larrea-la-musica-es-como-un-intruso-en-mi-vida\/","title":{"rendered":"Carlos Pereira Larrea: &#8220;La m\u00fasica es como un intruso en mi vida&#8221;"},"content":{"rendered":"\n<p>El joven artista presenta un concierto 360\u00b0 en que interpreta canciones argentinas en formato ac\u00fastico. En la intimidad de sus canciones sugiere un ambiente cargado de emociones. &#8220;La m\u00fasica nos propone un encuentro con la vida&#8221;, dijo.<\/p>\n\n\n\n<p>Un show c\u00e1lido, un ambiente de intimidad con la m\u00fasica y una noche en que la magia se expresa en canciones propone el joven compositor Carlos Pereira Larrea que presenta el espect\u00e1culo &#8220;Piano Solo&#8221;, un viaje ac\u00fastico por canciones argentinas. La propuesta ser\u00e1 ma\u00f1ana viernes 28 a las 20 en Casa Mbaret\u00e9 (25 de Mayo 1948), donde abrir\u00e1 sus teclas para un p\u00fablico apasionado por la m\u00fasica de ra\u00edz y el piano.<\/p>\n\n\n\n<p>&#8220;Busco una conexi\u00f3n con el p\u00fablico&#8221;, expres\u00f3 el artista en esta entrevista con \u00e9poca en la que nos adelanta parte de esta velada donde toma protagonismo la riqueza de la m\u00fasica nacional en un formato \u00edntimo y sofisticado. &#8220;La m\u00fasica es vida&#8221;, destac\u00f3 el artista previo a su show, un di\u00e1logo sobre sus sentimientos, sus pasiones y el concepto mismo de ser un joven m\u00fasico en el nuevo escenario de la m\u00fasica local.<\/p>\n\n\n\n<h2 class=\"wp-block-heading\">\u00bfC\u00f3mo defin\u00eds el papel de la m\u00fasica en tu vida?<\/h2>\n\n\n\n<p>La m\u00fasica es un punto de encuentro, en la soledad, con amigo o en un concierto. En mi caso, la m\u00fasica es mi forma de vida. Es como si fuera un intruso que todo el tiempo busca meterse en todos los aspectos de mi vida y aunque no lo quieras siempre vuelve. En mi familia hay muchas profesiones, pero todos tenemos un punto en com\u00fan, la m\u00fasica.<\/p>\n\n\n\n<figure class=\"wp-block-image\"><img decoding=\"async\" src=\"https:\/\/www.diarioepoca.com\/content\/bucket\/4\/1461144w380h581c.jpg.webp\" alt=\"\"\/><\/figure>\n\n\n\n<h2 class=\"wp-block-heading\">\u00bfC\u00f3mo fue el inicio de tu carrera?<\/h2>\n\n\n\n<p>Desde muy joven sent\u00ed que quer\u00eda ser artista. Comenc\u00e9 bailando con danzas urbanas gracias al impulso de mi mam\u00e1. Bail\u00e9 en \u00c1ngelus, hice hip hop, viaj\u00e9 por muchos lugares bailando, y en ese momento no conoc\u00eda otra forma de expresarse como con la danza. Pero de alg\u00fan modo la m\u00fasica ya estaba en m\u00ed.<\/p>\n\n\n\n<h2 class=\"wp-block-heading\">\u00bfEn qu\u00e9 momento comenz\u00f3 tu pasi\u00f3n por las canciones?<\/h2>\n\n\n\n<p>Siempre me apasion\u00f3, pero en 2019, antes de la pandemia se abri\u00f3 el estudio de arte Alto Vuelo que lo dirige mi mam\u00e1 y conoc\u00ed chicos j\u00f3venes que hac\u00edan m\u00fasica. Ten\u00edamos 15 y 16 a\u00f1os y se tocaba varios instrumentos. Ah\u00ed me despert\u00f3 otra pasi\u00f3n. Me dec\u00eda &#8220;che, esto est\u00e1 bueno, es por ac\u00e1&#8221;.<\/p>\n\n\n\n<figure class=\"wp-block-image\"><img decoding=\"async\" src=\"https:\/\/www.diarioepoca.com\/content\/bucket\/5\/1461145w380h146c.jpg.webp\" alt=\"\"\/><\/figure>\n\n\n\n<h2 class=\"wp-block-heading\">\u00bfQu\u00e9 descubriste a partir de all\u00ed?<\/h2>\n\n\n\n<p>Aprend\u00ed a conectar de otra manera. Primero con lo que realmente soy. En mi caso, conectar con mi familia, con mi antepasado. Y bueno, lo que es la vida que tambi\u00e9n me ha llevado a estudiar m\u00fasica, estoy cursando el profesorado en el instituto &#8220;Carmelo De Biasi&#8221;. Eso me permiti\u00f3 por ejemplo aprender a expresarme desde el arte, la m\u00fasica como lenguaje universal, que al compartirlo lo pueden entender ac\u00e1 o en el cualquier lugar del mundo, desde lo art\u00edstico pero tambi\u00e9n desde sensibilidad que permite conectarnos desde las emociones.<\/p>\n\n\n\n<figure class=\"wp-block-image\"><img decoding=\"async\" src=\"https:\/\/www.diarioepoca.com\/content\/bucket\/6\/1461146w250h219c.jpg.webp\" alt=\"\"\/><figcaption class=\"wp-element-caption\">&#8220;LA M\u00daSICA ES ALGO M\u00c1S QUE CANCIONES&#8221;.<\/figcaption><\/figure>\n\n\n\n<h2 class=\"wp-block-heading\">\u00bfQu\u00e9 rol cre\u00e9s que tiene lo profesional frente a la expresi\u00f3n art\u00edstica?<\/h2>\n\n\n\n<p>La experiencia me va mostrando que lo profesional en la m\u00fasica es muy importante pero a veces pasa a un segundo plano, cuando esta expresi\u00f3n es totalmente emocional. Para m\u00ed es transformadora y social.<\/p>\n\n\n\n<p>Es profundamente emocional por que dependiendo del contexto, la m\u00fasica se disfruta en soledad, se vuelve familia, se hace ronda entre amigos en una juntada, o toma protagonismo en un espacio cultural o de grandes conciertos, donde se vuelve portal de convivencia de una manera hermosa.<\/p>\n\n\n\n<figure class=\"wp-block-image\"><img decoding=\"async\" src=\"https:\/\/www.diarioepoca.com\/content\/bucket\/8\/1461178w380h273c.jpg.webp\" alt=\"\"\/><\/figure>\n\n\n\n<h2 class=\"wp-block-heading\">\u00bfC\u00f3mo te encontraste con la m\u00fasica?<\/h2>\n\n\n\n<p>Yo siento que me encontr\u00f3 a m\u00ed. Creo que no es casualidad haber ca\u00eddo, nacido en esta parte del mundo, donde nuestra cultura es tan rica musicalmente. Y a la vez tambi\u00e9n con los a\u00f1os tan cuidada. Donde voy estoy rodeado de m\u00fasica, en mi casa, con mi familia, mis amigos, con el p\u00fablico y siento que es un privilegio poder ser m\u00fasico.<\/p>\n\n\n\n<p>Tengo una an\u00e9cdota, mi abuela me cont\u00f3 que ella hac\u00eda m\u00fasica y a la par estudiaba, pero en sus padres no quer\u00edan que se dedicara a la m\u00fasica y tuvo que seguir otra profesi\u00f3n. A m\u00ed no me pas\u00f3 y por el contrario, me dedico a la m\u00fasica y tengo mucho apoyo de parte de mi familia.<\/p>\n\n\n\n<h2 class=\"wp-block-heading\">\u00bfC\u00f3mo iniciaste tu faceta de productor?<\/h2>\n\n\n\n<p>Hace unos a\u00f1os, no ten\u00eda fondos para grabar. Hace poco hablaba con m\u00fasicos mayores que to y me dec\u00edan que para grabar tu m\u00fasica ten\u00edas que ir a un estudio con consola, buscar productor y una discogr\u00e1fica que te acepte. Ahora, es distinto, podes producir tu disco con una plaquita y un micr\u00f3fono, es algo maravilloso.<\/p>\n\n\n\n<p>Aprend\u00ed a grabar mis canciones en el instituto y cree mi espacio de estudio, un laboratorio para experimentar y aprender. Y ahora estoy produciendo grabaciones para otros artistas.<\/p>\n\n\n\n<figure class=\"wp-block-image\"><img decoding=\"async\" src=\"https:\/\/www.diarioepoca.com\/content\/bucket\/9\/1461179w380h179c.jpg.webp\" alt=\"\"\/><\/figure>\n\n\n\n<h2 class=\"wp-block-heading\">\u00bfPero no cualquiera puede grabar, no?<\/h2>\n\n\n\n<p>Todo aquel que hace alarde de ser m\u00fasico, tiene la responsabilidad \u00e9tica y social de estudiar, de aprender, de sentarse, de componer, de no quedarse estancado. Tenemos la obligaci\u00f3n de capacitarnos como toda profesi\u00f3n y de crecer en lo que creemos.<\/p>\n\n\n\n<h2 class=\"wp-block-heading\">\u00bfAdem\u00e1s de m\u00fasico y productor, ten\u00e9s otros proyectos?<\/h2>\n\n\n\n<p>Tengo varios proyectos. Adem\u00e1s de este show &#8220;Piano Solo&#8221;, que me permite probar si mi m\u00fasica pod\u00eda conmover cara a cara.<\/p>\n\n\n\n<p>Tengo ganas de grabarlo completamente. Esta cita musical es una oportunidad para vivir las canciones nacionales desde una perspectiva diferente, delicada y pura en un entorno que promueve la m\u00fasica en vivo.<\/p>\n\n\n\n<p>Tambi\u00e9n me propuse a producir contenidos, subir videos con amigos, en el cual uno lleg\u00f3 a m\u00e1s de un mill\u00f3n de visitas. Adem\u00e1s, para 2026 planeo grabar un EP con cinco canciones, invitando a mis amigos a divertirse y disfrutar el proceso.<\/p>\n\n\n\n<h2 class=\"wp-block-heading\">Un concierto especial<\/h2>\n\n\n\n<p><br>Solo frente al micr\u00f3fono, y un piano adaptado para la ocasi\u00f3n, Carlos Pereira Larrea desojar\u00e1 un amplio cancionero para compartir lo que siente sobre sus \u00eddolos Fito P\u00e1ez, Charly, Garc\u00eda Luis Spinetta, entre tanto otros. El escenario de Casa Mbaret\u00e9 se llenar\u00e1 de magia con un espect\u00e1culo a la gorra, invitando al p\u00fablico a disfrutar de una experiencia \u00edntima y musical al piano solo.<\/p>\n\n\n\n<p>&#8220;Es sentir las canciones con el p\u00fablico una conexi\u00f3n que nos hace felices&#8221;, explic\u00f3 el artista para invitar a un concierto sencillo pero a la vez genial. &#8220;La idea es mostrar algo distinto a lo que hay en la Ciudad, Corrientes es un lugar donde hay mucha apertura cultural sin embargo en la m\u00fasica independiente siempre la tenemos que remar un poquitito m\u00e1s&#8221;, coment\u00f3.<\/p>\n\n\n\n<p>&#8220;A veces sentimos que no tenemos espacios, pero tambi\u00e9n sentimos que es necesario que nosotros generemos esos espacios, tenemos que inventar nuestros shows, empujar para adelante&#8221;, reflexion\u00f3 el joven artista.<\/p>\n\n\n\n<p>Para ello, muchas veces el m\u00fasico debe vestirse de productor, de m\u00e1nager o de cocinero, para poder mostrar su arte. &#8220;La m\u00fasica es tan rica artesanalmente y totalmente emocional, pero debemos hacer de todo para compartir, montar un par de sillas, repartir un par de empanadas, promocionar, hacer la prensa, en fin, lo que sea para que la gente pueda disfrutar de un piano, un encuentro de artistas y muy buenas canciones&#8221;, coment\u00f3 Pereira Larrea.<\/p>\n\n\n\n<p>Por \u00faltimo, adelant\u00f3: &#8220;Pens\u00e9 en un show ac\u00fastico, en formato 360\u00b0, donde el artista est\u00e1 en el medio y la gente est\u00e1 alrededor en c\u00edrculo, donde todos seamos parte de las canciones&#8221;.<\/p>\n\n\n\n<p>Ser\u00e1 una oportunidad \u00fanica para compartir con alguien especial, descubrir un espect\u00e1culo que no se ve en Corrientes y que est\u00e1 pensado desde un concepto pocas veces visto. &#8220;Vamos a compartir la escena con varios amigos como Leo Acu\u00f1a, Regina Ferrazzi Blanco, entre otros grandes referente de la nueva corrientes musical&#8221;, coment\u00f3 el artista que invit\u00f3 a ser parte de esta gran concierto.<\/p>\n","protected":false},"excerpt":{"rendered":"<p>El joven artista presenta un concierto 360\u00b0 en que interpreta canciones argentinas en formato ac\u00fastico. En la intimidad de sus canciones sugiere un ambiente cargado de emociones. &#8220;La m\u00fasica nos&hellip; <\/p>\n","protected":false},"author":3,"featured_media":237629,"comment_status":"closed","ping_status":"open","sticky":false,"template":"","format":"standard","meta":{"footnotes":""},"categories":[15],"tags":[],"class_list":["post-237618","post","type-post","status-publish","format-standard","has-post-thumbnail","hentry","category-cultura"],"_links":{"self":[{"href":"https:\/\/corrientesdetarde.com\/index.php\/wp-json\/wp\/v2\/posts\/237618","targetHints":{"allow":["GET"]}}],"collection":[{"href":"https:\/\/corrientesdetarde.com\/index.php\/wp-json\/wp\/v2\/posts"}],"about":[{"href":"https:\/\/corrientesdetarde.com\/index.php\/wp-json\/wp\/v2\/types\/post"}],"author":[{"embeddable":true,"href":"https:\/\/corrientesdetarde.com\/index.php\/wp-json\/wp\/v2\/users\/3"}],"replies":[{"embeddable":true,"href":"https:\/\/corrientesdetarde.com\/index.php\/wp-json\/wp\/v2\/comments?post=237618"}],"version-history":[{"count":1,"href":"https:\/\/corrientesdetarde.com\/index.php\/wp-json\/wp\/v2\/posts\/237618\/revisions"}],"predecessor-version":[{"id":237634,"href":"https:\/\/corrientesdetarde.com\/index.php\/wp-json\/wp\/v2\/posts\/237618\/revisions\/237634"}],"wp:featuredmedia":[{"embeddable":true,"href":"https:\/\/corrientesdetarde.com\/index.php\/wp-json\/wp\/v2\/media\/237629"}],"wp:attachment":[{"href":"https:\/\/corrientesdetarde.com\/index.php\/wp-json\/wp\/v2\/media?parent=237618"}],"wp:term":[{"taxonomy":"category","embeddable":true,"href":"https:\/\/corrientesdetarde.com\/index.php\/wp-json\/wp\/v2\/categories?post=237618"},{"taxonomy":"post_tag","embeddable":true,"href":"https:\/\/corrientesdetarde.com\/index.php\/wp-json\/wp\/v2\/tags?post=237618"}],"curies":[{"name":"wp","href":"https:\/\/api.w.org\/{rel}","templated":true}]}}