{"id":237619,"date":"2025-11-27T10:01:25","date_gmt":"2025-11-27T13:01:25","guid":{"rendered":"https:\/\/corrientesdetarde.com\/?p=237619"},"modified":"2025-11-27T10:01:27","modified_gmt":"2025-11-27T13:01:27","slug":"avanza-el-recupero-en-hospitales-con-el-nomenclador-provincial","status":"publish","type":"post","link":"https:\/\/corrientesdetarde.com\/index.php\/politica\/avanza-el-recupero-en-hospitales-con-el-nomenclador-provincial\/","title":{"rendered":"Avanza el recupero en hospitales con el nomenclador provincial"},"content":{"rendered":"\n<p>La Provincia finaliz\u00f3 el Nomenclador P\u00fablico de Salud, clave para la nueva Ley de Recupero que permitir\u00e1 facturar prestaciones a obras sociales y fortalecer la econom\u00eda hospitalaria. Incorpora innovaciones \u00fanicas en la regi\u00f3n y mejora ingresos del personal.<\/p>\n\n\n\n<p>La cartera sanitaria provincial avanz\u00f3 en un paso clave para modernizar y fortalecer el sistema p\u00fablico de salud: la Unidad Ejecutora Provincial (UEP) concluy\u00f3 la elaboraci\u00f3n del Nomenclador P\u00fablico Provincial, el instrumento que permitir\u00e1 la facturaci\u00f3n de prestaciones m\u00e9dicas a obras sociales y otros entes financiadores en el marco de la nueva Ley de Recupero de Gastos.<\/p>\n\n\n\n<p>Este nomenclador incorpora novedades \u00fanicas en la regi\u00f3n integrando valores de asociaciones profesionales y ampliando significativamente el abanico de pr\u00e1cticas contempladas en hospitales y centros de atenci\u00f3n.<\/p>\n\n\n\n<figure class=\"wp-block-image\"><img decoding=\"async\" src=\"https:\/\/www.diarioepoca.com\/content\/bucket\/3\/1461123w250h87c.jpg.webp\" alt=\"\"\/><\/figure>\n\n\n\n<p>&#8220;Es el instrumento que tendr\u00e1 la nueva Ley de Recupero para la facturaci\u00f3n de prestaciones&#8221;, explic\u00f3 el ministro de Salud P\u00fablica, Ricardo Cardozo, quien destac\u00f3 que la normativa permitir\u00e1 recuperar costos y mejorar los ingresos del personal sanitario.<\/p>\n\n\n\n<p>Cardozo subray\u00f3 que el proyecto es fruto de &#8220;a\u00f1os de trabajo del equipo de salud&#8221;, con el apoyo de ambas c\u00e1maras legislativas y el impulso del gobernador Gustavo Vald\u00e9s, orientado a fortalecer el sistema p\u00fablico. Adem\u00e1s, reconoci\u00f3 la labor del director de la UEP, Ariel V\u00e1zquez, y de los profesionales de m\u00faltiples disciplinas que participaron en su elaboraci\u00f3n.<\/p>\n\n\n\n<p>Entre las innovaciones m\u00e1s relevantes se encuentran nomencladores espec\u00edficos para Kinesiolog\u00eda, y nuevas prestaciones en Geriatr\u00eda, como Internaci\u00f3n Domiciliaria, Centro de D\u00eda y Taller Neurocognitivo. En Salud Mental se incorpora Hospital de D\u00eda y Centro de D\u00eda para pacientes adultos y pedi\u00e1tricos. Tambi\u00e9n se suma la Enfermer\u00eda Ambulatoria, prestaciones Obst\u00e9tricas, la Evaluaci\u00f3n Posanest\u00e9sica \u0097por primera vez en la regi\u00f3n\u0097 y la codificaci\u00f3n de la prestaci\u00f3n Sala de Triaje, junto al cobro del acto de vacunar a obras sociales.<\/p>\n\n\n\n<p>Asimismo, se establece un valor diferenciado para la pensi\u00f3n neonatal y pedi\u00e1trica, reconociendo la especificidad de esas atenciones. Si bien la grilla prestacional ya est\u00e1 concluida, todav\u00eda restan definiciones formales y administrativas para la puesta en marcha completa del sistema.<\/p>\n\n\n\n<p>Con su implementaci\u00f3n, la Provincia busca ordenar y transparentar los circuitos de facturaci\u00f3n, reducir p\u00e9rdidas por prestaciones no registradas y agilizar el recupero de fondos destinados a insumos, equipamiento y mejoras estructurales. El nuevo esquema tambi\u00e9n permitir\u00e1 obtener estad\u00edsticas m\u00e1s precisas para la planificaci\u00f3n sanitaria y garantizar criterios homog\u00e9neos en todos los establecimientos p\u00fablicos.<\/p>\n","protected":false},"excerpt":{"rendered":"<p>La Provincia finaliz\u00f3 el Nomenclador P\u00fablico de Salud, clave para la nueva Ley de Recupero que permitir\u00e1 facturar prestaciones a obras sociales y fortalecer la econom\u00eda hospitalaria. Incorpora innovaciones \u00fanicas&hellip; <\/p>\n","protected":false},"author":3,"featured_media":237630,"comment_status":"closed","ping_status":"open","sticky":false,"template":"","format":"standard","meta":{"footnotes":""},"categories":[3],"tags":[],"class_list":["post-237619","post","type-post","status-publish","format-standard","has-post-thumbnail","hentry","category-politica"],"_links":{"self":[{"href":"https:\/\/corrientesdetarde.com\/index.php\/wp-json\/wp\/v2\/posts\/237619","targetHints":{"allow":["GET"]}}],"collection":[{"href":"https:\/\/corrientesdetarde.com\/index.php\/wp-json\/wp\/v2\/posts"}],"about":[{"href":"https:\/\/corrientesdetarde.com\/index.php\/wp-json\/wp\/v2\/types\/post"}],"author":[{"embeddable":true,"href":"https:\/\/corrientesdetarde.com\/index.php\/wp-json\/wp\/v2\/users\/3"}],"replies":[{"embeddable":true,"href":"https:\/\/corrientesdetarde.com\/index.php\/wp-json\/wp\/v2\/comments?post=237619"}],"version-history":[{"count":1,"href":"https:\/\/corrientesdetarde.com\/index.php\/wp-json\/wp\/v2\/posts\/237619\/revisions"}],"predecessor-version":[{"id":237635,"href":"https:\/\/corrientesdetarde.com\/index.php\/wp-json\/wp\/v2\/posts\/237619\/revisions\/237635"}],"wp:featuredmedia":[{"embeddable":true,"href":"https:\/\/corrientesdetarde.com\/index.php\/wp-json\/wp\/v2\/media\/237630"}],"wp:attachment":[{"href":"https:\/\/corrientesdetarde.com\/index.php\/wp-json\/wp\/v2\/media?parent=237619"}],"wp:term":[{"taxonomy":"category","embeddable":true,"href":"https:\/\/corrientesdetarde.com\/index.php\/wp-json\/wp\/v2\/categories?post=237619"},{"taxonomy":"post_tag","embeddable":true,"href":"https:\/\/corrientesdetarde.com\/index.php\/wp-json\/wp\/v2\/tags?post=237619"}],"curies":[{"name":"wp","href":"https:\/\/api.w.org\/{rel}","templated":true}]}}