{"id":237672,"date":"2025-11-27T12:55:23","date_gmt":"2025-11-27T15:55:23","guid":{"rendered":"https:\/\/corrientesdetarde.com\/?p=237672"},"modified":"2025-11-27T12:55:36","modified_gmt":"2025-11-27T15:55:36","slug":"mauro-icardi-se-burlo-de-la-detencion-del-exabogado-de-wanda-nara-y-fue-letal-hermosa-manana-verdad","status":"publish","type":"post","link":"https:\/\/corrientesdetarde.com\/index.php\/espectaculos\/mauro-icardi-se-burlo-de-la-detencion-del-exabogado-de-wanda-nara-y-fue-letal-hermosa-manana-verdad\/","title":{"rendered":"Mauro Icardi se burl\u00f3 de la detenci\u00f3n del exabogado de Wanda Nara y fue letal: \u201cHermosa ma\u00f1ana, \u00bfverdad?\u201d"},"content":{"rendered":"\n<p>El futbolista apunt\u00f3 contra Payarola y lo trat\u00f3 de \u201clacra\u201d y \u201cestafador\u201d.<\/p>\n\n\n\n<p><strong>Mauro Icardi<\/strong>\u00a0se burl\u00f3 de<strong>Nicol\u00e1s Payarola<\/strong>, el exabogado de\u00a0<strong>Wanda Nara\u00a0<\/strong>que qued\u00f3\u00a0<strong>detenido<\/strong>este jueves por una causa en la que lo acusan de haber cometido al menos 11 estafas millonarias.<\/p>\n\n\n\n<p>La&nbsp;<strong>bronca&nbsp;<\/strong>del futbolista surge porque el letrado era el encargado de llevar adelante los conflictos judiciales con la medi\u00e1tica y las dos nenas que tienen en com\u00fan.<\/p>\n\n\n\n<p>\u201c\u00bfEsta lacra, estafador, acosador y ladr\u00f3n&nbsp;<strong>es el mismo que defend\u00eda los intereses de mis hijas<\/strong>? No puede defender ni a los suyos&#8221;, lanz\u00f3 sin filtros en una historia de Instagram.<\/p>\n\n\n\n<figure class=\"wp-block-image\"><img decoding=\"async\" src=\"https:\/\/tn.com.ar\/resizer\/v2\/la-bronca-de-mauro-icardi-contra-payarola-foto-instagrammauroicardi-SJWETT673JHL3G4ORO55T5OV74.jpg?auth=332974a5b5fb3825f74b0ac41ec6546fb6a07a8fba866dc3d3eb2c0a59888850&amp;width=767\" alt=\"La bronca de Mauro Icardi contra Payarola. (Foto: Instagram\/mauroicardi)\"\/><\/figure>\n\n\n\n<p>\u201c\u00bfC\u00f3mo hab\u00edan dicho?&nbsp;<strong>\u2018Cada uno tiene el abogado que se merece\u2019<\/strong>. Nunca tan de acuerdo con una frase&#8221;, expres\u00f3 Icardi haciendo referencia a Payarola, quien fue defensor de Wanda Nara.<\/p>\n\n\n\n<p>Lo m\u00e1s llamativo de su publicaci\u00f3n fue que us\u00f3 una imagen con la ic\u00f3nica frase de Guillermo Francella:<strong>&nbsp;\u201cHermosa ma\u00f1ana, \u00bfverdad?\u201c<\/strong>.<\/p>\n\n\n\n<p>\u201cPerm\u00edtanme dudar lo de \u2018buenos abogados y sobre todo grandes seres humanos\u2019\u201d, escribi\u00f3 Mauro haciendo menci\u00f3n a otra frase. Y asegur\u00f3: \u201cComo siempre dije,<strong>&nbsp;van a caer uno por uno<\/strong>. Solo hay que sentarse a esperar\u201d.<\/p>\n\n\n\n<figure class=\"wp-block-image\"><img decoding=\"async\" src=\"https:\/\/tn.com.ar\/resizer\/v2\/la-bronca-de-mauro-icardi-contra-payarola-foto-instagrammauroicardi-NG2CB6REBJHY5KYFZBK2PU45XI.jpg?auth=a1229898fa4bcf7d419c07cd4a45fd0721b60a2d5abf1145dbe481605c586445&amp;width=767\" alt=\"La bronca de Mauro Icardi contra Payarola. (Foto: Instagram\/mauroicardi)\"\/><\/figure>\n\n\n\n<p>En otra de las historias que comparti\u00f3, Icardi sum\u00f3 la foto de Payarola en la comisar\u00eda. \u201cQu\u00e9 paradoja que buscaron durante un a\u00f1o hacer falsas denuncias en Tigre porque en Capital no ten\u00edan \u2018amiguitos\u2019. Y&nbsp;<strong>terminaste en un calabozo donde tanto te gustaba hacerte el guapo<\/strong>\u201d, manifest\u00f3.<\/p>\n\n\n\n<p>Y concluy\u00f3: \u201cTanto lo visualizaste que se te cumpli\u00f3. Esperemos que pronto de haga compa\u00f1\u00eda<strong>&nbsp;la estafadora de tu \u2018mujer\u2019<\/strong>&nbsp;y todos tus c\u00f3mplices\u2019\u201d.<\/p>\n\n\n\n<h2 class=\"wp-block-heading\">La detenci\u00f3n del exabogado de Wanda Nara<\/h2>\n\n\n\n<p>Este jueves por la ma\u00f1ana se conoci\u00f3 la primera foto de<strong>&nbsp;Nicol\u00e1s Payarola<\/strong>&nbsp;en la comisar\u00eda tras quedar&nbsp;<strong>detenido&nbsp;<\/strong>por una causa en la que lo acusan de haber cometido al menos 11 estafas millonarias.<\/p>\n\n\n\n<p>Entre los denunciantes se encuentra el padre de&nbsp;<strong>Gonzalo Montiel<\/strong>, quien acus\u00f3 al exabogado de Wanda Nara de haberle robado<strong>&nbsp;US$700.000<\/strong>&nbsp;al futbolista.<\/p>\n\n\n\n<p>Payarola fue detenido hoy, durante un allanamiento que se hizo en su casa del Golf Club de Nordelta, en el partido bonaerense de&nbsp;<strong>Tigre.<\/strong><\/p>\n\n\n\n<p>El procedimiento se realiz\u00f3 con una orden avalada por el Juzgado de Garant\u00edas N\u00b03 de San Isidro y el&nbsp;<strong>exabogado de Wanda Nara no se resisti\u00f3<\/strong>&nbsp;a la detenci\u00f3n.<\/p>\n\n\n\n<p>Una serie de videos muestra la secuencia completa en la que el personal de la Superintendencia AMBA Norte I de la&nbsp;<strong>Polic\u00eda Bonaerense<\/strong>, a cargo del&nbsp;<strong>comisario general Lucas Borge<\/strong>, realiza el allanamiento y la posterior detenci\u00f3n.<\/p>\n\n\n\n<p>El fiscal&nbsp;<strong>Cosme Irribarren&nbsp;<\/strong>solicit\u00f3 su detenci\u00f3n luego de una extensa investigaci\u00f3n que unifica las denuncias de seis v\u00edctimas distintas y est\u00e1 caratulada como \u201c<strong>estafa, defraudaci\u00f3n por administraci\u00f3n fraudulenta y lavado de activos de origen delictivo\u201d.<\/strong><\/p>\n","protected":false},"excerpt":{"rendered":"<p>El futbolista apunt\u00f3 contra Payarola y lo trat\u00f3 de \u201clacra\u201d y \u201cestafador\u201d. Mauro Icardi\u00a0se burl\u00f3 deNicol\u00e1s Payarola, el exabogado de\u00a0Wanda Nara\u00a0que qued\u00f3\u00a0detenidoeste jueves por una causa en la que lo&hellip; <\/p>\n","protected":false},"author":8,"featured_media":237673,"comment_status":"closed","ping_status":"open","sticky":false,"template":"","format":"standard","meta":{"footnotes":""},"categories":[19],"tags":[],"class_list":["post-237672","post","type-post","status-publish","format-standard","has-post-thumbnail","hentry","category-espectaculos"],"_links":{"self":[{"href":"https:\/\/corrientesdetarde.com\/index.php\/wp-json\/wp\/v2\/posts\/237672","targetHints":{"allow":["GET"]}}],"collection":[{"href":"https:\/\/corrientesdetarde.com\/index.php\/wp-json\/wp\/v2\/posts"}],"about":[{"href":"https:\/\/corrientesdetarde.com\/index.php\/wp-json\/wp\/v2\/types\/post"}],"author":[{"embeddable":true,"href":"https:\/\/corrientesdetarde.com\/index.php\/wp-json\/wp\/v2\/users\/8"}],"replies":[{"embeddable":true,"href":"https:\/\/corrientesdetarde.com\/index.php\/wp-json\/wp\/v2\/comments?post=237672"}],"version-history":[{"count":1,"href":"https:\/\/corrientesdetarde.com\/index.php\/wp-json\/wp\/v2\/posts\/237672\/revisions"}],"predecessor-version":[{"id":237674,"href":"https:\/\/corrientesdetarde.com\/index.php\/wp-json\/wp\/v2\/posts\/237672\/revisions\/237674"}],"wp:featuredmedia":[{"embeddable":true,"href":"https:\/\/corrientesdetarde.com\/index.php\/wp-json\/wp\/v2\/media\/237673"}],"wp:attachment":[{"href":"https:\/\/corrientesdetarde.com\/index.php\/wp-json\/wp\/v2\/media?parent=237672"}],"wp:term":[{"taxonomy":"category","embeddable":true,"href":"https:\/\/corrientesdetarde.com\/index.php\/wp-json\/wp\/v2\/categories?post=237672"},{"taxonomy":"post_tag","embeddable":true,"href":"https:\/\/corrientesdetarde.com\/index.php\/wp-json\/wp\/v2\/tags?post=237672"}],"curies":[{"name":"wp","href":"https:\/\/api.w.org\/{rel}","templated":true}]}}