{"id":237695,"date":"2025-11-27T14:21:36","date_gmt":"2025-11-27T17:21:36","guid":{"rendered":"https:\/\/corrientesdetarde.com\/?p=237695"},"modified":"2025-11-27T14:21:44","modified_gmt":"2025-11-27T17:21:44","slug":"comienza-el-pago-de-becas-pensiones-no-contributivas-y-lideres-comunitarios","status":"publish","type":"post","link":"https:\/\/corrientesdetarde.com\/index.php\/economia\/comienza-el-pago-de-becas-pensiones-no-contributivas-y-lideres-comunitarios\/","title":{"rendered":"Comienza el pago de\u00a0becas, pensiones no contributivas y l\u00edderes comunitarios"},"content":{"rendered":"\n<p>El Ministerio de Desarrollo Social de la provincia, informa a beneficiarios que desde este viernes&nbsp;28 de noviembre&nbsp;estar\u00e1 disponible el&nbsp;pago&nbsp;de&nbsp;becas, pensiones no contributivas y l\u00edderes comunitarios dependientes de este organismo, a pagarse con aumento.<\/p>\n\n\n\n<p>Se podr\u00e1 acceder al cobro a trav\u00e9s de los cajeros autom\u00e1ticos del Banco de Corrientes.<\/p>\n","protected":false},"excerpt":{"rendered":"<p>El Ministerio de Desarrollo Social de la provincia, informa a beneficiarios que desde este viernes&nbsp;28 de noviembre&nbsp;estar\u00e1 disponible el&nbsp;pago&nbsp;de&nbsp;becas, pensiones no contributivas y l\u00edderes comunitarios dependientes de este organismo, a&hellip; <\/p>\n","protected":false},"author":8,"featured_media":237696,"comment_status":"closed","ping_status":"open","sticky":false,"template":"","format":"standard","meta":{"footnotes":""},"categories":[26,20],"tags":[],"class_list":["post-237695","post","type-post","status-publish","format-standard","has-post-thumbnail","hentry","category-destacados","category-economia"],"_links":{"self":[{"href":"https:\/\/corrientesdetarde.com\/index.php\/wp-json\/wp\/v2\/posts\/237695","targetHints":{"allow":["GET"]}}],"collection":[{"href":"https:\/\/corrientesdetarde.com\/index.php\/wp-json\/wp\/v2\/posts"}],"about":[{"href":"https:\/\/corrientesdetarde.com\/index.php\/wp-json\/wp\/v2\/types\/post"}],"author":[{"embeddable":true,"href":"https:\/\/corrientesdetarde.com\/index.php\/wp-json\/wp\/v2\/users\/8"}],"replies":[{"embeddable":true,"href":"https:\/\/corrientesdetarde.com\/index.php\/wp-json\/wp\/v2\/comments?post=237695"}],"version-history":[{"count":1,"href":"https:\/\/corrientesdetarde.com\/index.php\/wp-json\/wp\/v2\/posts\/237695\/revisions"}],"predecessor-version":[{"id":237697,"href":"https:\/\/corrientesdetarde.com\/index.php\/wp-json\/wp\/v2\/posts\/237695\/revisions\/237697"}],"wp:featuredmedia":[{"embeddable":true,"href":"https:\/\/corrientesdetarde.com\/index.php\/wp-json\/wp\/v2\/media\/237696"}],"wp:attachment":[{"href":"https:\/\/corrientesdetarde.com\/index.php\/wp-json\/wp\/v2\/media?parent=237695"}],"wp:term":[{"taxonomy":"category","embeddable":true,"href":"https:\/\/corrientesdetarde.com\/index.php\/wp-json\/wp\/v2\/categories?post=237695"},{"taxonomy":"post_tag","embeddable":true,"href":"https:\/\/corrientesdetarde.com\/index.php\/wp-json\/wp\/v2\/tags?post=237695"}],"curies":[{"name":"wp","href":"https:\/\/api.w.org\/{rel}","templated":true}]}}