{"id":237698,"date":"2025-11-27T14:25:04","date_gmt":"2025-11-27T17:25:04","guid":{"rendered":"https:\/\/corrientesdetarde.com\/?p=237698"},"modified":"2025-11-27T14:25:15","modified_gmt":"2025-11-27T17:25:15","slug":"ernestito-montiel-y-su-cuarteto-santa-ana-celebran-50-anos-de-legado-chamamecero-en-el-teatro-oficial-juan-de-vera","status":"publish","type":"post","link":"https:\/\/corrientesdetarde.com\/index.php\/cultura\/ernestito-montiel-y-su-cuarteto-santa-ana-celebran-50-anos-de-legado-chamamecero-en-el-teatro-oficial-juan-de-vera\/","title":{"rendered":"Ernestito Montiel y su Cuarteto Santa Ana celebran 50 a\u00f1os de legado chamamecero en el Teatro Oficial Juan de Vera"},"content":{"rendered":"\n<p>El pr\u00f3ximo s\u00e1bado 6 de diciembre se conmemoran los 50 a\u00f1os del paso a la eternidad de don Ernesto Montiel, una de las figuras correntinas m\u00e1s importantes del chamam\u00e9 y Ernestito Montiel junto al Cuarteto Santa Ana invitan a celebrarlo desde las 21.30&nbsp;en el Teatro Vera. Las entradas a la venta en&nbsp;<a href=\"https:\/\/4ue34.r.a.d.sendibm1.com\/mk\/cl\/f\/sh\/6rqJfgq8dINmNvd2HB7mP7OK8Ju\/Tb0axnHxDfik\" target=\"_blank\" rel=\"noreferrer noopener\">weepas.ar<\/a>&nbsp;y en boleter\u00eda.&nbsp; &nbsp; &nbsp; &nbsp; &nbsp; &nbsp; &nbsp; &nbsp; &nbsp; &nbsp; &nbsp;&nbsp;&nbsp;&nbsp;&nbsp;&nbsp;&nbsp;&nbsp;&nbsp;&nbsp;&nbsp;&nbsp;&nbsp;&nbsp;<\/p>\n\n\n\n<p>Ernestito Montiel y su Cuarteto Santa Ana inician una gira por todo el pa\u00eds, comenzando por el litoral argentino y arribando al Teatro Juan de Vera con un homenaje sentido y comprometido con el legado heredado de su abuelo. Este nuevo espect\u00e1culo contar\u00e1 con la participaci\u00f3n de invitados muy especiales involucrados en la historia de don Ernesto, como as\u00ed tambi\u00e9n con nuevos valores del g\u00e9nero chamamecero, iniciativa que Ernestito Montiel tuvo siempre, buscando compartir el escenario con sus pares generacionales.<\/p>\n\n\n\n<p>Estar\u00e1n presentes Paquito Aranda, Oscar \u201cCacho\u201d Esp\u00edndola, Coquimarola, Gabriel Cocomarola, Daniel Osuna, Luli Fern\u00e1ndez, Jorge Suligoy, desde Uruguay el Got Talent Enzo Castro, Luis Moulin y Bel\u00e9n Belcastro, Gustavo Miqueri y Litoral Ballet.<\/p>\n\n\n\n<p>Adem\u00e1s el hall del Teatro Vera se convertir\u00e1 en el museo \u201cErnesto Montiel\u201d donde se expondr\u00e1 parte del acervo y la colecci\u00f3n art\u00edstica de nuestro homenajeado. Fotos, recortes, vestuarios, elementos, discos, distinciones, entre tantos otros bienes personales que la familia decide compartir con este p\u00fablico en esta fecha tan especial.<\/p>\n\n\n\n<p><strong>Sobre Ernesto Montiel<\/strong><\/p>\n\n\n\n<p>Ernesto Montiel naci\u00f3 en el paraje \u201cEl Palmar\u201d, departamento de Paso de los Libres, el 26 de febrero de 1916. Fue autor, compositor y acordeonista chamamecero, inaugurando un estilo muy particular dentro de \u00e9ste g\u00e9nero folkl\u00f3rico. Estilo que fue reconocido y destacado a lo largo de toda su vida.<\/p>\n\n\n\n<p>En el a\u00f1o 1942 form\u00f3 el famoso \u201cCuarteto T\u00edpico Correntino Santa Ana\u201d, junto con el bandoneonista Isaco Abitbol, el primer conjunto de chamam\u00e9 que alcanz\u00f3 la fama masiva. En la d\u00e9cada de 1950, Montiel y el Cuarteto Santa Ana eran los encargados de inaugurar los populares bailes de carnaval del Club San Lorenzo de Almagro.<\/p>\n\n\n\n<p>Hacia el a\u00f1o 1951 fue el anfitri\u00f3n musical en la llegada del pr\u00edncipe de los Pa\u00edses Bajos a la Argentina, recibi\u00e9ndolo con chamame en el m\u00edtico Teatro Colon&nbsp;de Buenos Aires, excepci\u00f3n para la \u00e9poca ya que ese espacio solo estaba destinado para la \u00f3pera, la m\u00fasica cl\u00e1sica y el ballet.&nbsp; Para aquella ocasi\u00f3n el pr\u00edncipe Bernardo de Lippe-Biesterfeld obsequio a Don Ernesto un juego de cubiertos de plata, que se conservan para su exposici\u00f3n.<\/p>\n\n\n\n<p>En la d\u00e9cada de 1960 fue reconocido como el m\u00fasico con mayor cantidad de discos vendidos del sello Philips. En esta misma \u00e9poca, el Papa Paulo VI bendijo sus canciones &#8220;Villancico correntino&#8221; y &#8220;Valsecito navide\u00f1o&#8221;, con una carta enviada desde el vaticano que se conserva como parte de una colecci\u00f3n del museo itinerante \u201cErnesto Montiel\u201d.<\/p>\n\n\n\n<p>Ernesto Montiel fue una personalidad destacada del folklore nacional code\u00e1ndose con grandes referentes como Horacio Guaran\u00ed, Mercedes Sosa, Los Chalchareros, Luis Landriscina, Eduardo Fal\u00fa, Santiago Ayala entre tantos otros. Fue figura estelar en salas de Capital Federal y de audiciones en las principales emisoras porte\u00f1as como: Rivadavia, Splendid, Belgrano, Porte\u00f1a y El Mundo. Adem\u00e1s fue la plataforma al \u00e9xito para los artistas. As\u00ed tambi\u00e9n tuvo una importante presencia en los festivales nacionales y fue ovacionado en el prestigioso \u201cFestival de Cosquin\u201d con aplausos, pa\u00f1uelos y un p\u00fablico que de pie reconoci\u00f3 el arte de Montiel.<\/p>\n\n\n\n<p><strong>Entradas<\/strong><\/p>\n\n\n\n<p>A la venta desde $15.900 se pueden adquirir en&nbsp;<a href=\"https:\/\/4ue34.r.a.d.sendibm1.com\/mk\/cl\/f\/sh\/6rqJfgq8dIPRQNvBlUXKKiWFlcw\/aOnhNoOHqgXW\" target=\"_blank\" rel=\"noreferrer noopener\">weepas.ar<\/a>&nbsp;y en boleter\u00eda del teatro, San Juan 637, de lunes a s\u00e1bados de 9 a 13&nbsp;y de 17 a 21. Para clientes del BanCo con tarjetas de cr\u00e9dito Visa, acceden a un 20% de reintegro y financiaci\u00f3n hasta en 3 cuotas sin inter\u00e9s.<\/p>\n","protected":false},"excerpt":{"rendered":"<p>El pr\u00f3ximo s\u00e1bado 6 de diciembre se conmemoran los 50 a\u00f1os del paso a la eternidad de don Ernesto Montiel, una de las figuras correntinas m\u00e1s importantes del chamam\u00e9 y&hellip; <\/p>\n","protected":false},"author":8,"featured_media":237699,"comment_status":"closed","ping_status":"open","sticky":false,"template":"","format":"standard","meta":{"footnotes":""},"categories":[15],"tags":[],"class_list":["post-237698","post","type-post","status-publish","format-standard","has-post-thumbnail","hentry","category-cultura"],"_links":{"self":[{"href":"https:\/\/corrientesdetarde.com\/index.php\/wp-json\/wp\/v2\/posts\/237698","targetHints":{"allow":["GET"]}}],"collection":[{"href":"https:\/\/corrientesdetarde.com\/index.php\/wp-json\/wp\/v2\/posts"}],"about":[{"href":"https:\/\/corrientesdetarde.com\/index.php\/wp-json\/wp\/v2\/types\/post"}],"author":[{"embeddable":true,"href":"https:\/\/corrientesdetarde.com\/index.php\/wp-json\/wp\/v2\/users\/8"}],"replies":[{"embeddable":true,"href":"https:\/\/corrientesdetarde.com\/index.php\/wp-json\/wp\/v2\/comments?post=237698"}],"version-history":[{"count":1,"href":"https:\/\/corrientesdetarde.com\/index.php\/wp-json\/wp\/v2\/posts\/237698\/revisions"}],"predecessor-version":[{"id":237700,"href":"https:\/\/corrientesdetarde.com\/index.php\/wp-json\/wp\/v2\/posts\/237698\/revisions\/237700"}],"wp:featuredmedia":[{"embeddable":true,"href":"https:\/\/corrientesdetarde.com\/index.php\/wp-json\/wp\/v2\/media\/237699"}],"wp:attachment":[{"href":"https:\/\/corrientesdetarde.com\/index.php\/wp-json\/wp\/v2\/media?parent=237698"}],"wp:term":[{"taxonomy":"category","embeddable":true,"href":"https:\/\/corrientesdetarde.com\/index.php\/wp-json\/wp\/v2\/categories?post=237698"},{"taxonomy":"post_tag","embeddable":true,"href":"https:\/\/corrientesdetarde.com\/index.php\/wp-json\/wp\/v2\/tags?post=237698"}],"curies":[{"name":"wp","href":"https:\/\/api.w.org\/{rel}","templated":true}]}}