{"id":237701,"date":"2025-11-27T14:29:25","date_gmt":"2025-11-27T17:29:25","guid":{"rendered":"https:\/\/corrientesdetarde.com\/?p=237701"},"modified":"2025-11-27T14:29:33","modified_gmt":"2025-11-27T17:29:33","slug":"fin-de-semana-con-playas-a-pleno-recorridos-guiados-y-ferias-de-artesanos","status":"publish","type":"post","link":"https:\/\/corrientesdetarde.com\/index.php\/sociales\/fin-de-semana-con-playas-a-pleno-recorridos-guiados-y-ferias-de-artesanos\/","title":{"rendered":"Fin de semana con playas a pleno, recorridos guiados y ferias de artesanos"},"content":{"rendered":"\n<figure class=\"wp-block-table\"><table class=\"has-fixed-layout\"><tbody><tr><td><em>La Municipalidad de Corrientes prepar\u00f3 distintas actividades que se desarrollar\u00e1n de viernes a domingo para el disfrute de vecinos y turistas. Entre ellas, visitas guiadas a la reserva natural \u201cSanta Catalina\u201d, circuitos pedestres por espacios hist\u00f3ricos y la estrella de la temporada: los cinco balnearios capitalinos. Todas alternativas totalmente gratuitas.<\/em><br>Una vez m\u00e1s, desde el viernes al domingo, vecinos y visitantes podr\u00e1n disfrutar de actividades organizadas por la Municipalidad de Corrientes totalmente gratuitas y al aire libre. Entre ellas, la Feria de Artesanos, recorridos pedestres por los principales atractivos de la ciudad y a la reserva Santa Catalina, al igual que los servicios y atractivos de la propuesta: sol y playa. Todas las actividades est\u00e1n sujetas a las inclemencias clim\u00e1ticas.<br><br>La tradicional Feria de Artesanos tendr\u00e1 lugar el viernes, de 9 a 22, en la plaza Cabral, como siempre con una amplia variedad de creaciones \u00fanicas y productos locales. Mientras que el s\u00e1bado y domingo, en el mismo horario, se trasladar\u00e1 a Costanera Sur y Las Heras, brindando una oportunidad para disfrutar del paseo junto al r\u00edo y descubrir piezas \u00fanicas realizadas por emprendedores locales. Se podr\u00e1n adquirir productos en cuero, madera, tejido, dulces regionales, comidas t\u00edpicas y floricultura.<br><br>El viernes, desde las 19.30, en el Museo Casa Molinas (Pellegrini 937), se realizar\u00e1 la apertura de la muestra \u201cMitos a lo Pop Art\u201d, interpretaci\u00f3n de artes pl\u00e1sticas de mitos y leyendas de diferentes culturas, de alumnos del Instituto Vincent. Estar\u00e1 habilitada hasta el 8 de diciembre, de lunes a viernes de 8 a 14 y de 15 a 20.30; s\u00e1bados, domingos y feriados de 9 a 21.<br><br>Durante todos los viernes y s\u00e1bados de noviembre se est\u00e1n llevando adelante las visitas guiadas a la Reserva Natural Municipal Santa Catalina. Las mismas se hacen en dos turnos: 8:30 y 10:30, con una duraci\u00f3n de dos horas aproximadamente. Los cupos son limitados, y se recomienda llevar hidrataci\u00f3n y ropa adecuada para senderismo. La inscripci\u00f3n es, a trav\u00e9s del siguiente link:&nbsp;<a href=\"http:\/\/ciudaddecorrientes.gov.ar\/reservasantacatalina\" target=\"_blank\" rel=\"noreferrer noopener\">ciudaddecorrientes.gov.ar\/reservasantacatalina<\/a>&nbsp;o a trav\u00e9s del Muni Bot, opci\u00f3n 7.<br><br>El s\u00e1bado, en el Colegio Nacional (Quintana 699), de 16 a 20, tendr\u00e1 lugar una nueva jornada de juegos de rol en \u201cDados en la Corriente\u201d.&nbsp;<br><br>En tanto que, desde las 18, se llevar\u00e1 a cabo el cierre anual de talleres municipales 2025 en Casa del Bicentenario (Av. Laprida y Caracas). En la oportunidad ser\u00e1 la presentaci\u00f3n y entrega de certificados a alumnos y profesores de artes pl\u00e1sticas, m\u00fasica, idioma, artes marciales, deportes y gimnasia para adultos.<br><br>El s\u00e1bado, de 18 a 20, se realizar\u00e1 el habitual circuito tur\u00edstico &#8220;Descubr\u00ed Corrientes&#8221; con un recorrido guiado por atractivos de la ciudad. En esta oportunidad ser\u00e1 en la plaza Libertad (Yrigoyen entre Roca y Per\u00fa), con el punto de encuentro en el Monumento Central \u201cTributo a la b\u00fasqueda de la Libertad\u201d.<br><br>En tanto que el domingo el recorrido tur\u00edstico ser\u00e1 por el cementerio San Juan Bautista. En este caso, el punto de encuentro ser\u00e1 la entrada principal, de 18 a 20. Como siempre, los interesados en participar deben inscribirse a trav\u00e9s del siguiente link:&nbsp;<a href=\"https:\/\/visitcorrientes.tur.ar\/descubri\/\" target=\"_blank\" rel=\"noreferrer noopener\">https:\/\/visitcorrientes.tur.ar\/descubri\/<\/a><br><br>TEMPORADA DE PLAYAS<br><br>Quienes deseen disfrutar del sol y la playa, hay cinco balnearios habilitados y con todos los servicios funcionando a pleno, en la ciudad de Corrientes. Se trata de Arazaty I y Arazaty II, Malvinas I y Malvinas II (balneario recreativo exclusivo para canes), y Molina Punta.<br><br>Los visitantes pueden acceder a la playa de 8 a 20. Cabe se\u00f1alar que en Arazaty I y II y Malvinas I, los sanitarios permanecen abiertos hasta las 2.30 de la madrugada.<\/td><\/tr><\/tbody><\/table><\/figure>\n\n\n\n<figure class=\"wp-block-table\"><table class=\"has-fixed-layout\"><tbody><tr><td><\/td><\/tr><\/tbody><\/table><\/figure>\n\n\n\n<figure class=\"wp-block-image size-full\"><img loading=\"lazy\" decoding=\"async\" width=\"848\" height=\"564\" src=\"https:\/\/corrientesdetarde.com\/wp-content\/uploads\/2025\/11\/image-789.png\" alt=\"\" class=\"wp-image-237703\" srcset=\"https:\/\/corrientesdetarde.com\/wp-content\/uploads\/2025\/11\/image-789.png 848w, https:\/\/corrientesdetarde.com\/wp-content\/uploads\/2025\/11\/image-789-300x200.png 300w, https:\/\/corrientesdetarde.com\/wp-content\/uploads\/2025\/11\/image-789-768x511.png 768w\" sizes=\"auto, (max-width: 848px) 100vw, 848px\" \/><\/figure>\n\n\n\n<figure class=\"wp-block-image size-large\"><img loading=\"lazy\" decoding=\"async\" width=\"1024\" height=\"682\" src=\"https:\/\/corrientesdetarde.com\/wp-content\/uploads\/2025\/11\/image-790-1024x682.png\" alt=\"\" class=\"wp-image-237704\" srcset=\"https:\/\/corrientesdetarde.com\/wp-content\/uploads\/2025\/11\/image-790-1024x682.png 1024w, https:\/\/corrientesdetarde.com\/wp-content\/uploads\/2025\/11\/image-790-300x200.png 300w, https:\/\/corrientesdetarde.com\/wp-content\/uploads\/2025\/11\/image-790-768x512.png 768w, https:\/\/corrientesdetarde.com\/wp-content\/uploads\/2025\/11\/image-790.png 1280w\" sizes=\"auto, (max-width: 1024px) 100vw, 1024px\" \/><\/figure>\n\n\n\n<figure class=\"wp-block-image size-large\"><img loading=\"lazy\" decoding=\"async\" width=\"819\" height=\"1024\" src=\"https:\/\/corrientesdetarde.com\/wp-content\/uploads\/2025\/11\/image-791-819x1024.png\" alt=\"\" class=\"wp-image-237705\" srcset=\"https:\/\/corrientesdetarde.com\/wp-content\/uploads\/2025\/11\/image-791-819x1024.png 819w, https:\/\/corrientesdetarde.com\/wp-content\/uploads\/2025\/11\/image-791-240x300.png 240w, https:\/\/corrientesdetarde.com\/wp-content\/uploads\/2025\/11\/image-791-768x960.png 768w, https:\/\/corrientesdetarde.com\/wp-content\/uploads\/2025\/11\/image-791.png 1024w\" sizes=\"auto, (max-width: 819px) 100vw, 819px\" \/><\/figure>\n\n\n\n<figure class=\"wp-block-image size-large\"><img loading=\"lazy\" decoding=\"async\" width=\"819\" height=\"1024\" src=\"https:\/\/corrientesdetarde.com\/wp-content\/uploads\/2025\/11\/image-792-819x1024.png\" alt=\"\" class=\"wp-image-237706\" srcset=\"https:\/\/corrientesdetarde.com\/wp-content\/uploads\/2025\/11\/image-792-819x1024.png 819w, https:\/\/corrientesdetarde.com\/wp-content\/uploads\/2025\/11\/image-792-240x300.png 240w, https:\/\/corrientesdetarde.com\/wp-content\/uploads\/2025\/11\/image-792-768x960.png 768w, https:\/\/corrientesdetarde.com\/wp-content\/uploads\/2025\/11\/image-792.png 1024w\" sizes=\"auto, (max-width: 819px) 100vw, 819px\" \/><\/figure>\n\n\n\n<figure class=\"wp-block-image size-large\"><img loading=\"lazy\" decoding=\"async\" width=\"818\" height=\"1024\" src=\"https:\/\/corrientesdetarde.com\/wp-content\/uploads\/2025\/11\/image-793-818x1024.png\" alt=\"\" class=\"wp-image-237707\" srcset=\"https:\/\/corrientesdetarde.com\/wp-content\/uploads\/2025\/11\/image-793-818x1024.png 818w, https:\/\/corrientesdetarde.com\/wp-content\/uploads\/2025\/11\/image-793-240x300.png 240w, https:\/\/corrientesdetarde.com\/wp-content\/uploads\/2025\/11\/image-793-768x961.png 768w, https:\/\/corrientesdetarde.com\/wp-content\/uploads\/2025\/11\/image-793.png 1023w\" sizes=\"auto, (max-width: 818px) 100vw, 818px\" \/><\/figure>\n","protected":false},"excerpt":{"rendered":"<p>La Municipalidad de Corrientes prepar\u00f3 distintas actividades que se desarrollar\u00e1n de viernes a domingo para el disfrute de vecinos y turistas. Entre ellas, visitas guiadas a la reserva natural \u201cSanta&hellip; <\/p>\n","protected":false},"author":8,"featured_media":237702,"comment_status":"closed","ping_status":"open","sticky":false,"template":"","format":"standard","meta":{"footnotes":""},"categories":[17],"tags":[],"class_list":["post-237701","post","type-post","status-publish","format-standard","has-post-thumbnail","hentry","category-sociales"],"_links":{"self":[{"href":"https:\/\/corrientesdetarde.com\/index.php\/wp-json\/wp\/v2\/posts\/237701","targetHints":{"allow":["GET"]}}],"collection":[{"href":"https:\/\/corrientesdetarde.com\/index.php\/wp-json\/wp\/v2\/posts"}],"about":[{"href":"https:\/\/corrientesdetarde.com\/index.php\/wp-json\/wp\/v2\/types\/post"}],"author":[{"embeddable":true,"href":"https:\/\/corrientesdetarde.com\/index.php\/wp-json\/wp\/v2\/users\/8"}],"replies":[{"embeddable":true,"href":"https:\/\/corrientesdetarde.com\/index.php\/wp-json\/wp\/v2\/comments?post=237701"}],"version-history":[{"count":1,"href":"https:\/\/corrientesdetarde.com\/index.php\/wp-json\/wp\/v2\/posts\/237701\/revisions"}],"predecessor-version":[{"id":237708,"href":"https:\/\/corrientesdetarde.com\/index.php\/wp-json\/wp\/v2\/posts\/237701\/revisions\/237708"}],"wp:featuredmedia":[{"embeddable":true,"href":"https:\/\/corrientesdetarde.com\/index.php\/wp-json\/wp\/v2\/media\/237702"}],"wp:attachment":[{"href":"https:\/\/corrientesdetarde.com\/index.php\/wp-json\/wp\/v2\/media?parent=237701"}],"wp:term":[{"taxonomy":"category","embeddable":true,"href":"https:\/\/corrientesdetarde.com\/index.php\/wp-json\/wp\/v2\/categories?post=237701"},{"taxonomy":"post_tag","embeddable":true,"href":"https:\/\/corrientesdetarde.com\/index.php\/wp-json\/wp\/v2\/tags?post=237701"}],"curies":[{"name":"wp","href":"https:\/\/api.w.org\/{rel}","templated":true}]}}