{"id":237721,"date":"2025-11-27T15:36:28","date_gmt":"2025-11-27T18:36:28","guid":{"rendered":"https:\/\/corrientesdetarde.com\/?p=237721"},"modified":"2025-11-27T15:36:40","modified_gmt":"2025-11-27T18:36:40","slug":"tassano-en-homenaje-al-procer-belgrano-fue-consecuente-con-los-valores-de-independencia-y-libertad","status":"publish","type":"post","link":"https:\/\/corrientesdetarde.com\/index.php\/eventos\/tassano-en-homenaje-al-procer-belgrano-fue-consecuente-con-los-valores-de-independencia-y-libertad\/","title":{"rendered":"Tassano, en homenaje al pr\u00f3cer: \u201cBelgrano fue consecuente con los valores de independencia y libertad\u201d"},"content":{"rendered":"\n<p><em>El intendente encabez\u00f3 un acto en honor al creador de la bandera nacional en la plazoleta de la bajada del puente que lleva su nombre. Particip\u00f3 una delegaci\u00f3n del Instituto Belgraniano de la Rep\u00fablica Argentina. Luego, realiz\u00f3 la entrega formal de la Bandera de la Libertad Civil en la Casa de Gobierno, con presencia del gobernador.<\/em><br>Con una ofrenda floral y el descubrimiento de placa conmemorativa, se inici\u00f3 este jueves por la ma\u00f1ana una jornada de homenaje a Manuel Belgrano en Corrientes. El primer acto en honor al creador de la bandera nacional se realiz\u00f3 al pie del monumento del paseo de avenida 3 de Abril y calle Pago Largo, contiguo al puente interprovincial que lleva el nombre.\u201cBelgrano fue consecuente con los valores de independencia y libertad\u201d, resalt\u00f3 en la ocasi\u00f3n el intendente Eduardo Tassano, al encabezar dicha ceremonia que cont\u00f3 con la participaci\u00f3n de integrantes del Instituto Belgraniano de la Rep\u00fablica Argentina.La comitiva estuvo encabezada por su presidente, Manuel Belgrano, chozno nieto (quinta generaci\u00f3n descendiente) del pr\u00f3cer argentino. Tambi\u00e9n estuvieron directivos del Instituto Belgraniano Filial Corrientes.Durante el encuentro en honor a Belgrano, la instituci\u00f3n entreg\u00f3 un reconocimiento al intendente Tassano por su constante apoyo a la actividad belgraniana en la ciudad.&#8221;La figura de Manuel Belgrano es de una persona \u00edntegra y es una fuente de inspiraci\u00f3n para los argentinos. Sobre todo, por su devoci\u00f3n puesta de manifiesto en la organizaci\u00f3n del pa\u00eds, impulsando temas como el desarrollo econ\u00f3mico y el educativo&#8221;, se\u00f1al\u00f3 el jefe comunal.A la vez valor\u00f3 que \u201csin dudas, Belgrano cobra mayor valor en el pa\u00eds\u201d.BANDERA Y MEDALLATras el acto desarrollado en la plazoleta de la bajada del puente, el jefe comunal capitalino particip\u00f3 de un segundo encuentro en honor a Belgrano en la Casa de Gobierno, encabezado ya por el gobernador Gustavo Vald\u00e9s. En el Sal\u00f3n Amarillo se hizo entrega formal de la Bandera de la Libertad Civil a la provincia de Corrientes, por parte del Instituto Belgraniano de la Rep\u00fablica Argentina.Adem\u00e1s, la instituci\u00f3n nacional distingui\u00f3 al mandatario provincial con la Medalla de Oro al M\u00e9rito, por \u201csu labor en pro de la defensa, difusi\u00f3n y valoraci\u00f3n de nuestra historia, cultura y valores patrios\u201d, remarcaron en la oportunidad.CONGRESO BELGRANIANODurante la entrega de la Bandera de la Libertad Civil a la provincia, el presidente del Instituto Belgraniano de la Rep\u00fablica Argentina anunci\u00f3 que el a\u00f1o que viene se realizar\u00e1 en Corrientes el 4\u00b0 Congreso Nacional e Internacional Belgraniano. \u201cIncluir\u00e1 ponencias y conferencias magistrales sobre la vida y legado de Manuel Belgrano\u201d, explic\u00f3.\u201cEl evento recorrer\u00e1 lugares significativos como Yaguaret\u00e9 Cor\u00e1, donde naci\u00f3 el h\u00e9roe Pedrito Reyes (el Tambor de Tacuar\u00ed), y cerrar\u00e1 en Corrientes, otro lugar importante en toda la historia de Belgrano\u201d, anticip\u00f3.Este congreso se enfocar\u00e1 en revivir la historia, las ra\u00edces y los valores de unidad y libertad que promovieron los padres fundadores de la patria.<\/p>\n\n\n\n<figure class=\"wp-block-image size-large\"><img loading=\"lazy\" decoding=\"async\" width=\"1024\" height=\"682\" src=\"https:\/\/corrientesdetarde.com\/wp-content\/uploads\/2025\/11\/image-799-1024x682.png\" alt=\"\" class=\"wp-image-237723\" srcset=\"https:\/\/corrientesdetarde.com\/wp-content\/uploads\/2025\/11\/image-799-1024x682.png 1024w, https:\/\/corrientesdetarde.com\/wp-content\/uploads\/2025\/11\/image-799-300x200.png 300w, https:\/\/corrientesdetarde.com\/wp-content\/uploads\/2025\/11\/image-799-768x512.png 768w, https:\/\/corrientesdetarde.com\/wp-content\/uploads\/2025\/11\/image-799.png 1280w\" sizes=\"auto, (max-width: 1024px) 100vw, 1024px\" \/><\/figure>\n\n\n\n<figure class=\"wp-block-image size-large\"><img loading=\"lazy\" decoding=\"async\" width=\"1024\" height=\"682\" src=\"https:\/\/corrientesdetarde.com\/wp-content\/uploads\/2025\/11\/image-800-1024x682.png\" alt=\"\" class=\"wp-image-237724\" srcset=\"https:\/\/corrientesdetarde.com\/wp-content\/uploads\/2025\/11\/image-800-1024x682.png 1024w, https:\/\/corrientesdetarde.com\/wp-content\/uploads\/2025\/11\/image-800-300x200.png 300w, https:\/\/corrientesdetarde.com\/wp-content\/uploads\/2025\/11\/image-800-768x512.png 768w, https:\/\/corrientesdetarde.com\/wp-content\/uploads\/2025\/11\/image-800.png 1280w\" sizes=\"auto, (max-width: 1024px) 100vw, 1024px\" \/><\/figure>\n","protected":false},"excerpt":{"rendered":"<p>El intendente encabez\u00f3 un acto en honor al creador de la bandera nacional en la plazoleta de la bajada del puente que lleva su nombre. Particip\u00f3 una delegaci\u00f3n del Instituto&hellip; <\/p>\n","protected":false},"author":8,"featured_media":237722,"comment_status":"closed","ping_status":"open","sticky":false,"template":"","format":"standard","meta":{"footnotes":""},"categories":[22],"tags":[],"class_list":["post-237721","post","type-post","status-publish","format-standard","has-post-thumbnail","hentry","category-eventos"],"_links":{"self":[{"href":"https:\/\/corrientesdetarde.com\/index.php\/wp-json\/wp\/v2\/posts\/237721","targetHints":{"allow":["GET"]}}],"collection":[{"href":"https:\/\/corrientesdetarde.com\/index.php\/wp-json\/wp\/v2\/posts"}],"about":[{"href":"https:\/\/corrientesdetarde.com\/index.php\/wp-json\/wp\/v2\/types\/post"}],"author":[{"embeddable":true,"href":"https:\/\/corrientesdetarde.com\/index.php\/wp-json\/wp\/v2\/users\/8"}],"replies":[{"embeddable":true,"href":"https:\/\/corrientesdetarde.com\/index.php\/wp-json\/wp\/v2\/comments?post=237721"}],"version-history":[{"count":1,"href":"https:\/\/corrientesdetarde.com\/index.php\/wp-json\/wp\/v2\/posts\/237721\/revisions"}],"predecessor-version":[{"id":237725,"href":"https:\/\/corrientesdetarde.com\/index.php\/wp-json\/wp\/v2\/posts\/237721\/revisions\/237725"}],"wp:featuredmedia":[{"embeddable":true,"href":"https:\/\/corrientesdetarde.com\/index.php\/wp-json\/wp\/v2\/media\/237722"}],"wp:attachment":[{"href":"https:\/\/corrientesdetarde.com\/index.php\/wp-json\/wp\/v2\/media?parent=237721"}],"wp:term":[{"taxonomy":"category","embeddable":true,"href":"https:\/\/corrientesdetarde.com\/index.php\/wp-json\/wp\/v2\/categories?post=237721"},{"taxonomy":"post_tag","embeddable":true,"href":"https:\/\/corrientesdetarde.com\/index.php\/wp-json\/wp\/v2\/tags?post=237721"}],"curies":[{"name":"wp","href":"https:\/\/api.w.org\/{rel}","templated":true}]}}