{"id":237726,"date":"2025-11-27T15:39:44","date_gmt":"2025-11-27T18:39:44","guid":{"rendered":"https:\/\/corrientesdetarde.com\/?p=237726"},"modified":"2025-11-27T15:39:50","modified_gmt":"2025-11-27T18:39:50","slug":"en-su-primer-viaje-internacional-el-papa-leon-xiv-llego-a-turquia-y-pidio-a-erdogan-estabilidad-en-la-region","status":"publish","type":"post","link":"https:\/\/corrientesdetarde.com\/index.php\/internacionales\/en-su-primer-viaje-internacional-el-papa-leon-xiv-llego-a-turquia-y-pidio-a-erdogan-estabilidad-en-la-region\/","title":{"rendered":"En su primer viaje internacional, el papa Le\u00f3n XIV lleg\u00f3 a Turqu\u00eda y pidi\u00f3 a Erdogan estabilidad en la regi\u00f3n"},"content":{"rendered":"\n<p>La gira hab\u00eda sido organizada para su predecesor, el papa Francisco, fallecido en mayo. Tambi\u00e9n ir\u00e1 al L\u00edbano.<\/p>\n\n\n\n<p>En el inicio de su primer viaje internacional de su pontificado, el papa&nbsp;<strong>Le\u00f3n XIV<\/strong>&nbsp;lleg\u00f3 esta jueves a Turqu\u00eda y llam\u00f3 al pa\u00eds a desempe\u00f1ar un papel \u201cestabilizador\u201d en un contexto mundial \u201cfuertemente conflictivo\u201d.<\/p>\n\n\n\n<p>El pont\u00edfice lleg\u00f3 a Ankara, la capital turca, poco despu\u00e9s del mediod\u00eda local, y fue recibido en el palacio presidencial por el jefe de Estado,&nbsp;<strong>Recep Tayyip Erdogan<\/strong>, con los himnos del Vaticano y Turqu\u00eda y salvas de ca\u00f1\u00f3n.<\/p>\n\n\n\n<p>\u201cSe\u00f1or presidente, que Turqu\u00eda sea un factor de estabilidad y acercamiento entre los pueblos, al servicio de una paz justa y duradera\u201d afirm\u00f3 el pont\u00edfice.<\/p>\n\n\n\n<p>La gira, que se extender\u00e1 hasta el martes pr\u00f3ximo, proseguir\u00e1 por el\u00a0L\u00edbano, que en los \u00faltimos d\u00edas fue bombardeado por Israel.<\/p>\n\n\n\n<h2 class=\"wp-block-heading\">\u201cUn puente entre Oriente u Occidente\u201d<\/h2>\n\n\n\n<p>Turqu\u00eda es un actor destacado en la vol\u00e1til geopol\u00edtica de Oriente Medio y se implica tambi\u00e9n en las negociaciones entre Ucrania y Rusia para poner fin a la guerra iniciada con la invasi\u00f3n rusa en febrero de 2022.<\/p>\n\n\n\n<p>Le\u00f3n XIV alab\u00f3 al pa\u00eds como \u201cun puente entre Oriente y Occidente, entre Asia y Europa y una encrucijada de culturas y religiones\u201d.<\/p>\n\n\n\n<figure class=\"wp-block-image\"><img decoding=\"async\" src=\"https:\/\/tn.com.ar\/resizer\/v2\/el-papa-leon-xiv-camina-a-su-llegada-al-aeropuerto-internacional-de-ankara-turquia-el-jueves-27-de-noviembre-de-2025-al-inicio-de-su-primer-viaje-al-extranjero-ap-fotokhalil-hamra-W7XY5JDQ7YKIFIZPGC5PHT66EI.jpg?auth=8e167531a337dac6c6a320d30f4288d8ade851f37fb3e6b32b7e14dc4f7e5044&amp;width=767\" alt=\"El papa Le\u00f3n XIV camina a su llegada al aeropuerto internacional de Ankara, Turqu\u00eda, el jueves 27 de noviembre de 2025, al inicio de su primer viaje al extranjero. (AP Foto\/Khalil Hamra)\"\/><\/figure>\n\n\n\n<p>Pero tambi\u00e9n advirti\u00f3 que la homogeneizaci\u00f3n del pa\u00eds, con apenas un 0,1% de cristianos entre 86 millones de habitantes, \u201crepresentar\u00eda un empobrecimiento\u201d.<\/p>\n\n\n\n<p>Su anfitri\u00f3n Erdogan asegur\u00f3 que Turqu\u00eda no permite la \u201cdiscriminaci\u00f3n\u201d y dijo que no ve \u201clas diferencias culturales, religiosas y \u00e9tnicas como una fuente de divisi\u00f3n, sino de enriquecimiento\u201d.<\/p>\n\n\n\n<p>\u201cTurqu\u00eda, donde un 99% de los ciudadanos son musulmanes, alienta el respeto a todas las confesiones, tambi\u00e9n las comunidades cristianas\u201d, asegur\u00f3.<\/p>\n\n\n\n<h2 class=\"wp-block-heading\">\u201cBonito mensaje para el mundo\u201d<\/h2>\n\n\n\n<p>A bordo del avi\u00f3n que lo llev\u00f3 de Roma a Ankara, el pont\u00edfice explic\u00f3 a los 80 periodistas que lo acompa\u00f1aban su impaciencia por este viaje previsto para su predecesor, el papa Francisco, fallecido en mayo.<\/p>\n\n\n\n<p>\u201cEsperaba este viaje con mucha ilusi\u00f3n por lo que significa para los cristianos, aunque tambi\u00e9n&nbsp;<strong>es un bonito mensaje para el mundo entero<\/strong>\u201d, declar\u00f3.<\/p>\n\n\n\n<p>A su llegada, el papa cruz\u00f3 una capital tomada por las fuerzas de seguridad hasta el mausoleo de Mustafa Kemal Atat\u00fcrk (1881-1938), el fundador de la Turqu\u00eda moderna y s\u00edmbolo de la Rep\u00fablica laica.<\/p>\n\n\n\n<p>En los \u00faltimos a\u00f1os, el estatus laico del pa\u00eds se ha visto cuestionado por el auge del nacionalismo religioso y la politizaci\u00f3n de s\u00edmbolos como la bas\u00edlica de Santa Sof\u00eda de Estambul, convertida en mezquita en 2020.<\/p>\n\n\n\n<p>Pese a ello, el Vaticano busca mantener el di\u00e1logo con Ankara, que considera clave para la paz en la regi\u00f3n.<\/p>\n\n\n\n<p>La Santa Sede reconoce el esfuerzo realizado por Turqu\u00eda para acoger en su territorio a m\u00e1s de 2,5 millones de refugiados, en su gran mayor\u00eda sirios, seg\u00fan las autoridades.<\/p>\n\n\n\n<p>El l\u00edder de los 1400 millones de cat\u00f3licos sigui\u00f3 en ese sentido los pasos de su predecesor Francisco, al criticar recientemente el trato \u201cextremadamente irrespetuoso\u201d hacia los migrantes de la administraci\u00f3n estadounidense de Donald Trump.<\/p>\n\n\n\n<p><\/p>\n","protected":false},"excerpt":{"rendered":"<p>La gira hab\u00eda sido organizada para su predecesor, el papa Francisco, fallecido en mayo. Tambi\u00e9n ir\u00e1 al L\u00edbano. En el inicio de su primer viaje internacional de su pontificado, el&hellip; <\/p>\n","protected":false},"author":8,"featured_media":237727,"comment_status":"closed","ping_status":"open","sticky":false,"template":"","format":"standard","meta":{"footnotes":""},"categories":[11],"tags":[],"class_list":["post-237726","post","type-post","status-publish","format-standard","has-post-thumbnail","hentry","category-internacionales"],"_links":{"self":[{"href":"https:\/\/corrientesdetarde.com\/index.php\/wp-json\/wp\/v2\/posts\/237726","targetHints":{"allow":["GET"]}}],"collection":[{"href":"https:\/\/corrientesdetarde.com\/index.php\/wp-json\/wp\/v2\/posts"}],"about":[{"href":"https:\/\/corrientesdetarde.com\/index.php\/wp-json\/wp\/v2\/types\/post"}],"author":[{"embeddable":true,"href":"https:\/\/corrientesdetarde.com\/index.php\/wp-json\/wp\/v2\/users\/8"}],"replies":[{"embeddable":true,"href":"https:\/\/corrientesdetarde.com\/index.php\/wp-json\/wp\/v2\/comments?post=237726"}],"version-history":[{"count":1,"href":"https:\/\/corrientesdetarde.com\/index.php\/wp-json\/wp\/v2\/posts\/237726\/revisions"}],"predecessor-version":[{"id":237728,"href":"https:\/\/corrientesdetarde.com\/index.php\/wp-json\/wp\/v2\/posts\/237726\/revisions\/237728"}],"wp:featuredmedia":[{"embeddable":true,"href":"https:\/\/corrientesdetarde.com\/index.php\/wp-json\/wp\/v2\/media\/237727"}],"wp:attachment":[{"href":"https:\/\/corrientesdetarde.com\/index.php\/wp-json\/wp\/v2\/media?parent=237726"}],"wp:term":[{"taxonomy":"category","embeddable":true,"href":"https:\/\/corrientesdetarde.com\/index.php\/wp-json\/wp\/v2\/categories?post=237726"},{"taxonomy":"post_tag","embeddable":true,"href":"https:\/\/corrientesdetarde.com\/index.php\/wp-json\/wp\/v2\/tags?post=237726"}],"curies":[{"name":"wp","href":"https:\/\/api.w.org\/{rel}","templated":true}]}}