{"id":237739,"date":"2025-11-27T19:49:36","date_gmt":"2025-11-27T22:49:36","guid":{"rendered":"https:\/\/corrientesdetarde.com\/?p=237739"},"modified":"2025-11-27T19:52:22","modified_gmt":"2025-11-27T22:52:22","slug":"senado-aprobo-el-nuevo-codigo-procesal-laboral-y-avanzo-en-diversas-iniciativas-legislativas","status":"publish","type":"post","link":"https:\/\/corrientesdetarde.com\/index.php\/eventossociedad\/senado-aprobo-el-nuevo-codigo-procesal-laboral-y-avanzo-en-diversas-iniciativas-legislativas\/","title":{"rendered":"Senado aprob\u00f3 el nuevo C\u00f3digo Procesal Laboral y avanz\u00f3 en diversas iniciativas legislativas"},"content":{"rendered":"\n<p>La C\u00e1mara de Senadores, presidida por el vicegobernador Pedro Braillard Poccard, celebr\u00f3 este jueves su 12\u00aa sesi\u00f3n ordinaria, en la cual se sancionaron importantes normas y se dio tratamiento a m\u00faltiples iniciativas remitidas por el Poder Ejecutivo y la Honorable C\u00e1mara de Diputados.<\/p>\n\n\n\n<figure class=\"wp-block-image size-full\"><img loading=\"lazy\" decoding=\"async\" width=\"1005\" height=\"667\" src=\"https:\/\/corrientesdetarde.com\/wp-content\/uploads\/2025\/11\/image-805.png\" alt=\"\" class=\"wp-image-237742\" srcset=\"https:\/\/corrientesdetarde.com\/wp-content\/uploads\/2025\/11\/image-805.png 1005w, https:\/\/corrientesdetarde.com\/wp-content\/uploads\/2025\/11\/image-805-300x199.png 300w, https:\/\/corrientesdetarde.com\/wp-content\/uploads\/2025\/11\/image-805-768x510.png 768w\" sizes=\"auto, (max-width: 1005px) 100vw, 1005px\" \/><\/figure>\n\n\n\n<p>En primer lugar, convirti\u00f3 en ley el Proyecto presentado por varios Senadores sobre el C\u00f3digo Procesal Laboral de la Provincia de Corrientes.<\/p>\n\n\n\n<p>Tambi\u00e9n es ley el Proyecto presentado por varios Senadores por el que se establece un nuevo procedimiento para la Oficina de Conciliaci\u00f3n Laboral (OCLO).<\/p>\n\n\n\n<p>Y es ley adem\u00e1s, el proyecto venido de la Honorable C\u00e1mara de Diputados por el que se establece un r\u00e9gimen de concurso excepcional y transitorio para la titularizaci\u00f3n del personal docente.<\/p>\n\n\n\n<p>En tanto, fue aprobado con media sanci\u00f3n el Proyecto de Ley presentado por Senadores del Bloque de la U.C.R. por el que se establecen l\u00edmites al Poder Ejecutivo y a sus organismos, para el otorgamiento de subsidios, donaciones, cr\u00e9ditos, auspicios o la celebraci\u00f3n de convenios con instituciones, asociaciones civiles u organizaciones (ONG) que realicen homenajes, conmemoraciones, exaltaciones o reivindicaciones de personas condenadas por delitos de lesa humanidad, violaciones de los derechos humanos o que incurran en apolog\u00eda de estos delitos.<\/p>\n\n\n\n<p>Sumado a esto, la C\u00e1mara alta aprob\u00f3 el proyecto de resoluci\u00f3n por el que se repudia la decisi\u00f3n de la Comisi\u00f3n Directiva de la Sociedad Rural de Corrientes de imponer el nombre del ex Capit\u00e1n Juan Carlos De Marchi a la plaza principal de su predio, trat\u00e1ndose de una persona condenada por delitos de lesa humanidad, iniciativa unificada por los Senadores del Bloque de la U.C.R. y del PJ.<\/p>\n\n\n\n<p>Por otra parte, se incorpor\u00f3 y aprob\u00f3 la nota del Poder Ejecutivo Provincial que remite el Decreto N\u00ba 2332\/25, por el cual se convoca a Sesiones Extraordinarias del 1 al 19 de diciembre de 2025.<\/p>\n\n\n\n<p>Asimismo, se trat\u00f3 y aprob\u00f3 la renuncia de la senadora Ver\u00f3nica In\u00e9s Esp\u00edndola, efectiva a partir del 9 de diciembre de 2025.<\/p>\n\n\n\n<p>En otro orden, el alto Cuerpo desarroll\u00f3 la audiencia p\u00fablica para dar tratamiento a los pliegos remitidos por el Poder Ejecutivo Provincial: para la designaci\u00f3n en el cargo de Juez Civil y Comercial de la Cuarta Circunscripci\u00f3n Judicial con asiento en la ciudad de Monte Caseros (Corrientes), para el Dr. Vicente Humberto Br\u00edtes; en el cargo de Juez de Garant\u00edas de la Segunda Circunscripci\u00f3n Judicial con asiento en la ciudad de Goya (Corrientes), para el Dr. Francisco Antonio Arr\u00fae; y en el cargo de Juez del Tribunal de Juicio N\u00ba 2 de la Primera Circunscripci\u00f3n Judicial con asiento en la ciudad de Corrientes, para el Dr. Joaqu\u00edn Jorge Sebasti\u00e1n Romero.<\/p>\n\n\n\n<p>Los mismos pasaron sin impugnaciones a la Comisi\u00f3n de Poderes, Peticiones, Acuerdos y Reglamentos.<\/p>\n\n\n\n<p>Cabe destacar, que el Proyecto de Ley enviado por el Poder Ejecutivo Provincial de Presupuesto General de Gastos y C\u00e1lculo de Recursos de la Administraci\u00f3n P\u00fablica Provincial &#8211; Ejercicio 2026 contin\u00faa en la Comisi\u00f3n de Impuesto y Presupuesto para su posterior tratamiento.<\/p>\n","protected":false},"excerpt":{"rendered":"<p>La C\u00e1mara de Senadores, presidida por el vicegobernador Pedro Braillard Poccard, celebr\u00f3 este jueves su 12\u00aa sesi\u00f3n ordinaria, en la cual se sancionaron importantes normas y se dio tratamiento a&hellip; <\/p>\n","protected":false},"author":4,"featured_media":237744,"comment_status":"closed","ping_status":"open","sticky":false,"template":"","format":"standard","meta":{"footnotes":""},"categories":[1208],"tags":[],"class_list":["post-237739","post","type-post","status-publish","format-standard","has-post-thumbnail","hentry","category-eventossociedad"],"_links":{"self":[{"href":"https:\/\/corrientesdetarde.com\/index.php\/wp-json\/wp\/v2\/posts\/237739","targetHints":{"allow":["GET"]}}],"collection":[{"href":"https:\/\/corrientesdetarde.com\/index.php\/wp-json\/wp\/v2\/posts"}],"about":[{"href":"https:\/\/corrientesdetarde.com\/index.php\/wp-json\/wp\/v2\/types\/post"}],"author":[{"embeddable":true,"href":"https:\/\/corrientesdetarde.com\/index.php\/wp-json\/wp\/v2\/users\/4"}],"replies":[{"embeddable":true,"href":"https:\/\/corrientesdetarde.com\/index.php\/wp-json\/wp\/v2\/comments?post=237739"}],"version-history":[{"count":2,"href":"https:\/\/corrientesdetarde.com\/index.php\/wp-json\/wp\/v2\/posts\/237739\/revisions"}],"predecessor-version":[{"id":237749,"href":"https:\/\/corrientesdetarde.com\/index.php\/wp-json\/wp\/v2\/posts\/237739\/revisions\/237749"}],"wp:featuredmedia":[{"embeddable":true,"href":"https:\/\/corrientesdetarde.com\/index.php\/wp-json\/wp\/v2\/media\/237744"}],"wp:attachment":[{"href":"https:\/\/corrientesdetarde.com\/index.php\/wp-json\/wp\/v2\/media?parent=237739"}],"wp:term":[{"taxonomy":"category","embeddable":true,"href":"https:\/\/corrientesdetarde.com\/index.php\/wp-json\/wp\/v2\/categories?post=237739"},{"taxonomy":"post_tag","embeddable":true,"href":"https:\/\/corrientesdetarde.com\/index.php\/wp-json\/wp\/v2\/tags?post=237739"}],"curies":[{"name":"wp","href":"https:\/\/api.w.org\/{rel}","templated":true}]}}