{"id":237750,"date":"2025-11-27T20:22:06","date_gmt":"2025-11-27T23:22:06","guid":{"rendered":"https:\/\/corrientesdetarde.com\/?p=237750"},"modified":"2025-11-27T20:22:14","modified_gmt":"2025-11-27T23:22:14","slug":"homenaje-al-general-manuel-belgrano-descubrimiento-de-placa-y-reconocimiento-institucional-en-el-colegio-secundario-manuel-belgrano","status":"publish","type":"post","link":"https:\/\/corrientesdetarde.com\/index.php\/eventos\/homenaje-al-general-manuel-belgrano-descubrimiento-de-placa-y-reconocimiento-institucional-en-el-colegio-secundario-manuel-belgrano\/","title":{"rendered":"Homenaje al General Manuel Belgrano: Descubrimiento de placa y reconocimiento institucional en el Colegio Secundario Manuel Belgrano"},"content":{"rendered":"\n<p>El vicegobernador de la provincia Dr. Pedro Braillard Poccard presidi\u00f3 el acto en el que, con la destacada presencia del licenciado Manuel Belgrano, chozno nieto del pr\u00f3cer, creador de la Bandera Nacional y actual Presidente del Instituto Belgraniano de la Rep\u00fablica Argentina, se realiz\u00f3 este jueves un emotivo acto de homenaje en el Colegio Secundario Manuel Belgrano. La jornada incluy\u00f3 el descubrimiento de una placa conmemorativa y la colocaci\u00f3n de una ofrenda floral en honor al legado del General.<\/p>\n\n\n\n<figure class=\"wp-block-image size-large\"><img loading=\"lazy\" decoding=\"async\" width=\"1024\" height=\"681\" src=\"https:\/\/corrientesdetarde.com\/wp-content\/uploads\/2025\/11\/image-808-1024x681.png\" alt=\"\" class=\"wp-image-237753\" srcset=\"https:\/\/corrientesdetarde.com\/wp-content\/uploads\/2025\/11\/image-808-1024x681.png 1024w, https:\/\/corrientesdetarde.com\/wp-content\/uploads\/2025\/11\/image-808-300x199.png 300w, https:\/\/corrientesdetarde.com\/wp-content\/uploads\/2025\/11\/image-808-768x510.png 768w, https:\/\/corrientesdetarde.com\/wp-content\/uploads\/2025\/11\/image-808.png 1142w\" sizes=\"auto, (max-width: 1024px) 100vw, 1024px\" \/><\/figure>\n\n\n\n<p>Durante la ceremonia, el Vicegobernador de la Provincia, doctor Pedro Braillard Poccard, recibi\u00f3 un reconocimiento especial por parte del Instituto Belgraniano, distinci\u00f3n que resalt\u00f3 su permanente acompa\u00f1amiento a las iniciativas que promueven la memoria hist\u00f3rica, los valores ciudadanos y la identidad nacional.<\/p>\n\n\n\n<figure class=\"wp-block-image size-large\"><img loading=\"lazy\" decoding=\"async\" width=\"1024\" height=\"691\" src=\"https:\/\/corrientesdetarde.com\/wp-content\/uploads\/2025\/11\/image-813-1024x691.png\" alt=\"\" class=\"wp-image-237758\" srcset=\"https:\/\/corrientesdetarde.com\/wp-content\/uploads\/2025\/11\/image-813-1024x691.png 1024w, https:\/\/corrientesdetarde.com\/wp-content\/uploads\/2025\/11\/image-813-300x202.png 300w, https:\/\/corrientesdetarde.com\/wp-content\/uploads\/2025\/11\/image-813-768x518.png 768w, https:\/\/corrientesdetarde.com\/wp-content\/uploads\/2025\/11\/image-813.png 1122w\" sizes=\"auto, (max-width: 1024px) 100vw, 1024px\" \/><\/figure>\n\n\n\n<p>El acto dio inicio con las palabras de bienvenida del rector del establecimiento educativo, contador Daniel Fern\u00e1ndez, quien destac\u00f3 \u201cla profunda conexi\u00f3n de esta instituci\u00f3n con los valores que encarn\u00f3 Manuel Belgrano, no solo como creador de la bandera, sino como jurista, economista, educador y servidor p\u00fablico que consagr\u00f3 su vida a un ideal superior de justicia, libertad y progreso\u201d. Subray\u00f3 adem\u00e1s que, desde 1942, la escuela honra su nombre como una gu\u00eda formativa que promueve el conocimiento, la responsabilidad y el compromiso con la Patria.<\/p>\n\n\n\n<figure class=\"wp-block-image size-large\"><img loading=\"lazy\" decoding=\"async\" width=\"1024\" height=\"684\" src=\"https:\/\/corrientesdetarde.com\/wp-content\/uploads\/2025\/11\/image-809-1024x684.png\" alt=\"\" class=\"wp-image-237754\" srcset=\"https:\/\/corrientesdetarde.com\/wp-content\/uploads\/2025\/11\/image-809-1024x684.png 1024w, https:\/\/corrientesdetarde.com\/wp-content\/uploads\/2025\/11\/image-809-300x200.png 300w, https:\/\/corrientesdetarde.com\/wp-content\/uploads\/2025\/11\/image-809-768x513.png 768w, https:\/\/corrientesdetarde.com\/wp-content\/uploads\/2025\/11\/image-809.png 1143w\" sizes=\"auto, (max-width: 1024px) 100vw, 1024px\" \/><\/figure>\n\n\n\n<p>Posteriormente, se procedi\u00f3 al descubrimiento de la placa, momento cargado de emoci\u00f3n y respeto por la historia, acompa\u00f1ado de una ofrenda floral.<\/p>\n\n\n\n<p>Palabras del licenciado Manuel Belgrano<\/p>\n\n\n\n<p>El presidente del Instituto Belgraniano brind\u00f3 un discurso profundamente reflexivo y formativo dirigido a autoridades, docentes, exalumnos y especialmente a los estudiantes presentes. Puso en valor el papel de su ilustre antepasado como impulsor de la educaci\u00f3n p\u00fablica, gratuita e inclusiva, recordando que \u201cBelgrano entendi\u00f3 que la \u00fanica manera de sacar al pueblo de la miseria era a trav\u00e9s de la educaci\u00f3n\u201d, y que por ello fund\u00f3 escuelas de comercio, matem\u00e1ticas, agricultura, artes, oficios y tambi\u00e9n la primera escuela p\u00fablica para mujeres.<\/p>\n\n\n\n<figure class=\"wp-block-image size-large\"><img loading=\"lazy\" decoding=\"async\" width=\"1024\" height=\"680\" src=\"https:\/\/corrientesdetarde.com\/wp-content\/uploads\/2025\/11\/image-810-1024x680.png\" alt=\"\" class=\"wp-image-237755\" srcset=\"https:\/\/corrientesdetarde.com\/wp-content\/uploads\/2025\/11\/image-810-1024x680.png 1024w, https:\/\/corrientesdetarde.com\/wp-content\/uploads\/2025\/11\/image-810-300x199.png 300w, https:\/\/corrientesdetarde.com\/wp-content\/uploads\/2025\/11\/image-810-768x510.png 768w, https:\/\/corrientesdetarde.com\/wp-content\/uploads\/2025\/11\/image-810.png 1145w\" sizes=\"auto, (max-width: 1024px) 100vw, 1024px\" \/><\/figure>\n\n\n\n<p>Se\u00f1al\u00f3 que Manuel Belgrano fue un adelantado a su tiempo, defensor del rol fundamental de la mujer en la formaci\u00f3n ciudadana, y promotor del desarrollo productivo y social. Destac\u00f3 tambi\u00e9n su brillante trayectoria acad\u00e9mica en Salamanca y Valladolid, donde ya desde joven se destac\u00f3 por su inteligencia, dedicaci\u00f3n y liderazgo.<\/p>\n\n\n\n<p>Dirigi\u00e9ndose particularmente a los alumnos, expres\u00f3: \u201cCualquiera de ustedes puede ser un Manuel Belgrano. Solo necesitan esfuerzo, voluntad, dedicaci\u00f3n y estudio. El futuro de ustedes es tambi\u00e9n el futuro de la Patria. Por eso les digo: estudien, estudien y estudien, porque la Patria los necesita\u201d.<\/p>\n\n\n\n<p><\/p>\n\n\n\n<figure class=\"wp-block-image size-large\"><img loading=\"lazy\" decoding=\"async\" width=\"1024\" height=\"680\" src=\"https:\/\/corrientesdetarde.com\/wp-content\/uploads\/2025\/11\/image-811-1024x680.png\" alt=\"\" class=\"wp-image-237756\" srcset=\"https:\/\/corrientesdetarde.com\/wp-content\/uploads\/2025\/11\/image-811-1024x680.png 1024w, https:\/\/corrientesdetarde.com\/wp-content\/uploads\/2025\/11\/image-811-300x199.png 300w, https:\/\/corrientesdetarde.com\/wp-content\/uploads\/2025\/11\/image-811-768x510.png 768w, https:\/\/corrientesdetarde.com\/wp-content\/uploads\/2025\/11\/image-811.png 1128w\" sizes=\"auto, (max-width: 1024px) 100vw, 1024px\" \/><\/figure>\n\n\n\n<figure class=\"wp-block-image size-large\"><img loading=\"lazy\" decoding=\"async\" width=\"1024\" height=\"669\" src=\"https:\/\/corrientesdetarde.com\/wp-content\/uploads\/2025\/11\/image-812-1024x669.png\" alt=\"\" class=\"wp-image-237757\" srcset=\"https:\/\/corrientesdetarde.com\/wp-content\/uploads\/2025\/11\/image-812-1024x669.png 1024w, https:\/\/corrientesdetarde.com\/wp-content\/uploads\/2025\/11\/image-812-300x196.png 300w, https:\/\/corrientesdetarde.com\/wp-content\/uploads\/2025\/11\/image-812-768x501.png 768w, https:\/\/corrientesdetarde.com\/wp-content\/uploads\/2025\/11\/image-812.png 1141w\" sizes=\"auto, (max-width: 1024px) 100vw, 1024px\" \/><\/figure>\n","protected":false},"excerpt":{"rendered":"<p>El vicegobernador de la provincia Dr. Pedro Braillard Poccard presidi\u00f3 el acto en el que, con la destacada presencia del licenciado Manuel Belgrano, chozno nieto del pr\u00f3cer, creador de la&hellip; <\/p>\n","protected":false},"author":4,"featured_media":237752,"comment_status":"closed","ping_status":"open","sticky":false,"template":"","format":"standard","meta":{"footnotes":""},"categories":[22],"tags":[],"class_list":["post-237750","post","type-post","status-publish","format-standard","has-post-thumbnail","hentry","category-eventos"],"_links":{"self":[{"href":"https:\/\/corrientesdetarde.com\/index.php\/wp-json\/wp\/v2\/posts\/237750","targetHints":{"allow":["GET"]}}],"collection":[{"href":"https:\/\/corrientesdetarde.com\/index.php\/wp-json\/wp\/v2\/posts"}],"about":[{"href":"https:\/\/corrientesdetarde.com\/index.php\/wp-json\/wp\/v2\/types\/post"}],"author":[{"embeddable":true,"href":"https:\/\/corrientesdetarde.com\/index.php\/wp-json\/wp\/v2\/users\/4"}],"replies":[{"embeddable":true,"href":"https:\/\/corrientesdetarde.com\/index.php\/wp-json\/wp\/v2\/comments?post=237750"}],"version-history":[{"count":1,"href":"https:\/\/corrientesdetarde.com\/index.php\/wp-json\/wp\/v2\/posts\/237750\/revisions"}],"predecessor-version":[{"id":237759,"href":"https:\/\/corrientesdetarde.com\/index.php\/wp-json\/wp\/v2\/posts\/237750\/revisions\/237759"}],"wp:featuredmedia":[{"embeddable":true,"href":"https:\/\/corrientesdetarde.com\/index.php\/wp-json\/wp\/v2\/media\/237752"}],"wp:attachment":[{"href":"https:\/\/corrientesdetarde.com\/index.php\/wp-json\/wp\/v2\/media?parent=237750"}],"wp:term":[{"taxonomy":"category","embeddable":true,"href":"https:\/\/corrientesdetarde.com\/index.php\/wp-json\/wp\/v2\/categories?post=237750"},{"taxonomy":"post_tag","embeddable":true,"href":"https:\/\/corrientesdetarde.com\/index.php\/wp-json\/wp\/v2\/tags?post=237750"}],"curies":[{"name":"wp","href":"https:\/\/api.w.org\/{rel}","templated":true}]}}