{"id":237760,"date":"2025-11-27T20:27:16","date_gmt":"2025-11-27T23:27:16","guid":{"rendered":"https:\/\/corrientesdetarde.com\/?p=237760"},"modified":"2025-11-27T20:27:22","modified_gmt":"2025-11-27T23:27:22","slug":"la-dpec-realizara-trabajos-de-mejoras","status":"publish","type":"post","link":"https:\/\/corrientesdetarde.com\/index.php\/destacados\/la-dpec-realizara-trabajos-de-mejoras\/","title":{"rendered":"La DPEC realizar\u00e1 trabajos de mejoras"},"content":{"rendered":"\n<p>La Direcci\u00f3n Provincial de Energ\u00eda de Corrientes (DPEC) informa que con motivo de realizar mejoras en el servicio, por lo cual se interrumpir\u00e1 el suministro de energ\u00eda el\u00e9ctrica en localidades del interior provincial en sus respectivos horarios y d\u00edas programados.<\/p>\n\n\n\n<p>En&nbsp;San Carlos, se realizar\u00e1 mantenimiento y poda sobre la traza de L\u00edneas de Media Tensi\u00f3n, el s\u00e1bado 29 de 07:00 a 10:00, en el Centro.<\/p>\n\n\n\n<p>De tal manera en Capital, har\u00e1n mantenimiento de L\u00edneas de Media Tensi\u00f3n, el viernes 28 de 08:00 a 10:00, en el Parque Industrial; y de 08:00 a 11:00, en los barrios Santa Mar\u00eda, y Codepro.<\/p>\n\n\n\n<p>En&nbsp;Bella Vista llevar\u00e1n a cabo tareas de mantenimiento de L\u00edneas de Media Tensi\u00f3n, el viernes 28 de 07:00 a 11:00, en los barrios Epam, 50 Viviendas, y 80 Viviendas.<\/p>\n\n\n\n<p>Mientras que en&nbsp;Riachuelo, se ejecutar\u00e1n labores de mantenimiento de L\u00edneas de Media Tensi\u00f3n, el s\u00e1bado 29 de 06:30 a 11:00, en los barrios San Antonio, y Once Leones.<\/p>\n\n\n\n<p>Adem\u00e1s, se elaborar\u00e1 mantenimiento de equipos de Media Tensi\u00f3n, por lo cual se interrumpir\u00e1 el suministro de energ\u00eda el\u00e9ctrica en las localidades de&nbsp;Mercedes&nbsp;(Predio Cruz Gil, Parajes Boquer\u00f3n, Payubre, Paso Pucheta, Iber\u00e1 Mercantil, Estancia El Roc\u00edo de Copra)&nbsp;Chavarr\u00eda, Felipe Yofre y zonas de influencia, el martes 02 de 08:00 a 11:00.<\/p>\n\n\n\n<p>Tambi\u00e9n en Alvear, se establecer\u00e1 mantenimiento de L\u00edneas de Media Tensi\u00f3n, el viernes 28 de 06:30 a 10:00, en el B\u00b0 Mitre Norte, Av. Isaco Abitbol hasta Gral. Paz, Av. Ej\u00e9rcito Argentino, Arroyo M\u00e9ndez, y B\u00b0 10 de Febrero.<\/p>\n\n\n\n<p>De la misma manera en Virasoro, producir\u00e1n obras de mantenimiento de L\u00edneas de Media Tensi\u00f3n, el lunes 01 de 06:30 a 10:00, por calle Bonpland y Av. Lavalle hacia el Sureste, y el B\u00b0 Ces\u00e1reo Navajas.<\/p>\n\n\n\n<p>Por \u00faltimo en Paso de la Patria, confeccionar\u00e1n mantenimiento de L\u00edneas de Media Tensi\u00f3n, el viernes 28 de 08:00 a 12:00, por Chacras del Golf, zona de Ruta 98, y zonas de influencia.<\/p>\n","protected":false},"excerpt":{"rendered":"<p>La Direcci\u00f3n Provincial de Energ\u00eda de Corrientes (DPEC) informa que con motivo de realizar mejoras en el servicio, por lo cual se interrumpir\u00e1 el suministro de energ\u00eda el\u00e9ctrica en localidades&hellip; <\/p>\n","protected":false},"author":4,"featured_media":212082,"comment_status":"closed","ping_status":"open","sticky":false,"template":"","format":"standard","meta":{"footnotes":""},"categories":[26],"tags":[],"class_list":["post-237760","post","type-post","status-publish","format-standard","has-post-thumbnail","hentry","category-destacados"],"_links":{"self":[{"href":"https:\/\/corrientesdetarde.com\/index.php\/wp-json\/wp\/v2\/posts\/237760","targetHints":{"allow":["GET"]}}],"collection":[{"href":"https:\/\/corrientesdetarde.com\/index.php\/wp-json\/wp\/v2\/posts"}],"about":[{"href":"https:\/\/corrientesdetarde.com\/index.php\/wp-json\/wp\/v2\/types\/post"}],"author":[{"embeddable":true,"href":"https:\/\/corrientesdetarde.com\/index.php\/wp-json\/wp\/v2\/users\/4"}],"replies":[{"embeddable":true,"href":"https:\/\/corrientesdetarde.com\/index.php\/wp-json\/wp\/v2\/comments?post=237760"}],"version-history":[{"count":1,"href":"https:\/\/corrientesdetarde.com\/index.php\/wp-json\/wp\/v2\/posts\/237760\/revisions"}],"predecessor-version":[{"id":237762,"href":"https:\/\/corrientesdetarde.com\/index.php\/wp-json\/wp\/v2\/posts\/237760\/revisions\/237762"}],"wp:featuredmedia":[{"embeddable":true,"href":"https:\/\/corrientesdetarde.com\/index.php\/wp-json\/wp\/v2\/media\/212082"}],"wp:attachment":[{"href":"https:\/\/corrientesdetarde.com\/index.php\/wp-json\/wp\/v2\/media?parent=237760"}],"wp:term":[{"taxonomy":"category","embeddable":true,"href":"https:\/\/corrientesdetarde.com\/index.php\/wp-json\/wp\/v2\/categories?post=237760"},{"taxonomy":"post_tag","embeddable":true,"href":"https:\/\/corrientesdetarde.com\/index.php\/wp-json\/wp\/v2\/tags?post=237760"}],"curies":[{"name":"wp","href":"https:\/\/api.w.org\/{rel}","templated":true}]}}