{"id":237763,"date":"2025-11-27T21:08:16","date_gmt":"2025-11-28T00:08:16","guid":{"rendered":"https:\/\/corrientesdetarde.com\/?p=237763"},"modified":"2025-11-27T21:08:28","modified_gmt":"2025-11-28T00:08:28","slug":"celebran-el-dia-de-la-medalla-milagrosa-en-goya","status":"publish","type":"post","link":"https:\/\/corrientesdetarde.com\/index.php\/actualidad\/celebran-el-dia-de-la-medalla-milagrosa-en-goya\/","title":{"rendered":"Celebran el d\u00eda de la Medalla Milagrosa en Goya"},"content":{"rendered":"\n<p>Se trata de una fecha en la que se conmemora la aparici\u00f3n de la Virgen Mar\u00eda a Santa Catalina Labour\u00e9 en 1830. La capilla ubicada en el barrio del ex Hospital San Juan de Dios celebra a su madre y patrona con la solemne procesi\u00f3n a las 19,00 y luego la misa que presidir\u00e1 el padre Juan Pablo Rold\u00e1n.<\/p>\n\n\n\n<p>Esta advocaci\u00f3n de la Sant\u00edsima Virgen se origin\u00f3 en 1830 por iniciativa de Santa Catalina Labour\u00e9, de la Congregaci\u00f3n de las Hijas de la Caridad, que hizo acu\u00f1ar una medalla de la Virgen Mar\u00eda, despidiendo rayos de luz de sus manos y pisando la cabeza de un drag\u00f3n, que representa al demonio.<\/p>\n\n\n\n<p>Alrededor se lee: &#8220;Oh, Mar\u00eda, sin pecado concebida, ruega por nosotros que recurrimos a vos&#8221;. Las curaciones y milagros atribuidos a esta medalla hicieron que se la llamara &#8220;Milagrosa&#8221;. Estos mismos milagros y la visi\u00f3n de Santa Catalina, constituyeron una preparaci\u00f3n inmediata a la proclamaci\u00f3n del dogma de la Inmaculada Concepci\u00f3n, que se produjo 24 a\u00f1os despu\u00e9s. &#8211;<\/p>\n","protected":false},"excerpt":{"rendered":"<p>Se trata de una fecha en la que se conmemora la aparici\u00f3n de la Virgen Mar\u00eda a Santa Catalina Labour\u00e9 en 1830. La capilla ubicada en el barrio del ex&hellip; <\/p>\n","protected":false},"author":4,"featured_media":237764,"comment_status":"closed","ping_status":"open","sticky":false,"template":"","format":"standard","meta":{"footnotes":""},"categories":[23],"tags":[],"class_list":["post-237763","post","type-post","status-publish","format-standard","has-post-thumbnail","hentry","category-actualidad"],"_links":{"self":[{"href":"https:\/\/corrientesdetarde.com\/index.php\/wp-json\/wp\/v2\/posts\/237763","targetHints":{"allow":["GET"]}}],"collection":[{"href":"https:\/\/corrientesdetarde.com\/index.php\/wp-json\/wp\/v2\/posts"}],"about":[{"href":"https:\/\/corrientesdetarde.com\/index.php\/wp-json\/wp\/v2\/types\/post"}],"author":[{"embeddable":true,"href":"https:\/\/corrientesdetarde.com\/index.php\/wp-json\/wp\/v2\/users\/4"}],"replies":[{"embeddable":true,"href":"https:\/\/corrientesdetarde.com\/index.php\/wp-json\/wp\/v2\/comments?post=237763"}],"version-history":[{"count":1,"href":"https:\/\/corrientesdetarde.com\/index.php\/wp-json\/wp\/v2\/posts\/237763\/revisions"}],"predecessor-version":[{"id":237765,"href":"https:\/\/corrientesdetarde.com\/index.php\/wp-json\/wp\/v2\/posts\/237763\/revisions\/237765"}],"wp:featuredmedia":[{"embeddable":true,"href":"https:\/\/corrientesdetarde.com\/index.php\/wp-json\/wp\/v2\/media\/237764"}],"wp:attachment":[{"href":"https:\/\/corrientesdetarde.com\/index.php\/wp-json\/wp\/v2\/media?parent=237763"}],"wp:term":[{"taxonomy":"category","embeddable":true,"href":"https:\/\/corrientesdetarde.com\/index.php\/wp-json\/wp\/v2\/categories?post=237763"},{"taxonomy":"post_tag","embeddable":true,"href":"https:\/\/corrientesdetarde.com\/index.php\/wp-json\/wp\/v2\/tags?post=237763"}],"curies":[{"name":"wp","href":"https:\/\/api.w.org\/{rel}","templated":true}]}}