{"id":237766,"date":"2025-11-27T22:23:51","date_gmt":"2025-11-28T01:23:51","guid":{"rendered":"https:\/\/corrientesdetarde.com\/?p=237766"},"modified":"2025-11-27T22:23:55","modified_gmt":"2025-11-28T01:23:55","slug":"los-pumas-7s-debutan-frente-a-fiji-en-el-inicio-del-circuito-mundial-de-seven-en-dubai","status":"publish","type":"post","link":"https:\/\/corrientesdetarde.com\/index.php\/deportes\/los-pumas-7s-debutan-frente-a-fiji-en-el-inicio-del-circuito-mundial-de-seven-en-dubai\/","title":{"rendered":"Los Pumas 7\u2019s debutan frente a Fiji en el inicio del circuito mundial de seven en Dubai"},"content":{"rendered":"\n<p>La selecci\u00f3n argentina de rugby seven enfrenta a los oce\u00e1nicos, Francia y Sud\u00e1frica en la fase de grupos, en el inicio de la competencia mundial en Dub\u00e1i.&nbsp;<\/p>\n\n\n\n<p>El seleccionado argentino de rugby seven, Los Pumas 7\u2019s, ya tiene fecha y rivales definidos para su estreno en la nueva temporada del Circuito Mundial de Seven, que comenzar\u00e1 este fin de semana en Dubai. El equipo dirigido por Santiago G\u00f3mez Cora abrir\u00e1 la competencia el s\u00e1bado ante Fiji a las 6:10, y luego chocar\u00e1 frente a Francia y Sud\u00e1frica. La fase de grupos se completa el mismo s\u00e1bado, mientras que las instancias finales se disputar\u00e1n el domingo.<\/p>\n\n\n\n<p>El debut nacional en Dubai est\u00e1 programado contra los oce\u00e1nicos. M\u00e1s tarde, Los Pumas 7\u2019s afrontar\u00e1n el segundo partido frente a Francia a las 9:38, y el \u00faltimo encuentro de la primera etapa ser\u00e1 ante Sud\u00e1frica, a partir de las 13:34. Estos partidos podr\u00e1n verse en vivo a trav\u00e9s de la plataforma Disney+ Plan Premium.<\/p>\n\n\n\n<p>El domingo tendr\u00e1 lugar la definici\u00f3n para quienes avancen de fase, con las semifinales del Oro previstas para las 7:06 y 7:28, y la final a las 13:11. El rendimiento en esta ronda inicial determinar\u00e1 los cruces y las aspiraciones de Los Pumas 7\u2019s para mantenerse entre los mejores equipos del circuito.<\/p>\n\n\n\n<p>El historial del seleccionado argentino en el Seven de Dubai presenta un crecimiento continuo en los \u00faltimos a\u00f1os. En la edici\u00f3n de 2024, Los Pumas 7\u2019s consiguieron la medalla de bronce, tras vencer a Nueva Zelanda en el partido por el tercer puesto. La campa\u00f1a 2023 se cerr\u00f3 con el subcampeonato y la presea de plata, mientras que en 2022 el equipo ocup\u00f3 el sexto puesto. Adem\u00e1s, en 2021, la competencia se realiz\u00f3 en dos etapas consecutivas y el equipo nacional obtuvo dos medallas de bronce, consolidando su presencia en el podio.<\/p>\n\n\n\n<figure class=\"wp-block-image\"><img decoding=\"async\" src=\"https:\/\/www.diarioepoca.com\/content\/bucket\/3\/1461293w790h526c.jpg.webp\" alt=\"\"\/><\/figure>\n\n\n\n<p>Entre 2021 y 2024, Los Pumas 7\u2019s han conseguido cinco podios en el Seven de Dubai, una cifra destacada dentro del rugby internacional. Solamente en 2022 no alcanzaron medalla. Este antecedente refuerza la expectativa sobre el plantel de G\u00f3mez Cora y su oportunidad de iniciar la temporada sumando puntos clave para el ranking mundial.<\/p>\n\n\n\n<p>El fixture oficial del debut argentino es el siguiente:<\/p>\n\n\n\n<p>Argentina-Fiji: s\u00e1bado 29 de noviembre, 6:10 (hora argentina).<\/p>\n\n\n\n<p>Argentina-Francia: s\u00e1bado 29 de noviembre, 9:38 (hora argentina).<\/p>\n\n\n\n<p>Argentina-Sud\u00e1frica: s\u00e1bado 29 de noviembre, 13:34 (hora argentina).<\/p>\n\n\n\n<figure class=\"wp-block-image\"><img decoding=\"async\" src=\"https:\/\/www.diarioepoca.com\/content\/bucket\/4\/1461294w790h573c.jpg.webp\" alt=\"\"\/><\/figure>\n\n\n\n<p><strong>El plantel argentino:<\/strong><\/p>\n\n\n\n<p>\u00c1LVAREZ, Santiago<\/p>\n\n\n\n<p>ARRIETA, Martiniano (debut)<\/p>\n\n\n\n<p>BATAC, Juan Patricio (debut)<\/p>\n\n\n\n<p>BAZ\u00c1N V\u00c9LEZ, Lautaro<\/p>\n\n\n\n<p>DUBUC, Sebasti\u00e1n (debut)<\/p>\n\n\n\n<p>GONZ\u00c1LEZ, Luciano<\/p>\n\n\n\n<p>GRAZIANO, Matteo<\/p>\n\n\n\n<p>MALDONADO, Valent\u00edn (debut)<\/p>\n\n\n\n<p>MARE, Santiago<\/p>\n\n\n\n<p>MONETA, Marcos<\/p>\n\n\n\n<p>MORALES, Eliseo (debut)<\/p>\n\n\n\n<p>PELLANDINI, Joaqu\u00edn<\/p>\n\n\n\n<p>VERA FELD, Santiago<\/p>\n\n\n\n<p>ZANGARA, Santino<\/p>\n\n\n\n<p>La participaci\u00f3n de Los Pumas 7\u2019s en Dubai ser\u00e1 transmitida en vivo por Disney+ Plan Premium.<\/p>\n","protected":false},"excerpt":{"rendered":"<p>La selecci\u00f3n argentina de rugby seven enfrenta a los oce\u00e1nicos, Francia y Sud\u00e1frica en la fase de grupos, en el inicio de la competencia mundial en Dub\u00e1i.&nbsp; El seleccionado argentino&hellip; <\/p>\n","protected":false},"author":4,"featured_media":237767,"comment_status":"closed","ping_status":"open","sticky":false,"template":"","format":"standard","meta":{"footnotes":""},"categories":[4],"tags":[],"class_list":["post-237766","post","type-post","status-publish","format-standard","has-post-thumbnail","hentry","category-deportes"],"_links":{"self":[{"href":"https:\/\/corrientesdetarde.com\/index.php\/wp-json\/wp\/v2\/posts\/237766","targetHints":{"allow":["GET"]}}],"collection":[{"href":"https:\/\/corrientesdetarde.com\/index.php\/wp-json\/wp\/v2\/posts"}],"about":[{"href":"https:\/\/corrientesdetarde.com\/index.php\/wp-json\/wp\/v2\/types\/post"}],"author":[{"embeddable":true,"href":"https:\/\/corrientesdetarde.com\/index.php\/wp-json\/wp\/v2\/users\/4"}],"replies":[{"embeddable":true,"href":"https:\/\/corrientesdetarde.com\/index.php\/wp-json\/wp\/v2\/comments?post=237766"}],"version-history":[{"count":1,"href":"https:\/\/corrientesdetarde.com\/index.php\/wp-json\/wp\/v2\/posts\/237766\/revisions"}],"predecessor-version":[{"id":237768,"href":"https:\/\/corrientesdetarde.com\/index.php\/wp-json\/wp\/v2\/posts\/237766\/revisions\/237768"}],"wp:featuredmedia":[{"embeddable":true,"href":"https:\/\/corrientesdetarde.com\/index.php\/wp-json\/wp\/v2\/media\/237767"}],"wp:attachment":[{"href":"https:\/\/corrientesdetarde.com\/index.php\/wp-json\/wp\/v2\/media?parent=237766"}],"wp:term":[{"taxonomy":"category","embeddable":true,"href":"https:\/\/corrientesdetarde.com\/index.php\/wp-json\/wp\/v2\/categories?post=237766"},{"taxonomy":"post_tag","embeddable":true,"href":"https:\/\/corrientesdetarde.com\/index.php\/wp-json\/wp\/v2\/tags?post=237766"}],"curies":[{"name":"wp","href":"https:\/\/api.w.org\/{rel}","templated":true}]}}