{"id":237769,"date":"2025-11-27T22:24:39","date_gmt":"2025-11-28T01:24:39","guid":{"rendered":"https:\/\/corrientesdetarde.com\/?p=237769"},"modified":"2025-11-27T22:24:41","modified_gmt":"2025-11-28T01:24:41","slug":"la-fifa-retoco-el-sorteo-del-mundial-2026-pensando-en-argentina-y-espana","status":"publish","type":"post","link":"https:\/\/corrientesdetarde.com\/index.php\/deportes\/la-fifa-retoco-el-sorteo-del-mundial-2026-pensando-en-argentina-y-espana\/","title":{"rendered":"La FIFA retoc\u00f3 el sorteo del Mundial 2026 pensando en Argentina y Espa\u00f1a"},"content":{"rendered":"\n<p>El organismo internacional hizo un importante cambio&nbsp;en la forma que quedar\u00e1n separadas dos de las Selecciones que son candidatas a consagrarse en la previa.<\/p>\n\n\n\n<p>A falta de casi una semana para que se conozcan los grupos del Mundial 2026, la FIFA hizo un importante retoque en la forma en la que la Selecci\u00f3n Argentina y Espa\u00f1a quedar\u00e1n colocadas. Una decisi\u00f3n que tambi\u00e9n afecta a otras selecciones y que se encuentra pensada en generar una edici\u00f3n del certamen con un mayor atractivo una vez que deje atr\u00e1s los partidos correspondientes de la fase de grupos.&nbsp;<\/p>\n\n\n\n<p>Todav\u00eda quedan seis cupos que se encuentran indefinidos, debido a que restan las clasificaciones de cuatro selecciones que se desempe\u00f1an bajo la tutela de la UEFA y dos restantes que ingresaran por medio del repechaje internacional. Una instancia que se va a desarrollar a modo de campeonato en la ventana de marzo y que tendr\u00e1 como sede a M\u00e9xico con las ciudades de Monterrey y Guadalajara.<\/p>\n\n\n\n<p>Sin embargo, esto no le impide a la FIFA poder organizar el sorteo del Mundial y tomar una medida m\u00e1s que llamativa. &#8220;De este modo se garantizar\u00e1 que, si se adjudican sus respectivos grupos, las dos selecciones mejor clasificadas no se enfrenten antes de la final&#8221;, expresa el informe que respaldada la decisi\u00f3n. En el mismo se inform\u00f3 que Argentina y Espa\u00f1a quedar\u00e1n colocadas de manera tal que, si terminan primeras en sus zonas, s\u00f3lo puedan llegar a cruzarse en la instancia final.&nbsp;<\/p>\n\n\n\n<p>Lo mismo aplicar\u00e1 para los seleccionados de Francia e Inglaterra que nada m\u00e1s podr\u00e1n medir sus fuerzas en caso de que lleguen al \u00faltimo partido del campeonato que se encuentra pactado para el 19 de julio del 2026 en el MetLife de New Jersey, Estados Unidos. Una medida que de cierta manera busca asegurar dos encuentros de gran convocatoria y as\u00ed disminuir la presencia de ciertas sorpresas inesperadas en instancias claves.<\/p>\n\n\n\n<p>Cu\u00e1ndo ser\u00e1 el sorteo del Mundial 2026<br>La FIFA se\u00f1al\u00f3 que el sorteo del Mundial 2026 se va a llevar a cabo el pr\u00f3ximo viernes 5 de diciembre del 2025 en Washington D. C. y que comenzar\u00e1 a las 13 horas de Argentina.&nbsp;<\/p>\n\n\n\n<p><strong>As\u00ed quedaron los bombos<\/strong><\/p>\n\n\n\n<p>Canad\u00e1, M\u00e9xico, Estados Unidos, Espa\u00f1a, Argentina, Francia, Inglaterra, Brasil, Portugal, Pa\u00edses Bajos, B\u00e9lgica y Alemania.<\/p>\n\n\n\n<p>Croacia, Marruecos, Colombia, Uruguay, Suiza, Jap\u00f3n, Senegal, Ir\u00e1n, Corea del Sur, Ecuador, Austria y Australia.<\/p>\n\n\n\n<p>Noruega, Panam\u00e1, Egipto, Argelia, Escocia, Paraguay, T\u00fanez, Costa de Marfil, Uzbekist\u00e1n, Qatar, Arabia Saudita y Sud\u00e1frica.<\/p>\n\n\n\n<p>Jordania, Cabo Verde, Ghana, Curazao, Hait\u00ed y Nueva Zelanda.<\/p>\n\n\n\n<p>Los repechajes de Europa<\/p>\n\n\n\n<p>Se trata de una instancia en la que participan 16 equipos que fueron divididos en cuatro zonas de la misma cantidad de participantes en las que habr\u00e1 partidos de semifinal y final para definir a los cuatro clasificados que restan de la UEFA.<\/p>\n\n\n\n<p>A: Italia vs. Irlanda del Norte \/ Gales vs. Bosnia.<br>B: Ucrania vs. Suecia \/ Polonia vs. Albania.<br>C: Turqu\u00eda vs. Rumania \/ Eslovaquia vs. Kosovo.<br>D: Dinamarca vs. Macedonia del Norte \/ Rep\u00fablica Checa vs. Irlanda.&nbsp;<br>El repechaje internacional<br>Se trata de un peque\u00f1o certamen que se encuentra compuesto por seis equipos que fueron divididos en dos zonas y cada una de ellas tiene a un integrantes clasificado a la final de manera autom\u00e1tica debido a su posici\u00f3n en el ranking FIFA de noviembre.<\/p>\n\n\n\n<p>A: Nueva Caledonia vs. Jamaica \/ Ganador vs. Rep\u00fablica Democr\u00e1tica del Congo.<br>B: Bolivia vs. Surinam \/ Ganador vs. Irak.&nbsp;<\/p>\n","protected":false},"excerpt":{"rendered":"<p>El organismo internacional hizo un importante cambio&nbsp;en la forma que quedar\u00e1n separadas dos de las Selecciones que son candidatas a consagrarse en la previa. A falta de casi una semana&hellip; <\/p>\n","protected":false},"author":4,"featured_media":237770,"comment_status":"closed","ping_status":"open","sticky":false,"template":"","format":"standard","meta":{"footnotes":""},"categories":[4],"tags":[],"class_list":["post-237769","post","type-post","status-publish","format-standard","has-post-thumbnail","hentry","category-deportes"],"_links":{"self":[{"href":"https:\/\/corrientesdetarde.com\/index.php\/wp-json\/wp\/v2\/posts\/237769","targetHints":{"allow":["GET"]}}],"collection":[{"href":"https:\/\/corrientesdetarde.com\/index.php\/wp-json\/wp\/v2\/posts"}],"about":[{"href":"https:\/\/corrientesdetarde.com\/index.php\/wp-json\/wp\/v2\/types\/post"}],"author":[{"embeddable":true,"href":"https:\/\/corrientesdetarde.com\/index.php\/wp-json\/wp\/v2\/users\/4"}],"replies":[{"embeddable":true,"href":"https:\/\/corrientesdetarde.com\/index.php\/wp-json\/wp\/v2\/comments?post=237769"}],"version-history":[{"count":1,"href":"https:\/\/corrientesdetarde.com\/index.php\/wp-json\/wp\/v2\/posts\/237769\/revisions"}],"predecessor-version":[{"id":237771,"href":"https:\/\/corrientesdetarde.com\/index.php\/wp-json\/wp\/v2\/posts\/237769\/revisions\/237771"}],"wp:featuredmedia":[{"embeddable":true,"href":"https:\/\/corrientesdetarde.com\/index.php\/wp-json\/wp\/v2\/media\/237770"}],"wp:attachment":[{"href":"https:\/\/corrientesdetarde.com\/index.php\/wp-json\/wp\/v2\/media?parent=237769"}],"wp:term":[{"taxonomy":"category","embeddable":true,"href":"https:\/\/corrientesdetarde.com\/index.php\/wp-json\/wp\/v2\/categories?post=237769"},{"taxonomy":"post_tag","embeddable":true,"href":"https:\/\/corrientesdetarde.com\/index.php\/wp-json\/wp\/v2\/tags?post=237769"}],"curies":[{"name":"wp","href":"https:\/\/api.w.org\/{rel}","templated":true}]}}