{"id":237772,"date":"2025-11-27T22:25:34","date_gmt":"2025-11-28T01:25:34","guid":{"rendered":"https:\/\/corrientesdetarde.com\/?p=237772"},"modified":"2025-11-27T22:25:41","modified_gmt":"2025-11-28T01:25:41","slug":"un-colectivo-atropello-y-mato-a-una-mujer-en-plena-avenida","status":"publish","type":"post","link":"https:\/\/corrientesdetarde.com\/index.php\/policiales\/un-colectivo-atropello-y-mato-a-una-mujer-en-plena-avenida\/","title":{"rendered":"Un colectivo atropell\u00f3 y mat\u00f3 a una mujer en plena avenida"},"content":{"rendered":"\n<p>El episodio sucedi\u00f3 cuando el veh\u00edculo avanzaba con giro permitido y la mujer cruzaba por una zona de alto tr\u00e1nsito peatonal.&nbsp;<\/p>\n\n\n\n<p>Una mujer que cruzaba por la senda peatonal en la intersecci\u00f3n de avenida Corrientes y Forest, en el barrio de Chacarita, muri\u00f3 luego de ser embestida por un colectivo de la l\u00ednea 76 .<\/p>\n\n\n\n<p>Las c\u00e1maras internas del coche registraron cada instante del episodio, desde la maniobra del chofer hasta su reacci\u00f3n inmediata luego del hecho.<\/p>\n\n\n\n<p>El chofer circulaba en direcci\u00f3n a la estaci\u00f3n Federico Lacroze cuando, de improviso, la colisi\u00f3n gener\u00f3 un cuadro dram\u00e1tico. Una frase qued\u00f3 registrada durante la asistencia: &#8220;\u00a1Nooo, por favor! Llamo a la ambulancia&#8221;.<\/p>\n\n\n\n<p>El hecho ocurri\u00f3 el pasado domingo 2 de noviembre, pero las im\u00e1genes se viralizaron en las \u00faltimas horas. En ellas se puede observar c\u00f3mo el conductor, identificado por el n\u00famero de interno 1330 y perteneciente a la empresa Lope de Vega, avanzaba con el giro permitido cuando ocurri\u00f3 el impacto.<\/p>\n\n\n\n<p>El colectivero ten\u00eda la vista orientada hacia adelante poco antes, aunque, en los segundos que precedieron al siniestro, se observa desde el video c\u00f3mo desv\u00eda la atenci\u00f3n hacia lo que aparenta ser una planilla de trabajo o hacia el espejo retrovisor. En el video tambi\u00e9n se puede ver que el conductor ten\u00eda el cintur\u00f3n de seguridad colocado.<\/p>\n\n\n\n<p>Testigos y pasajeros se acercaron r\u00e1pidamente a la damnificada mientras el chofer ped\u00eda auxilio y aguardaba la llegada del SAME (Sistema de Atenci\u00f3n M\u00e9dica de Emergencias).<\/p>\n\n\n\n<p>El operativo de urgencia, relatado en todos los testimonios, incluy\u00f3 la r\u00e1pida derivaci\u00f3n de la v\u00edctima al Hospital Pirovano. Sin embargo, la hija de la v\u00edctima confirm\u00f3 el fallecimiento de su madre en redes sociales.<\/p>\n","protected":false},"excerpt":{"rendered":"<p>El episodio sucedi\u00f3 cuando el veh\u00edculo avanzaba con giro permitido y la mujer cruzaba por una zona de alto tr\u00e1nsito peatonal.&nbsp; Una mujer que cruzaba por la senda peatonal en&hellip; <\/p>\n","protected":false},"author":4,"featured_media":237773,"comment_status":"closed","ping_status":"open","sticky":false,"template":"","format":"standard","meta":{"footnotes":""},"categories":[33],"tags":[],"class_list":["post-237772","post","type-post","status-publish","format-standard","has-post-thumbnail","hentry","category-policiales"],"_links":{"self":[{"href":"https:\/\/corrientesdetarde.com\/index.php\/wp-json\/wp\/v2\/posts\/237772","targetHints":{"allow":["GET"]}}],"collection":[{"href":"https:\/\/corrientesdetarde.com\/index.php\/wp-json\/wp\/v2\/posts"}],"about":[{"href":"https:\/\/corrientesdetarde.com\/index.php\/wp-json\/wp\/v2\/types\/post"}],"author":[{"embeddable":true,"href":"https:\/\/corrientesdetarde.com\/index.php\/wp-json\/wp\/v2\/users\/4"}],"replies":[{"embeddable":true,"href":"https:\/\/corrientesdetarde.com\/index.php\/wp-json\/wp\/v2\/comments?post=237772"}],"version-history":[{"count":1,"href":"https:\/\/corrientesdetarde.com\/index.php\/wp-json\/wp\/v2\/posts\/237772\/revisions"}],"predecessor-version":[{"id":237774,"href":"https:\/\/corrientesdetarde.com\/index.php\/wp-json\/wp\/v2\/posts\/237772\/revisions\/237774"}],"wp:featuredmedia":[{"embeddable":true,"href":"https:\/\/corrientesdetarde.com\/index.php\/wp-json\/wp\/v2\/media\/237773"}],"wp:attachment":[{"href":"https:\/\/corrientesdetarde.com\/index.php\/wp-json\/wp\/v2\/media?parent=237772"}],"wp:term":[{"taxonomy":"category","embeddable":true,"href":"https:\/\/corrientesdetarde.com\/index.php\/wp-json\/wp\/v2\/categories?post=237772"},{"taxonomy":"post_tag","embeddable":true,"href":"https:\/\/corrientesdetarde.com\/index.php\/wp-json\/wp\/v2\/tags?post=237772"}],"curies":[{"name":"wp","href":"https:\/\/api.w.org\/{rel}","templated":true}]}}