{"id":237775,"date":"2025-11-27T22:31:02","date_gmt":"2025-11-28T01:31:02","guid":{"rendered":"https:\/\/corrientesdetarde.com\/?p=237775"},"modified":"2025-11-27T22:31:06","modified_gmt":"2025-11-28T01:31:06","slug":"receso-administrativo-en-la-unne-cuando-y-como-sera","status":"publish","type":"post","link":"https:\/\/corrientesdetarde.com\/index.php\/destacados\/receso-administrativo-en-la-unne-cuando-y-como-sera\/","title":{"rendered":"Receso administrativo en la UNNE: \u00bfcu\u00e1ndo y c\u00f3mo ser\u00e1?"},"content":{"rendered":"\n<p>La Universidad Nacional del Nordeste oficializ\u00f3, mediante la Resoluci\u00f3n 8967\/2025, el receso administrativo que regir\u00e1 entre diciembre y febrero. La medida implicar\u00e1 cierre total del Rectorado durante parte de enero.<\/p>\n\n\n\n<p>La Universidad Nacional del Nordeste (UNNE) dispuso su receso administrativo anual desde el 15 de diciembre de 2025 hasta el 31 de enero de 2026. El Rectorado y las dependencias institucionales permanecer\u00e1n con actividad reducida, mientras avanzan las tareas de cierre del ejercicio contable y la planificaci\u00f3n del ciclo acad\u00e9mico 2026.<\/p>\n\n\n\n<p>El documento oficial establece adem\u00e1s un cierre total del Instituto Rectorado entre el 2 y el 31 de enero de 2026, per\u00edodo en el cual no habr\u00e1 atenci\u00f3n al p\u00fablico ni ingreso de tr\u00e1mites, salvo aquellos considerados como &#8220;urgente&#8221;. Tambi\u00e9n se suspender\u00e1 el funcionamiento de Mesa de Entradas y Salidas y los plazos administrativos, con excepci\u00f3n de los procesos de llamados a cargos en curso, que continuar\u00e1n seg\u00fan lo previsto.<\/p>\n\n\n\n<p>En cuanto al personal No Docente, la normativa fija que la licencia anual ordinaria deber\u00e1 tomarse entre el 15 de diciembre de 2025 y el 11 de febrero de 2026, en funci\u00f3n con los d\u00edas que correspondan por antig\u00fcedad. Para quienes se encuentren afectados al cierre del ejercicio contable 2025, se establece como fecha l\u00edmite para iniciar la licencia el 30 de abril de 2026.<\/p>\n\n\n\n<p>Se autoriza el reintegro anticipado de los agentes con menor cantidad de d\u00edas de licencia a partir del 2 de febrero de 2026. De igual modo, aclararon que esta habilitaci\u00f3n no implica derechos adicionales y queda sujeta a razones operativas de cada \u00e1rea.<\/p>\n\n\n\n<p>El receso abarca al Rectorado, Institutos y Carreras dependientes, que deber\u00e1n informar a las autoridades sus cronogramas de uso de licencias y, en caso de necesitar actividades durante el receso, presentar una planificaci\u00f3n para obtener aprobaci\u00f3n formal.<\/p>\n","protected":false},"excerpt":{"rendered":"<p>La Universidad Nacional del Nordeste oficializ\u00f3, mediante la Resoluci\u00f3n 8967\/2025, el receso administrativo que regir\u00e1 entre diciembre y febrero. La medida implicar\u00e1 cierre total del Rectorado durante parte de enero.&hellip; <\/p>\n","protected":false},"author":4,"featured_media":237776,"comment_status":"closed","ping_status":"open","sticky":false,"template":"","format":"standard","meta":{"footnotes":""},"categories":[26],"tags":[],"class_list":["post-237775","post","type-post","status-publish","format-standard","has-post-thumbnail","hentry","category-destacados"],"_links":{"self":[{"href":"https:\/\/corrientesdetarde.com\/index.php\/wp-json\/wp\/v2\/posts\/237775","targetHints":{"allow":["GET"]}}],"collection":[{"href":"https:\/\/corrientesdetarde.com\/index.php\/wp-json\/wp\/v2\/posts"}],"about":[{"href":"https:\/\/corrientesdetarde.com\/index.php\/wp-json\/wp\/v2\/types\/post"}],"author":[{"embeddable":true,"href":"https:\/\/corrientesdetarde.com\/index.php\/wp-json\/wp\/v2\/users\/4"}],"replies":[{"embeddable":true,"href":"https:\/\/corrientesdetarde.com\/index.php\/wp-json\/wp\/v2\/comments?post=237775"}],"version-history":[{"count":1,"href":"https:\/\/corrientesdetarde.com\/index.php\/wp-json\/wp\/v2\/posts\/237775\/revisions"}],"predecessor-version":[{"id":237777,"href":"https:\/\/corrientesdetarde.com\/index.php\/wp-json\/wp\/v2\/posts\/237775\/revisions\/237777"}],"wp:featuredmedia":[{"embeddable":true,"href":"https:\/\/corrientesdetarde.com\/index.php\/wp-json\/wp\/v2\/media\/237776"}],"wp:attachment":[{"href":"https:\/\/corrientesdetarde.com\/index.php\/wp-json\/wp\/v2\/media?parent=237775"}],"wp:term":[{"taxonomy":"category","embeddable":true,"href":"https:\/\/corrientesdetarde.com\/index.php\/wp-json\/wp\/v2\/categories?post=237775"},{"taxonomy":"post_tag","embeddable":true,"href":"https:\/\/corrientesdetarde.com\/index.php\/wp-json\/wp\/v2\/tags?post=237775"}],"curies":[{"name":"wp","href":"https:\/\/api.w.org\/{rel}","templated":true}]}}