{"id":237778,"date":"2025-11-27T22:32:47","date_gmt":"2025-11-28T01:32:47","guid":{"rendered":"https:\/\/corrientesdetarde.com\/?p=237778"},"modified":"2025-11-27T22:32:51","modified_gmt":"2025-11-28T01:32:51","slug":"el-concejo-deliberante-cierra-el-ano-legislativo-con-29-sesiones-ordinarias","status":"publish","type":"post","link":"https:\/\/corrientesdetarde.com\/index.php\/actualidad\/el-concejo-deliberante-cierra-el-ano-legislativo-con-29-sesiones-ordinarias\/","title":{"rendered":"El Concejo Deliberante cierra el a\u00f1o legislativo con 29 sesiones ordinarias"},"content":{"rendered":"\n<p>Si bien 2025 estuvo marcado por la agenda electoral, el presidente del HCD destac\u00f3 que la productividad del deliberativo comunal se mantuvo, con una gran cantidad de ordenanzas aprobadas en un marco de consenso y di\u00e1logo. Hubo emotivos mensajes de aquellos que completaron su mandato.<\/p>\n\n\n\n<p>El Honorable Concejo Deliberante (HCD) presidido por Marcos Amarilla, realiz\u00f3 hoy la 29\u00b0 sesi\u00f3n de 2025. Se trat\u00f3 del \u00faltimo plenario del actual per\u00edodo ordinario, por lo que hubo palabras de agradecimiento y reconocimiento a la labor concretada durante el a\u00f1o, previas al recambio del cuerpo legislativo.<\/p>\n\n\n\n<p>En lo que respecta a las cuestiones que formaron parte del orden del d\u00eda, se sancionaron una serie de ordenanzas, incluyendo la implementaci\u00f3n del programa de Colocaci\u00f3n de Cestos Domiciliarios de Residuos, cuya finalidad es facilitar la recolecci\u00f3n casa por casa. Se realizar\u00e1 mediante la adquisici\u00f3n e instalaci\u00f3n de los cestos, a trav\u00e9s de los mecanismos de contrataci\u00f3n autorizados legalmente, que ser\u00e1n entregados a los frentistas que abonar\u00e1n el valor en cuotas.<\/p>\n\n\n\n<p>Tambi\u00e9n se aprob\u00f3 la creaci\u00f3n del Programa Municipal para la Protecci\u00f3n y Alimentaci\u00f3n de las Abejas, para contribuir a su conservaci\u00f3n y repoblaci\u00f3n, consider\u00e1ndolas fundamentales como agentes polinizadores en la preservaci\u00f3n de los ecosistemas en la ciudad de Corrientes.<\/p>\n\n\n\n<figure class=\"wp-block-image\"><img decoding=\"async\" src=\"https:\/\/www.diarioepoca.com\/content\/bucket\/2\/1461262w790h525c.jpg.webp\" alt=\"\"\/><\/figure>\n\n\n\n<p>Asimismo, el cuerpo deliberativo comunal otorg\u00f3 el t\u00edtulo honor\u00edfico de Ciudadana Ilustre a la escritora y autora Myrna Neumann de Rey, que con sus obras literarias ha contribuido a la educaci\u00f3n y cultura, y actualmente con 88 a\u00f1os contin\u00faa trabajando y aportando conocimientos a trav\u00e9s de distintas publicaciones. En tanto, una plaza del barrio Santa Catalina, llevar\u00e1 el nombre de &#8220;Don Pedro Celestino Ranalletti&#8221;, quien se destac\u00f3 por ser uno de los principales promotores de la Fiesta Nacional del Chamam\u00e9.<\/p>\n\n\n\n<p>En el encuentro deliberativo, se aprobaron los estados contables del Fondo Fiduciario de Obras P\u00fablicas, Fondo Fiduciario de Garant\u00eda para la Obra P\u00fablica (FOGOP), Fondo Fiduciario de Santa Catalina (Ejercicio N\u00ba6) y de la Caja Municipal de Pr\u00e9stamos. Lo mismo ocurri\u00f3 con el Informe Contable Ejercicio 2024.<\/p>\n\n\n\n<p>Por otra parte, se declar\u00f3 de Inter\u00e9s del HCD la segunda edici\u00f3n de la Copa Corrientes Diversa 2026 (ser\u00e1 del 13 al 26 de febrero). Adem\u00e1s, se decidi\u00f3 otorgar el t\u00edtulo honor\u00edfico de M\u00e9rito al Ciudadano al ambientalista Luis Mart\u00ednez, al profesor Rom\u00e1n Alejandro Montejano y a los 131 \u00c1ngeles del Puente.<\/p>\n\n\n\n<p>En tanto, el cuerpo expres\u00f3 su rechazo a la imposici\u00f3n del nombre Juan Carlos De Marchi, a una plaza de la Sociedad Rural de Corrientes, por tratarse de un condenado por delitos de lesa humanidad.<\/p>\n\n\n\n<figure class=\"wp-block-image\"><img decoding=\"async\" src=\"https:\/\/www.diarioepoca.com\/content\/bucket\/3\/1461263w790h525c.jpg.webp\" alt=\"\"\/><\/figure>\n\n\n\n<p>Al finalizar el encuentro, el presidente del HCD Marcos Amarilla, agradeci\u00f3 a los concejales capitalinos, por la capacidad de trabajo demostrada durante el a\u00f1o, con la sanci\u00f3n de importantes normas para la ciudad, que fueron el resultado de un trabajo en conjunto entre los diferentes bloques. Por su parte, los ediles qu\u00e9 concluyen mandato (entre ellos dos que renuevan sus bancas), se tomaron un momento para dirigirse a sus pares y al p\u00fablico, con emotivos mensajes en los que recordaron los momentos m\u00e1s trascendentes de su paso por la instituci\u00f3n. Por \u00faltimo, las autoridades les entregaron presentes y recordatorios.<\/p>\n","protected":false},"excerpt":{"rendered":"<p>Si bien 2025 estuvo marcado por la agenda electoral, el presidente del HCD destac\u00f3 que la productividad del deliberativo comunal se mantuvo, con una gran cantidad de ordenanzas aprobadas en&hellip; <\/p>\n","protected":false},"author":4,"featured_media":237776,"comment_status":"closed","ping_status":"open","sticky":false,"template":"","format":"standard","meta":{"footnotes":""},"categories":[23],"tags":[],"class_list":["post-237778","post","type-post","status-publish","format-standard","has-post-thumbnail","hentry","category-actualidad"],"_links":{"self":[{"href":"https:\/\/corrientesdetarde.com\/index.php\/wp-json\/wp\/v2\/posts\/237778","targetHints":{"allow":["GET"]}}],"collection":[{"href":"https:\/\/corrientesdetarde.com\/index.php\/wp-json\/wp\/v2\/posts"}],"about":[{"href":"https:\/\/corrientesdetarde.com\/index.php\/wp-json\/wp\/v2\/types\/post"}],"author":[{"embeddable":true,"href":"https:\/\/corrientesdetarde.com\/index.php\/wp-json\/wp\/v2\/users\/4"}],"replies":[{"embeddable":true,"href":"https:\/\/corrientesdetarde.com\/index.php\/wp-json\/wp\/v2\/comments?post=237778"}],"version-history":[{"count":1,"href":"https:\/\/corrientesdetarde.com\/index.php\/wp-json\/wp\/v2\/posts\/237778\/revisions"}],"predecessor-version":[{"id":237779,"href":"https:\/\/corrientesdetarde.com\/index.php\/wp-json\/wp\/v2\/posts\/237778\/revisions\/237779"}],"wp:featuredmedia":[{"embeddable":true,"href":"https:\/\/corrientesdetarde.com\/index.php\/wp-json\/wp\/v2\/media\/237776"}],"wp:attachment":[{"href":"https:\/\/corrientesdetarde.com\/index.php\/wp-json\/wp\/v2\/media?parent=237778"}],"wp:term":[{"taxonomy":"category","embeddable":true,"href":"https:\/\/corrientesdetarde.com\/index.php\/wp-json\/wp\/v2\/categories?post=237778"},{"taxonomy":"post_tag","embeddable":true,"href":"https:\/\/corrientesdetarde.com\/index.php\/wp-json\/wp\/v2\/tags?post=237778"}],"curies":[{"name":"wp","href":"https:\/\/api.w.org\/{rel}","templated":true}]}}