{"id":237783,"date":"2025-11-27T22:50:20","date_gmt":"2025-11-28T01:50:20","guid":{"rendered":"https:\/\/corrientesdetarde.com\/?p=237783"},"modified":"2025-11-27T22:50:32","modified_gmt":"2025-11-28T01:50:32","slug":"un-cambio-de-vida-el-municipio-acompano-a-172-familias-de-excarreros-y-recupero-730-caballos","status":"publish","type":"post","link":"https:\/\/corrientesdetarde.com\/index.php\/actualidad\/un-cambio-de-vida-el-municipio-acompano-a-172-familias-de-excarreros-y-recupero-730-caballos\/","title":{"rendered":"Un cambio de vida: el Municipio acompa\u00f1\u00f3 a 172 familias de excarreros y recuper\u00f3 730 caballos"},"content":{"rendered":"\n<p><em>En 16 meses del inicio del programa de Reconversi\u00f3n Productiva, la Municipalidad de Corrientes cerrar\u00e1 su segundo a\u00f1o con m\u00e1s de 170 familias que apostaron a un nuevo proyecto laboral, propio y con un ingreso m\u00e1s estable. A la vez, se rescat\u00f3 a centenares de equinos que hoy pastan libres y sanos en campos de protecci\u00f3n.<\/em><\/p>\n\n\n\n<p>Lo que comenz\u00f3 como un registro en planillas hoy es una pol\u00edtica p\u00fablica que pone el foco en las personas. No son n\u00fameros: son familias que dejaron atr\u00e1s la actividad de carreros y son protagonistas de un proyecto m\u00e1s digno, m\u00e1s seguro y con mejores perspectivas econ\u00f3micas. Fue un cambio de 180 grados y una nueva vida.<br>La Municipalidad de la ciudad de Corrientes cierra el a\u00f1o destacando este logro colectivo, que combina contenci\u00f3n social, desarrollo y bienestar animal en una transformaci\u00f3n que ya es visible en la ciudad.<br>Historias de este tipo, hay cientos. Por ejemplo, la de Leandro. Tiene treinta y pico, es del barrio San Roque Oeste y vive con su esposa y cuatro hijos. A\u00fan recuerda las extensas jornadas en las que, junto a sus caballos, recorr\u00eda la ciudad recolectando cart\u00f3n. Hoy, en el mismo espacio donde antes guardaba el carro, funciona su peque\u00f1a poller\u00eda familiar. \u201cEs otro ritmo, otra vida\u201d, se\u00f1ala ya en su nueva actividad. Pero no solo cambi\u00f3 su trabajo: cambi\u00f3 tambi\u00e9n el tiempo con sus hijos, la rutina diaria y la esperanza de crecer con un emprendimiento propio.<br>Otro caso similar es el de M\u00e1ximo, quien despu\u00e9s de sufrir un ACV ya no pudo continuar con los fletes que hac\u00eda desde su barrio Villa Raquel. Con el acompa\u00f1amiento municipal, dej\u00f3 atr\u00e1s el esfuerzo f\u00edsico que reca\u00eda sobre \u00e9l y sus caballos, y hoy est\u00e1 dando los primeros pasos en su hamburgueser\u00eda familiar. Su esposa y su hija lo acompa\u00f1an en un proyecto que, hasta hace poco, parec\u00eda imposible.<br>Como ellos, Gustavo -que pas\u00f3 del mall\u00f3n al carro y ahora al comercio- tambi\u00e9n eligi\u00f3 transformar su vida. Tras d\u00e9cadas dedicadas a la pesca y luego al reciclado con carros, decidi\u00f3 entregar (y salvar) a sus dos equinos para abrir un local de venta de bebidas. \u201cEs empezar de nuevo, pero con una verdadera oportunidad\u201d, reconoce mientras acomoda unas botellas en el fondo de su comercio.<br>Estas historias representan solo una parte del impacto del programa municipal de Reconversi\u00f3n Productiva para el sector, que en 16 meses alcanz\u00f3 cifras incre\u00edbles. Pero, detr\u00e1s de cada caso, hay un mismo punto de partida: el deseo de un futuro con mejores condiciones laborales, un ingreso m\u00e1s estable y, al mismo tiempo, un compromiso con el bienestar animal.<br><br>EMPRENDIMIENTOS FAMILIARES<br>El programa para ex carreros logr\u00f3 que las familias adheridas puedan iniciar diversos emprendimientos gastron\u00f3micos, mientras que otros van a reforzar sus oficios de jardiner\u00eda, pintura, alba\u00f1iler\u00eda y gomer\u00eda, entre otros.<br>As\u00ed, un total de 172 familias aceptaron entregar sus carros y caballos y reconvertirse en una actividad completamente distinta a la que realizaban.<br>De esta manera, se impact\u00f3 directamente a m\u00e1s de 380 personas que componen el grupo familiar del carrero o la carrera.<br>Eran familias que se dedicaban a las tareas de reciclaje juntando cart\u00f3n, pl\u00e1stico, aluminio, etc\u00e9tera; como tambi\u00e9n a la limpieza de terrenos o finales de obra, realizaci\u00f3n de fletes de arena y ladrillo, retiro de escombros, ramas, restos de obras, mudanzas, entre otras actividades.&nbsp;<br><br>RECUPERACI\u00d3N DE EQUINOS<br>Por otro lado, seg\u00fan los datos aportados por el \u00e1rea municipal encargada, se determin\u00f3 que en que va la ejecuci\u00f3n del programa, un total de 346 equinos fueron entregados voluntariamente por excarreros y 384 caballos, que se encontraban en condiciones de maltrato animal o por el vencimiento de plazo de retiro, fueron recuperados. Por ello, un total de 730 equinos fueron recuperados.<br>Cabe destacar que en todos los casos los caballos recibieron atenci\u00f3n veterinaria, curaci\u00f3n de heridas o enfermedades como tambi\u00e9n fueron desparasitados y vacunados y en algunos casos se procedi\u00f3 a la castraci\u00f3n de machos y a una alimentaci\u00f3n adecuada.<br>Los mismos fueron enviados a campos en condiciones de bienestar en las localidades de San Luis del Palmar, Loreto, San Cosme, Empedrado, Santa Rosa, San Roque y Pas\u00f3 Quintana &#8211; San Isidro.<\/p>\n","protected":false},"excerpt":{"rendered":"<p>En 16 meses del inicio del programa de Reconversi\u00f3n Productiva, la Municipalidad de Corrientes cerrar\u00e1 su segundo a\u00f1o con m\u00e1s de 170 familias que apostaron a un nuevo proyecto laboral,&hellip; <\/p>\n","protected":false},"author":4,"featured_media":237784,"comment_status":"closed","ping_status":"open","sticky":false,"template":"","format":"standard","meta":{"footnotes":""},"categories":[23],"tags":[],"class_list":["post-237783","post","type-post","status-publish","format-standard","has-post-thumbnail","hentry","category-actualidad"],"_links":{"self":[{"href":"https:\/\/corrientesdetarde.com\/index.php\/wp-json\/wp\/v2\/posts\/237783","targetHints":{"allow":["GET"]}}],"collection":[{"href":"https:\/\/corrientesdetarde.com\/index.php\/wp-json\/wp\/v2\/posts"}],"about":[{"href":"https:\/\/corrientesdetarde.com\/index.php\/wp-json\/wp\/v2\/types\/post"}],"author":[{"embeddable":true,"href":"https:\/\/corrientesdetarde.com\/index.php\/wp-json\/wp\/v2\/users\/4"}],"replies":[{"embeddable":true,"href":"https:\/\/corrientesdetarde.com\/index.php\/wp-json\/wp\/v2\/comments?post=237783"}],"version-history":[{"count":1,"href":"https:\/\/corrientesdetarde.com\/index.php\/wp-json\/wp\/v2\/posts\/237783\/revisions"}],"predecessor-version":[{"id":237785,"href":"https:\/\/corrientesdetarde.com\/index.php\/wp-json\/wp\/v2\/posts\/237783\/revisions\/237785"}],"wp:featuredmedia":[{"embeddable":true,"href":"https:\/\/corrientesdetarde.com\/index.php\/wp-json\/wp\/v2\/media\/237784"}],"wp:attachment":[{"href":"https:\/\/corrientesdetarde.com\/index.php\/wp-json\/wp\/v2\/media?parent=237783"}],"wp:term":[{"taxonomy":"category","embeddable":true,"href":"https:\/\/corrientesdetarde.com\/index.php\/wp-json\/wp\/v2\/categories?post=237783"},{"taxonomy":"post_tag","embeddable":true,"href":"https:\/\/corrientesdetarde.com\/index.php\/wp-json\/wp\/v2\/tags?post=237783"}],"curies":[{"name":"wp","href":"https:\/\/api.w.org\/{rel}","templated":true}]}}