{"id":237810,"date":"2025-11-28T09:00:18","date_gmt":"2025-11-28T12:00:18","guid":{"rendered":"https:\/\/corrientesdetarde.com\/?p=237810"},"modified":"2025-11-28T09:00:20","modified_gmt":"2025-11-28T12:00:20","slug":"rudi-flores-vuelve-con-un-show-intimo-a-corrientes","status":"publish","type":"post","link":"https:\/\/corrientesdetarde.com\/index.php\/cultura\/rudi-flores-vuelve-con-un-show-intimo-a-corrientes\/","title":{"rendered":"Rudi Flores vuelve con un show \u00edntimo a Corrientes"},"content":{"rendered":"\n<p>El m\u00fasico y guitarrista extender\u00e1 la alfombra sobre el escenario para compartir un repertorio de cl\u00e1sicos chamameceros. Estar\u00e1 junto a artistas locales.<\/p>\n\n\n\n<p>El reconocido m\u00fasico Rudi Flores, figura destacada del chamam\u00e9, regresa a su provincia natal para un esperado espect\u00e1culo en el nuevo espacio cultural &#8220;Corrientes Norte&#8221;. El evento se llevar\u00e1 a cabo ma\u00f1ana s\u00e1bado 29 y promete ser una noche de reencuentro con amigos, familia y fundamentalmente con el p\u00fablico local.<\/p>\n\n\n\n<p>Flores, quien se encuentra de visita en la ciudad, expres\u00f3 su entusiasmo por esta presentaci\u00f3n. &#8220;Tengo la suerte de poder presentarme con un grupo de viejos amigos, m\u00fasicos, en este nuevo lugar que se llama Corrientes Norte (La Rioja 461), que pertenece a los hermanitos Duarte&#8221;, coment\u00f3 el artista. Destac\u00f3 la importancia de este tipo de espacios para el circuito cultural y la conexi\u00f3n entre los artistas y la audiencia: &#8220;Me parece muy necesaria tambi\u00e9n la presencia de la gente para seguir manteniendo ese lazo importante con los artistas y viceversa&#8221;.<\/p>\n\n\n\n<p>El m\u00fasico, que estuvo un tiempo sin tocar en la regi\u00f3n, se\u00f1al\u00f3: &#8220;Ser\u00e1 una gran alegr\u00eda poder estar en ese lugar nuevo y sobre todo en mi provincia que hace un tiempo que no vengo y que sobre todo que no toco por aqu\u00ed&#8221;. El repertorio planificado incluye una selecci\u00f3n de &#8220;chamam\u00e9s cl\u00e1sicos en guitarras&#8221;.<\/p>\n\n\n\n<p>Para esta ocasi\u00f3n especial, Rudi Flores compartir\u00e1 escenario con un tr\u00edo de talentosos m\u00fasicos locales: Eduardo &#8220;Conejo&#8221; Alegre en guitarr\u00f3n y voz, Sergio Cabrera en guitarra y la voz solista de Julio Cott. Adem\u00e1s de los temas cl\u00e1sicos, el conjunto adelant\u00f3 que interpretar\u00e1n quiz\u00e1 alg\u00fan par de temitas de composiciones propias.<\/p>\n\n\n\n<p>&#8220;Vamos a disfrutar d un momento especial&#8221;, dijo. La cita es una oportunidad \u00fanica para disfrutar de la m\u00fasica de ra\u00edz correntina en un ambiente \u00edntimo y propicio para el reencuentro cultural. Cabe destacar que en derecho a espect\u00e1culo tiene un valor accesible de $10.000.<\/p>\n","protected":false},"excerpt":{"rendered":"<p>El m\u00fasico y guitarrista extender\u00e1 la alfombra sobre el escenario para compartir un repertorio de cl\u00e1sicos chamameceros. Estar\u00e1 junto a artistas locales. El reconocido m\u00fasico Rudi Flores, figura destacada del&hellip; <\/p>\n","protected":false},"author":3,"featured_media":237817,"comment_status":"closed","ping_status":"open","sticky":false,"template":"","format":"standard","meta":{"footnotes":""},"categories":[15],"tags":[],"class_list":["post-237810","post","type-post","status-publish","format-standard","has-post-thumbnail","hentry","category-cultura"],"_links":{"self":[{"href":"https:\/\/corrientesdetarde.com\/index.php\/wp-json\/wp\/v2\/posts\/237810","targetHints":{"allow":["GET"]}}],"collection":[{"href":"https:\/\/corrientesdetarde.com\/index.php\/wp-json\/wp\/v2\/posts"}],"about":[{"href":"https:\/\/corrientesdetarde.com\/index.php\/wp-json\/wp\/v2\/types\/post"}],"author":[{"embeddable":true,"href":"https:\/\/corrientesdetarde.com\/index.php\/wp-json\/wp\/v2\/users\/3"}],"replies":[{"embeddable":true,"href":"https:\/\/corrientesdetarde.com\/index.php\/wp-json\/wp\/v2\/comments?post=237810"}],"version-history":[{"count":1,"href":"https:\/\/corrientesdetarde.com\/index.php\/wp-json\/wp\/v2\/posts\/237810\/revisions"}],"predecessor-version":[{"id":237821,"href":"https:\/\/corrientesdetarde.com\/index.php\/wp-json\/wp\/v2\/posts\/237810\/revisions\/237821"}],"wp:featuredmedia":[{"embeddable":true,"href":"https:\/\/corrientesdetarde.com\/index.php\/wp-json\/wp\/v2\/media\/237817"}],"wp:attachment":[{"href":"https:\/\/corrientesdetarde.com\/index.php\/wp-json\/wp\/v2\/media?parent=237810"}],"wp:term":[{"taxonomy":"category","embeddable":true,"href":"https:\/\/corrientesdetarde.com\/index.php\/wp-json\/wp\/v2\/categories?post=237810"},{"taxonomy":"post_tag","embeddable":true,"href":"https:\/\/corrientesdetarde.com\/index.php\/wp-json\/wp\/v2\/tags?post=237810"}],"curies":[{"name":"wp","href":"https:\/\/api.w.org\/{rel}","templated":true}]}}