{"id":237811,"date":"2025-11-28T09:00:13","date_gmt":"2025-11-28T12:00:13","guid":{"rendered":"https:\/\/corrientesdetarde.com\/?p=237811"},"modified":"2025-11-28T09:00:18","modified_gmt":"2025-11-28T12:00:18","slug":"correntinas-en-un-selectivo-nacional","status":"publish","type":"post","link":"https:\/\/corrientesdetarde.com\/index.php\/deportes\/correntinas-en-un-selectivo-nacional\/","title":{"rendered":"Correntinas, en un Selectivo Nacional"},"content":{"rendered":"\n<p>\u00c1ngeles Ayala y Fiorela M\u00e9ndez, que compiten en la categor\u00eda Junior y Sub-23, dir\u00e1n presente este fin de semana en Tigre.<\/p>\n\n\n\n<p>El secretario de Deportes, Jorge Terrile, recibi\u00f3 a las atletas correntinas \u00c1ngeles Ayala (categor\u00eda junior) y Fiorela M\u00e9ndez (Sub-23), quienes viajar\u00e1n este fin de semana a la provincia de Buenos Aires para participar en el Torneo Selectivo Nacional de Remo.<\/p>\n\n\n\n<p>El evento se llevar\u00e1 a cabo en la pista nacional de Tigre, donde se disputar\u00e1n las pruebas en la modalidad single. Durante el encuentro, el Secretario de Deportes expres\u00f3 su apoyo y felicitaciones a las j\u00f3venes deportistas, destacando el esfuerzo y la dedicaci\u00f3n que han demostrado en su preparaci\u00f3n.<\/p>\n\n\n\n<p>&#8220;\u00c1ngeles y Fiorela representan con orgullo a Corrientes en este selectivo, y su participaci\u00f3n es un reflejo del trabajo que venimos realizando desde el Gobierno de la Provincia para apoyar a nuestros atletas en su camino hacia el alto rendimiento&#8221;, afirm\u00f3 Terrile.<\/p>\n\n\n\n<p>El objetivo de las atletas es posicionarse entre las diez mejores en sus respectivas categor\u00edas para as\u00ed asegurar un lugar en el plantel nacional y estar preparadas para futuras competencias internacionales.<\/p>\n\n\n\n<p>\u00c1ngeles Ayala competir\u00e1 en la categor\u00eda junior, mientras que Fiorela M\u00e9ndez lo har\u00e1 en la categor\u00eda Sub-23. Ambas remeras se han destacado por su disciplina y compromiso. Este apoyo a las j\u00f3venes atletas se enmarca dentro de las pol\u00edticas deportivas impulsadas por el Gobierno de la Provincia de Corrientes, que tiene como objetivo el fomento y desarrollo del deporte en todas sus disciplinas, as\u00ed como la inclusi\u00f3n de los j\u00f3venes en competiciones de alto rendimiento.<\/p>\n\n\n\n<p>La gesti\u00f3n del Gobernador Gustavo Vald\u00e9s destin\u00f3 recursos y acompa\u00f1amiento a los deportistas, reconociendo al deporte como una herramienta clave para el bienestar y la integraci\u00f3n social.<\/p>\n\n\n\n<p>Este mes, una delegaci\u00f3n correntina compiti\u00f3 en el Campeonato Argentino de Remo que tuvo lugar en la pista nacional ubicada en Tigre (partido de Buenos Aires). En esa oportunidad, la n\u00f3mina litorale\u00f1a estuvo integrada por Alejandro G\u00f3mez Enr\u00edquez, Enzo Luj\u00e1n, Irina y Sabrina Zibelman, \u00c1ngeles Ayala, Juan Cruz Sandoval, Juli\u00e1n Galarza, Fiorela M\u00e9ndez y el entrenador Leandro L\u00f3pez Rivadeneiro.<\/p>\n","protected":false},"excerpt":{"rendered":"<p>\u00c1ngeles Ayala y Fiorela M\u00e9ndez, que compiten en la categor\u00eda Junior y Sub-23, dir\u00e1n presente este fin de semana en Tigre. El secretario de Deportes, Jorge Terrile, recibi\u00f3 a las&hellip; <\/p>\n","protected":false},"author":3,"featured_media":237816,"comment_status":"closed","ping_status":"open","sticky":false,"template":"","format":"standard","meta":{"footnotes":""},"categories":[4],"tags":[],"class_list":["post-237811","post","type-post","status-publish","format-standard","has-post-thumbnail","hentry","category-deportes"],"_links":{"self":[{"href":"https:\/\/corrientesdetarde.com\/index.php\/wp-json\/wp\/v2\/posts\/237811","targetHints":{"allow":["GET"]}}],"collection":[{"href":"https:\/\/corrientesdetarde.com\/index.php\/wp-json\/wp\/v2\/posts"}],"about":[{"href":"https:\/\/corrientesdetarde.com\/index.php\/wp-json\/wp\/v2\/types\/post"}],"author":[{"embeddable":true,"href":"https:\/\/corrientesdetarde.com\/index.php\/wp-json\/wp\/v2\/users\/3"}],"replies":[{"embeddable":true,"href":"https:\/\/corrientesdetarde.com\/index.php\/wp-json\/wp\/v2\/comments?post=237811"}],"version-history":[{"count":3,"href":"https:\/\/corrientesdetarde.com\/index.php\/wp-json\/wp\/v2\/posts\/237811\/revisions"}],"predecessor-version":[{"id":237820,"href":"https:\/\/corrientesdetarde.com\/index.php\/wp-json\/wp\/v2\/posts\/237811\/revisions\/237820"}],"wp:featuredmedia":[{"embeddable":true,"href":"https:\/\/corrientesdetarde.com\/index.php\/wp-json\/wp\/v2\/media\/237816"}],"wp:attachment":[{"href":"https:\/\/corrientesdetarde.com\/index.php\/wp-json\/wp\/v2\/media?parent=237811"}],"wp:term":[{"taxonomy":"category","embeddable":true,"href":"https:\/\/corrientesdetarde.com\/index.php\/wp-json\/wp\/v2\/categories?post=237811"},{"taxonomy":"post_tag","embeddable":true,"href":"https:\/\/corrientesdetarde.com\/index.php\/wp-json\/wp\/v2\/tags?post=237811"}],"curies":[{"name":"wp","href":"https:\/\/api.w.org\/{rel}","templated":true}]}}