{"id":237812,"date":"2025-11-28T09:00:11","date_gmt":"2025-11-28T12:00:11","guid":{"rendered":"https:\/\/corrientesdetarde.com\/?p=237812"},"modified":"2025-11-28T09:00:20","modified_gmt":"2025-11-28T12:00:20","slug":"taller-mecanico-se-incendio-a-causa-de-otro-cortocircuito","status":"publish","type":"post","link":"https:\/\/corrientesdetarde.com\/index.php\/informacion-general\/taller-mecanico-se-incendio-a-causa-de-otro-cortocircuito\/","title":{"rendered":"Taller mec\u00e1nico se incendi\u00f3 a causa de otro cortocircuito"},"content":{"rendered":"\n<p>Las llamas cobraron fuerza al tomar un dep\u00f3sito repleto de neum\u00e1ticos que se encontraba en un entrepiso del taller. No hubo personas lesionadas, pero el fuego y las intensas temperaturas habr\u00edan afectado algunas casas linderas.<\/p>\n\n\n\n<p>Un conocido taller mec\u00e1nico ubicado en pleno barrio Jard\u00edn de la capital correntina sufri\u00f3 en la tarde de ayer un voraz incendio que provoc\u00f3 serios da\u00f1os en un dep\u00f3sito de neum\u00e1ticos y un par de autom\u00f3viles que estaban en reparaci\u00f3n. Seg\u00fan informaron fuentes allegadas a los bomberos, el siniestro se origin\u00f3 a causa de un cortocircuito que gener\u00f3 un fogonazo que se propag\u00f3 a causa de elementos de alta combusti\u00f3n. La r\u00e1pida acci\u00f3n de los rescatistas evit\u00f3 que las llamas se propaguen a las casas linderas.<\/p>\n\n\n\n<p>El fuego comenz\u00f3 alrededor de las 17:05 en un taller conocido en la zona como &#8220;Momia Competici\u00f3n&#8221;, ubicado sobre calle Las Orqu\u00eddeas al 134, a pocos metros de la avenida R\u00edo Chico cuyos trabajadores y due\u00f1os se encontraban dentro cuando se inici\u00f3 el siniestro.<\/p>\n\n\n\n<p>Al menos cuatro dotaciones de bomberos de la Polic\u00eda y del cuartel de los voluntarios de Capital asistieron hasta el lugar y se encontraron con un incendio de estructura declarado. El denso humo negro producto de la quema de decenas de neum\u00e1ticos que se hallaban sobre un dep\u00f3sito superior se pod\u00eda ver desde lejos e hicieron dificultosos los primeros trabajos de extinci\u00f3n de las llamas.<\/p>\n\n\n\n<p>Seg\u00fan indicaron las fuentes consultadas, el fuego se habr\u00eda iniciado en un dep\u00f3sito superior ubicado en un entrepiso dentro del complejo donde se guardaban decenas de llantas y neum\u00e1ticos y era lo que generaba, en gran parte, el t\u00f3xico humo que oblig\u00f3 a muchos vecinos a apartarse del lugar.<\/p>\n\n\n\n<p>Por momentos, casi al inicio, las llamas estuvieron casi fuera de control y afectaron algunas casas laterales del taller. Tambi\u00e9n alcanzaron a uno de los autom\u00f3viles que estaba siendo reparado y subido a una gr\u00faa elevadora del local y al estar casi a la altura de donde estaban las llamas, fue afectado la parte frontal.<\/p>\n\n\n\n<p>Las chapas del techo tambi\u00e9n recibieron el impacto directo de las llamas y dos l\u00edneas de ellas quedaron destruidas.<\/p>\n\n\n\n<p>Poco m\u00e1s de 40 minutos les llev\u00f3 a los bomberos sofocar parcialmente las llamas, lo que permiti\u00f3 la inspecci\u00f3n del lugar. Pero cerca de las 19 y cuando los bomberos ya se hab\u00edan retirado, algunos focos menores se reavivaron, aunque fueron controlados de inmediato por otra unidad de ataque ligero que lleg\u00f3 al lugar.<\/p>\n\n\n\n<p>Afortunadamente, ninguna persona sufri\u00f3 lesiones a causa del siniestro. Efectivos de la Comisar\u00eda Novena, con jurisdicci\u00f3n en la zona llevar\u00e1n a cabo las actuaciones judiciales de rigor. Tambi\u00e9n trabajaron en el lugar del siniestro peritos para determinar las causas reales del incidente, aunque trascendi\u00f3 extraoficialmente que todo apuntar\u00eda a una &#8220;contingencia el\u00e9ctrica&#8221; o cortocircuito lo que provoc\u00f3 el fuego.<\/p>\n","protected":false},"excerpt":{"rendered":"<p>Las llamas cobraron fuerza al tomar un dep\u00f3sito repleto de neum\u00e1ticos que se encontraba en un entrepiso del taller. No hubo personas lesionadas, pero el fuego y las intensas temperaturas&hellip; <\/p>\n","protected":false},"author":3,"featured_media":237813,"comment_status":"closed","ping_status":"open","sticky":false,"template":"","format":"standard","meta":{"footnotes":""},"categories":[1],"tags":[],"class_list":["post-237812","post","type-post","status-publish","format-standard","has-post-thumbnail","hentry","category-informacion-general"],"_links":{"self":[{"href":"https:\/\/corrientesdetarde.com\/index.php\/wp-json\/wp\/v2\/posts\/237812","targetHints":{"allow":["GET"]}}],"collection":[{"href":"https:\/\/corrientesdetarde.com\/index.php\/wp-json\/wp\/v2\/posts"}],"about":[{"href":"https:\/\/corrientesdetarde.com\/index.php\/wp-json\/wp\/v2\/types\/post"}],"author":[{"embeddable":true,"href":"https:\/\/corrientesdetarde.com\/index.php\/wp-json\/wp\/v2\/users\/3"}],"replies":[{"embeddable":true,"href":"https:\/\/corrientesdetarde.com\/index.php\/wp-json\/wp\/v2\/comments?post=237812"}],"version-history":[{"count":1,"href":"https:\/\/corrientesdetarde.com\/index.php\/wp-json\/wp\/v2\/posts\/237812\/revisions"}],"predecessor-version":[{"id":237822,"href":"https:\/\/corrientesdetarde.com\/index.php\/wp-json\/wp\/v2\/posts\/237812\/revisions\/237822"}],"wp:featuredmedia":[{"embeddable":true,"href":"https:\/\/corrientesdetarde.com\/index.php\/wp-json\/wp\/v2\/media\/237813"}],"wp:attachment":[{"href":"https:\/\/corrientesdetarde.com\/index.php\/wp-json\/wp\/v2\/media?parent=237812"}],"wp:term":[{"taxonomy":"category","embeddable":true,"href":"https:\/\/corrientesdetarde.com\/index.php\/wp-json\/wp\/v2\/categories?post=237812"},{"taxonomy":"post_tag","embeddable":true,"href":"https:\/\/corrientesdetarde.com\/index.php\/wp-json\/wp\/v2\/tags?post=237812"}],"curies":[{"name":"wp","href":"https:\/\/api.w.org\/{rel}","templated":true}]}}