{"id":238027,"date":"2025-11-30T10:51:40","date_gmt":"2025-11-30T13:51:40","guid":{"rendered":"https:\/\/corrientesdetarde.com\/?p=238027"},"modified":"2025-11-30T10:51:52","modified_gmt":"2025-11-30T13:51:52","slug":"cultura-portena-de-primer-nivel","status":"publish","type":"post","link":"https:\/\/corrientesdetarde.com\/index.php\/cultura\/cultura-portena-de-primer-nivel\/","title":{"rendered":"CULTURA PORTE\u00d1A DE PRIMER NIVEL"},"content":{"rendered":"\n<p>(Bel\u00e9n Pap\u00e1 Orfano) &#8211; Se acerca fin de a\u00f1o, pero la agenda cultural de Buenos Aires todav\u00eda tiene mucho para ofrecer. A propuestas tradicionales, como las actividades en el Planetario y las visitas al Teatro Col\u00f3n, se le suma un nuevo espacio cultural, ritmo de chamam\u00e9 y la presencia en Buenos Aires de un importante director de cine italiano.<\/p>\n\n\n\n<p><strong>ARTE<\/strong><\/p>\n\n\n\n<p>El antiguo edificio del diario La Prensa, a metros de la Plaza de Mayo, fue reinaugurado en los \u00faltimos meses como Casa de la Cultura, un nuevo espacio cultural en el microcentro porte\u00f1o. Las visitas guiadas invitan a un recorrido por el edificio, \u00edcono porte\u00f1o, con una invitaci\u00f3n para conocer desde su arquitectura hasta detalles que dan cuenta de su legado period\u00edstico.&nbsp;<\/p>\n\n\n\n<p>Las visitas se realizan de martes a viernes a las 11, 12.30 y 14.30 horas y los s\u00e1bados a las 10.30, 11.30 y 12.45 horas. Las entradas se adquieren a trav\u00e9s de la web de Ticketek.<\/p>\n\n\n\n<p>Casa de la Cultura &#8211; Av. de Mayo 575&nbsp;<\/p>\n\n\n\n<p><strong>CINE<\/strong><\/p>\n\n\n\n<p>El ministerio de Cultura porte\u00f1o llevar\u00e1 adelante este fin de semana una jornada de cine con Paolo Sorrentino. El c\u00e9lebre director italiano brindar\u00e1 una clase magistral el s\u00e1bado 29 a las 16 horas con entrada libre, por orden de llegada, en el Teatro San Mart\u00edn. Adem\u00e1s, el domingo 30 a las 00.30 h se proyectar\u00e1 al aire libre, en Av. Corrientes y Talcahuano, Fue la mano de Dios, su \u00faltima pel\u00edcula dedicada a Diego Maradona.&nbsp;<\/p>\n\n\n\n<p>Teatro San Mart\u00edn &#8211; Av. Corrientes 1530<\/p>\n\n\n\n<p><strong>M\u00daSICA<\/strong><\/p>\n\n\n\n<p>El domingo 30, la celebraci\u00f3n del D\u00eda del Mate ofrecer\u00e1 una tarde llena de tradici\u00f3n y m\u00fasica en el Museo de Arte Popular. A las 17 se presentar\u00e1 el Ballet Wayra Misky, que recrear\u00e1 danzas tradicionales del folklore nacional bajo la direcci\u00f3n del profesor Pablo Ch\u00e1vez. En tanto, a las 18 el chamamecero y acordeonista Pancho Escalada invitar\u00e1 al p\u00fablico a bailar al ritmo de chamam\u00e9s y chacareras.<\/p>\n\n\n\n<p>Museo de Arte Popular &#8211; Av. del Libertador 2373<\/p>\n\n\n\n<p><strong>TEATRO<\/strong><\/p>\n\n\n\n<p>Contin\u00faan las tradicionales visitas guiadas al Teatro Col\u00f3n para conocer los secretos que guarda cada rinc\u00f3n de una de las casas de m\u00fasica y espect\u00e1culo m\u00e1s importantes del mundo. Al recorrer la Sala, el Foyer Principal, la Galer\u00eda de Bustos y el Sal\u00f3n Dorado, los visitantes pueden absorber detalles asombrosos sobre la arquitectura, las escaleras, sus esculturas o vitreaux.&nbsp;<\/p>\n\n\n\n<p>Las visitas se realizan de lunes a domingos de 10 a 16.45 horas con salidas cada 15 minutos. Las entradas se adquieren en la Boleter\u00eda del Teatro o en la web.&nbsp;<\/p>\n\n\n\n<p>Teatro Col\u00f3n &#8211; Tucum\u00e1n 1171<\/p>\n\n\n\n<p><strong>PARA LOS M\u00c1S CHICOS<\/strong><\/p>\n\n\n\n<p>El espect\u00e1culo de divulgaci\u00f3n astron\u00f3mica, Exoplanetas: Mundos m\u00e1s all\u00e1 del sistema solar, narra el viaje de la ciencia en su exploraci\u00f3n del cosmos y plantea una de las grandes preguntas sin resolver: \u00bfexiste vida m\u00e1s all\u00e1 del sistema solar? S\u00e1bados y domingos a las 13 y 18 horas y de martes a viernes a las 13 y 17 horas en el Planetario Galileo Galilei. Las entradas se consiguen a trav\u00e9s de la web del Planetario.&nbsp;<\/p>\n\n\n\n<p>Planetario Galileo Galilei &#8211; Av. Sarmiento y Av. Libertador<\/p>\n","protected":false},"excerpt":{"rendered":"<p>(Bel\u00e9n Pap\u00e1 Orfano) &#8211; Se acerca fin de a\u00f1o, pero la agenda cultural de Buenos Aires todav\u00eda tiene mucho para ofrecer. A propuestas tradicionales, como las actividades en el Planetario&hellip; <\/p>\n","protected":false},"author":11,"featured_media":238028,"comment_status":"closed","ping_status":"open","sticky":false,"template":"","format":"standard","meta":{"footnotes":""},"categories":[15],"tags":[],"class_list":["post-238027","post","type-post","status-publish","format-standard","has-post-thumbnail","hentry","category-cultura"],"_links":{"self":[{"href":"https:\/\/corrientesdetarde.com\/index.php\/wp-json\/wp\/v2\/posts\/238027","targetHints":{"allow":["GET"]}}],"collection":[{"href":"https:\/\/corrientesdetarde.com\/index.php\/wp-json\/wp\/v2\/posts"}],"about":[{"href":"https:\/\/corrientesdetarde.com\/index.php\/wp-json\/wp\/v2\/types\/post"}],"author":[{"embeddable":true,"href":"https:\/\/corrientesdetarde.com\/index.php\/wp-json\/wp\/v2\/users\/11"}],"replies":[{"embeddable":true,"href":"https:\/\/corrientesdetarde.com\/index.php\/wp-json\/wp\/v2\/comments?post=238027"}],"version-history":[{"count":1,"href":"https:\/\/corrientesdetarde.com\/index.php\/wp-json\/wp\/v2\/posts\/238027\/revisions"}],"predecessor-version":[{"id":238029,"href":"https:\/\/corrientesdetarde.com\/index.php\/wp-json\/wp\/v2\/posts\/238027\/revisions\/238029"}],"wp:featuredmedia":[{"embeddable":true,"href":"https:\/\/corrientesdetarde.com\/index.php\/wp-json\/wp\/v2\/media\/238028"}],"wp:attachment":[{"href":"https:\/\/corrientesdetarde.com\/index.php\/wp-json\/wp\/v2\/media?parent=238027"}],"wp:term":[{"taxonomy":"category","embeddable":true,"href":"https:\/\/corrientesdetarde.com\/index.php\/wp-json\/wp\/v2\/categories?post=238027"},{"taxonomy":"post_tag","embeddable":true,"href":"https:\/\/corrientesdetarde.com\/index.php\/wp-json\/wp\/v2\/tags?post=238027"}],"curies":[{"name":"wp","href":"https:\/\/api.w.org\/{rel}","templated":true}]}}