{"id":238034,"date":"2025-11-30T19:43:32","date_gmt":"2025-11-30T22:43:32","guid":{"rendered":"https:\/\/corrientesdetarde.com\/?p=238034"},"modified":"2025-11-30T21:20:26","modified_gmt":"2025-12-01T00:20:26","slug":"el-gobernador-valdes-recibe-al-ministro-del-interior","status":"publish","type":"post","link":"https:\/\/corrientesdetarde.com\/index.php\/locales\/el-gobernador-valdes-recibe-al-ministro-del-interior\/","title":{"rendered":"El gobernador Vald\u00e9s recibe al ministro del Interior"},"content":{"rendered":"\n<p>En la Casa de Gobierno de la provincia de Corrientes, el gobernador Gustavo Vald\u00e9s recibe este lunes al ministro del Interior de la Naci\u00f3n, Diego Santilli, para luego ambos brindar una conferencia de prensa, la cual tendr\u00e1 lugar en el Sal\u00f3n Amarillo a las 10.<\/p>\n\n\n\n<p><\/p>\n","protected":false},"excerpt":{"rendered":"<p>En la Casa de Gobierno de la provincia de Corrientes, el gobernador Gustavo Vald\u00e9s recibe este lunes al ministro del Interior de la Naci\u00f3n, Diego Santilli, para luego ambos brindar&hellip; <\/p>\n","protected":false},"author":4,"featured_media":238040,"comment_status":"closed","ping_status":"open","sticky":false,"template":"","format":"standard","meta":{"footnotes":""},"categories":[23,8],"tags":[],"class_list":["post-238034","post","type-post","status-publish","format-standard","has-post-thumbnail","hentry","category-actualidad","category-locales"],"_links":{"self":[{"href":"https:\/\/corrientesdetarde.com\/index.php\/wp-json\/wp\/v2\/posts\/238034","targetHints":{"allow":["GET"]}}],"collection":[{"href":"https:\/\/corrientesdetarde.com\/index.php\/wp-json\/wp\/v2\/posts"}],"about":[{"href":"https:\/\/corrientesdetarde.com\/index.php\/wp-json\/wp\/v2\/types\/post"}],"author":[{"embeddable":true,"href":"https:\/\/corrientesdetarde.com\/index.php\/wp-json\/wp\/v2\/users\/4"}],"replies":[{"embeddable":true,"href":"https:\/\/corrientesdetarde.com\/index.php\/wp-json\/wp\/v2\/comments?post=238034"}],"version-history":[{"count":1,"href":"https:\/\/corrientesdetarde.com\/index.php\/wp-json\/wp\/v2\/posts\/238034\/revisions"}],"predecessor-version":[{"id":238041,"href":"https:\/\/corrientesdetarde.com\/index.php\/wp-json\/wp\/v2\/posts\/238034\/revisions\/238041"}],"wp:featuredmedia":[{"embeddable":true,"href":"https:\/\/corrientesdetarde.com\/index.php\/wp-json\/wp\/v2\/media\/238040"}],"wp:attachment":[{"href":"https:\/\/corrientesdetarde.com\/index.php\/wp-json\/wp\/v2\/media?parent=238034"}],"wp:term":[{"taxonomy":"category","embeddable":true,"href":"https:\/\/corrientesdetarde.com\/index.php\/wp-json\/wp\/v2\/categories?post=238034"},{"taxonomy":"post_tag","embeddable":true,"href":"https:\/\/corrientesdetarde.com\/index.php\/wp-json\/wp\/v2\/tags?post=238034"}],"curies":[{"name":"wp","href":"https:\/\/api.w.org\/{rel}","templated":true}]}}