{"id":238039,"date":"2025-11-30T19:58:12","date_gmt":"2025-11-30T22:58:12","guid":{"rendered":"https:\/\/corrientesdetarde.com\/?p=238039"},"modified":"2025-12-01T01:27:26","modified_gmt":"2025-12-01T04:27:26","slug":"la-marea-azul-copo-la-costanera-con-la-10a-maraton-solidaria-farmar","status":"publish","type":"post","link":"https:\/\/corrientesdetarde.com\/index.php\/eventos\/la-marea-azul-copo-la-costanera-con-la-10a-maraton-solidaria-farmar\/","title":{"rendered":"La marea azul cop\u00f3 la costanera con la 10\u00aa Marat\u00f3n Solidaria FARMAR"},"content":{"rendered":"\n<p>La actividad se llev\u00f3 a cabo ayer por la tarde en la Costanera Sur. En esta oportunidad, m\u00e1s de 4.200 competidores profesionales y amateurs fueron de la partida. Desde la empresa farmac\u00e9utica destacaron el fin solidario de la competencia y que todo fue donado a C\u00e1ritas.<\/p>\n\n\n\n<p>Con alrededor de 4.220 corredores de todas las edades, se llev\u00f3 a cabo en la Costanera Sur la 10\u00aa Marat\u00f3n Solidaria FARMAR. En la tarde de ayer, con una temperatura propicia para correr, se sumaron a esta competencia en la que recaudaron m\u00e1s de 10.000 paquetes de pa\u00f1ales para donar a total beneficio de C\u00e1ritas.<\/p>\n\n\n\n<p>Acompa\u00f1ados de mucha m\u00fasica, color y alegr\u00eda, familias completas compartieron un atardecer espectacular en uno de los paseos p\u00fablicos por excelencia de los correntinos a puro deporte, con una temperatura que, para esa hora, se torn\u00f3 agradable lo que favoreci\u00f3 a los participantes.<\/p>\n\n\n\n<p>Desde la organizaci\u00f3n contaron con refrigerio y personal de salud para acompa\u00f1ar y cuidar a los corredores profesionales y aficionados que participaron de la marat\u00f3n solidaria en las distancias de 2k, 5k y 10k.<\/p>\n\n\n\n<p>Los abrazadores 40 grados de sensaci\u00f3n t\u00e9rmica de la siesta correntina no fueron impedimento para que muchos amantes de las carreras pedestres se dieran cita con un atardecer en la costanera con el r\u00edo Paran\u00e1 de fondo como postal. Ya para las 19, hora de inicio de la competencia, la temperatura descendi\u00f3 varios grados, pero igual se sent\u00eda el calor de fines de noviembre, a tres semanas del inicio del verano.<\/p>\n\n\n\n<p>De todas maneras, la competencia cont\u00f3 con un amplio personal sanitario que en todo momento estuvo al cuidado de los corredores, especialmente en aquellos amateurs o principiantes en este tipo de competencias.<\/p>\n\n\n\n<p>Tambi\u00e9n destacaron la colaboraci\u00f3n del personal de la Direcci\u00f3n de Tr\u00e1nsito que orden\u00f3 los desv\u00edos vehiculares para que a carrera se desarrolle de manera normal y segura.<\/p>\n\n\n\n<h2 class=\"wp-block-heading\">El color y la alegr\u00eda de los participantes<\/h2>\n\n\n\n<p>Este tipo de carreras invita a todos aquellos que les gusta correr a sumarse y adem\u00e1s ayudar a una causa solidaria, por eso ve\u00edamos la emoci\u00f3n de muchos de ellos que por primera vez participaban en este tipo de evento, pero tambi\u00e9n estaban aquellos que lo hacen de manera profesional.<\/p>\n\n\n\n<p>Para estos \u00faltimos, la competencia les sirve para no perder ritmo y adem\u00e1s ser solidarios, un ida y vuelta para sus entrenamientos y puesta a punto sumados a la posibilidad de ayudar.<\/p>\n\n\n\n<p>Desde temprano, los corredores se acercaron con sus familias a realizar la entrada en calor por toda la costanera Sur y esperaron expectantes la largada que dio paso a una d\u00e9cada de solidaridad por parte de FARMAR.<\/p>\n\n\n\n<p>&nbsp;<br>La organizaci\u00f3n a cargo de FARMAR brind\u00f3 a los atletas hidrataci\u00f3n pata todos los corredores, como as\u00ed tambi\u00e9n frutas y suplementos, como as\u00ed tambi\u00e9n un \u00e1rea de kinesiolog\u00eda para aquellos corredores que lo necesitaren.<\/p>\n\n\n\n<p>Los competidores se mostraban muy contentos y ansiosos a la hora de la largada y fue creciendo a medida que se acercaba la hora de partida.<\/p>\n\n\n\n<p>La organizaci\u00f3n brind\u00f3 las recomendaciones necesarias y se larg\u00f3 la competencia que convirti\u00f3 a la Costanera Sur en una marea azul de corredores que mostraban su felicidad por poder participar y a\u00fan m\u00e1s colaborar con un fin ben\u00e9fico para C\u00e1ritas Corrientes.<\/p>\n\n\n\n<p>De a poco los primeros corredores se acercaban a la meta, los primeros en cruzarlas fueron los de 2k donde la mayor\u00eda de las personas que la corre es amateur.<\/p>\n\n\n\n<h2 class=\"wp-block-heading\">&#8220;Ser parte de esta carrera es hermoso&#8221;<\/h2>\n\n\n\n<p><br>Una de las competidoras que finaliz\u00f3 la competencia de 2 kil\u00f3metros con mucha alegr\u00eda fue Lourdes, una se\u00f1ora de 46 a\u00f1os que particip\u00f3 por primera vez. &#8220;Fue mi primera experiencia y estoy muy encantada con la organizaci\u00f3n&#8221;.<\/p>\n\n\n\n<p>Lo oriunda de Barranqueras, Chaco, reconoci\u00f3 que la propuesta de correr en esta marat\u00f3n le lleg\u00f3 por una amiga. &#8220;Me lo coment\u00f3 y me prepar\u00e9 para la competencia&#8221;.<\/p>\n\n\n\n<p>Lourdes qued\u00f3 encantada con la competencia y dijo: &#8220;Ser parte de esta carrera es muy hermoso y la recomiendo para aquellos que a\u00fan no se animan&#8221;.<\/p>\n\n\n\n<p>Dej\u00f3 un mensaje para los que a\u00fan no se deciden a participar de esta marat\u00f3n: &#8220;Aquellos que quieran participar solo deben ponerse las pilas y empezar a entrenar, no hay otro misterio&#8221;. A la vez que resalt\u00f3 que volver\u00e1 a correr la pr\u00f3xima edici\u00f3n. &#8220;Me voy a seguir preparando&#8221;.<\/p>\n\n\n\n<p>Como ella, muchos de los competidores atravesaban la meta con la emoci\u00f3n de poder llegar y algunas hasta mejorar sus marcas. En la llegada le esperaban los voluntarios para entregarles sus medallas por participar de esta marat\u00f3n solidaria y entregarles hidrataci\u00f3n como as\u00ed tambi\u00e9n frutas y para los que necesitaran un masaje regenerativo luego de correr bajo un intenso calor.<\/p>\n\n\n\n<figure class=\"wp-block-image\"><img decoding=\"async\" src=\"https:\/\/www.diarioepoca.com\/content\/bucket\/8\/1461658w380h237c.jpg.webp\" alt=\"\"\/><\/figure>\n\n\n\n<h2 class=\"wp-block-heading\">&#8220;Correr es mi psic\u00f3logo&#8221;<\/h2>\n\n\n\n<p>Otra de las personas que decidi\u00f3 cruzar el puente fue un grupo de tres amigos que participaron en 5k y uno de ellos lo hizo en un tiempo de 20\u009210&#8243;. .<\/p>\n\n\n\n<p>Coment\u00f3 que es recolector de residuos de la ciudad de Resistencia: &#8220;Particip\u00e9 junto a mis amigos. Estamos muy contentos con esta marat\u00f3n y adem\u00e1s es un lindo circuito&#8221;, reconoci\u00f3.<\/p>\n\n\n\n<p>El corredor destac\u00f3 que viene realizando una gran preparaci\u00f3n desde hace cuatro a\u00f1os. &#8220;Y con el profe hace dos meses&#8221;, quien fue una de las personas que lo acompa\u00f1\u00f3.<\/p>\n\n\n\n<figure class=\"wp-block-image\"><img decoding=\"async\" src=\"https:\/\/www.diarioepoca.com\/content\/bucket\/9\/1461659w380h237c.jpg.webp\" alt=\"\"\/><\/figure>\n\n\n\n<p>&#8220;Lo principal para aquellos que quieran correr es su estado de salud, una vez que se animan y son constantes no hay nada mejor que correr&#8221;, destac\u00f3 el recolector a la vez que reconoci\u00f3: &#8220;Correr es mi psic\u00f3logo&#8221;.<\/p>\n\n\n\n<p>&#8220;Vengo participando hace tres a\u00f1os&#8221;, destac\u00f3 y remarc\u00f3 la importancia y lo bien que hace realizar una actividad f\u00edsica: &#8220;Esto m\u00e1s que nada y ante todo es salud, esta carrera solidaria es muy buena porque hay mucha gente que necesita de ayuda, felicito a FARMAR y vamos por m\u00e1s el a\u00f1o que viene&#8221;, finaliz\u00f3.<\/p>\n\n\n\n<h2 class=\"wp-block-heading\">&#8220;Lo importante de esta actividad se basa en lo social&#8221;}<\/h2>\n\n\n\n<figure class=\"wp-block-image\"><img decoding=\"async\" src=\"https:\/\/www.diarioepoca.com\/content\/bucket\/2\/1461652w380h175c.jpg.webp\" alt=\"\"\/><\/figure>\n\n\n\n<p>En medio de la vor\u00e1gine de la competencia, Sebasti\u00e1n Iglesias, referente de marketing de la red farmac\u00e9utica correntina FARMAR, coment\u00f3 sobre algunos aspectos de la competencia. &#8220;Corrieron 4.220 personas, cada una de ellas se solidariz\u00f3 con la gente de C\u00e1ritas y don\u00f3 un paquete de pa\u00f1ales&#8221;, mencion\u00f3.<\/p>\n\n\n\n<p>&#8220;La promoci\u00f3n que hicimos con esta competencia es que la gente de FARMAR y Pampers entregar\u00e1n un paquete por cada uno de los paquetes donados por la gente&#8221;, asever\u00f3 al tiempo que remarc\u00f3 que con la cantidad de corredores en total, hoy recolectaron 10.026 paquetes de pa\u00f1ales para los chicos de C\u00e1ritas.<\/p>\n\n\n\n<p>Pero adem\u00e1s del fin solidario con la donaci\u00f3n de un paquete de pa\u00f1ales, Iglesias reconoci\u00f3 que por haber donado un paquete de pa\u00f1al cada corredor se llevaba un kit que le entregaban que consist\u00eda en una remera, gorra y productos de la red farmac\u00e9utica m\u00e1s grande de la provincia.<\/p>\n\n\n\n<p>&#8220;Lo importante de esta actividad se basa en lo social, poder ayudar y colaborar con la gente que menos tiene, como as\u00ed tambi\u00e9n el poder juntarnos, pasar un buen momento con una hermosa tarde&#8221;, resalt\u00f3 Sebasti\u00e1n Iglesias.<\/p>\n\n\n\n<p>Sobre la cantidad de competidores que se dieron cita en esta 10\u00aa Marat\u00f3n Solidaria, reconoci\u00f3: &#8220;La verdad es una emoci\u00f3n muy grande, arrancamos con 1.200 la primera edici\u00f3n y hoy ya tenemos m\u00e1s de 4.200 participantes y se hab\u00edan anotado 5.000. Seguramente por alguna raz\u00f3n no pudieron venir, capaz que por el calor&#8221;.<\/p>\n\n\n\n<p>Para finalizar destac\u00f3: &#8220;A\u00f1o a a\u00f1o estamos creciendo m\u00e1s con la marat\u00f3n haciendo mejores cosas&#8221;.<\/p>\n\n\n\n<h2 class=\"wp-block-heading\">&#8220;Ac\u00e9rquense, s\u00famense que no se van a arrepentir&#8221;<\/h2>\n\n\n\n<figure class=\"wp-block-image\"><img decoding=\"async\" src=\"https:\/\/www.diarioepoca.com\/content\/bucket\/0\/1461650w380h225c.jpg.webp\" alt=\"\"\/><\/figure>\n\n\n\n<p>Cristian Blanco, en la categor\u00eda de 2 kil\u00f3metros, fue quien atraves\u00f3 primero la l\u00ednea de llegada convirti\u00e9ndose en el primer participante en finalizar la competencia.<\/p>\n\n\n\n<p>&#8220;Siempre que puedo me inscribo, yo hago adem\u00e1s bicicleta, f\u00fatbol&#8221;, destac\u00f3 el corredor de 30 a\u00f1os. Adem\u00e1s coment\u00f3: &#8220;Tomo agua e intento evitar siempre el alcohol para poder mantenerme en forma&#8221;.<\/p>\n\n\n\n<p>Cristian resalt\u00f3 que correr para \u00e9l esto es algo satisfactorio. &#8220;Quer\u00eda ganar o llegar entre los primeros puestos&#8221;.<\/p>\n\n\n\n<p>Al referirse a la acci\u00f3n solidaria llevada a cabo en esta 10\u00aa marat\u00f3n por la red farmac\u00e9utica FARMAR reconoci\u00f3 que es muy buena. &#8220;Est\u00e1 muy lindo que la gente se sume&#8221;. Adem\u00e1s invit\u00f3 a aquellas personas que no realizan actividad &#8220;que se sumen porque correr te da una linda energ\u00eda positiva&#8221;.<\/p>\n\n\n\n<p>Cabe recordar que la jornada estuvo muy calurosa en la tarde &#8211; noche de ayer y Cristian, bromeando, dijo: &#8220;Antes de la largada si llego a la meta me voy y me tiro a la playa porque hoy hizo mucho calor&#8221;.<\/p>\n\n\n\n<p>Para finalizar, el joven atleta amateur dej\u00f3 una recomendaci\u00f3n para aquellas personas que a\u00fan no se deciden a anotarse a esta competencia solidaria que en esta oportunidad brindar\u00e1 lo recaudado en pa\u00f1ales a C\u00e1ritas Corrientes: &#8220;Aquellos que no se animan ac\u00e9rquense, s\u00famense e intenten porque es algo lindo, los organizadores transmiten una gran energ\u00eda y no se van a arrepentir&#8221;.<\/p>\n","protected":false},"excerpt":{"rendered":"<p>La actividad se llev\u00f3 a cabo ayer por la tarde en la Costanera Sur. En esta oportunidad, m\u00e1s de 4.200 competidores profesionales y amateurs fueron de la partida. Desde la&hellip; <\/p>\n","protected":false},"author":4,"featured_media":238045,"comment_status":"closed","ping_status":"open","sticky":false,"template":"","format":"standard","meta":{"footnotes":""},"categories":[22],"tags":[],"class_list":["post-238039","post","type-post","status-publish","format-standard","has-post-thumbnail","hentry","category-eventos"],"_links":{"self":[{"href":"https:\/\/corrientesdetarde.com\/index.php\/wp-json\/wp\/v2\/posts\/238039","targetHints":{"allow":["GET"]}}],"collection":[{"href":"https:\/\/corrientesdetarde.com\/index.php\/wp-json\/wp\/v2\/posts"}],"about":[{"href":"https:\/\/corrientesdetarde.com\/index.php\/wp-json\/wp\/v2\/types\/post"}],"author":[{"embeddable":true,"href":"https:\/\/corrientesdetarde.com\/index.php\/wp-json\/wp\/v2\/users\/4"}],"replies":[{"embeddable":true,"href":"https:\/\/corrientesdetarde.com\/index.php\/wp-json\/wp\/v2\/comments?post=238039"}],"version-history":[{"count":2,"href":"https:\/\/corrientesdetarde.com\/index.php\/wp-json\/wp\/v2\/posts\/238039\/revisions"}],"predecessor-version":[{"id":238047,"href":"https:\/\/corrientesdetarde.com\/index.php\/wp-json\/wp\/v2\/posts\/238039\/revisions\/238047"}],"wp:featuredmedia":[{"embeddable":true,"href":"https:\/\/corrientesdetarde.com\/index.php\/wp-json\/wp\/v2\/media\/238045"}],"wp:attachment":[{"href":"https:\/\/corrientesdetarde.com\/index.php\/wp-json\/wp\/v2\/media?parent=238039"}],"wp:term":[{"taxonomy":"category","embeddable":true,"href":"https:\/\/corrientesdetarde.com\/index.php\/wp-json\/wp\/v2\/categories?post=238039"},{"taxonomy":"post_tag","embeddable":true,"href":"https:\/\/corrientesdetarde.com\/index.php\/wp-json\/wp\/v2\/tags?post=238039"}],"curies":[{"name":"wp","href":"https:\/\/api.w.org\/{rel}","templated":true}]}}