{"id":238042,"date":"2025-11-30T19:54:04","date_gmt":"2025-11-30T22:54:04","guid":{"rendered":"https:\/\/corrientesdetarde.com\/?p=238042"},"modified":"2025-11-30T19:54:18","modified_gmt":"2025-11-30T22:54:18","slug":"el-concejo-aun-debe-definir-tarifaria-presupuesto-y-conduccion-interna","status":"publish","type":"post","link":"https:\/\/corrientesdetarde.com\/index.php\/politica\/el-concejo-aun-debe-definir-tarifaria-presupuesto-y-conduccion-interna\/","title":{"rendered":"El Concejo a\u00fan debe definir Tarifaria, Presupuesto y conducci\u00f3n interna"},"content":{"rendered":"\n<p>Tras el cierre del per\u00edodo ordinario, el cuerpo legislativo se prepara para una sesi\u00f3n decisiva en la que se resolver\u00e1n los principales instrumentos de gesti\u00f3n 2026. Ser\u00e1 el s\u00e1bado 6 de diciembre, ya en Extraordinarias y a pocos d\u00edas del traspaso entre Tassano y Polich.<\/p>\n\n\n\n<p>El Concejo Deliberante de la ciudad de Corrientes concluy\u00f3 hace unos d\u00edas su 29\u00b0 sesi\u00f3n ordinaria y, con ello, el ciclo legislativo regular del a\u00f1o. Aunque 2025 estuvo atravesado por la agenda electoral, el cuerpo logr\u00f3 sostener niveles de productividad y consensos que permitieron avanzar en normas vinculadas a la gesti\u00f3n urbana, el ambiente y reconocimientos institucionales. Sin embargo, el clima pol\u00edtico que dej\u00f3 el cierre no fue de balance, sino de preparaci\u00f3n: la atenci\u00f3n se traslad\u00f3 de inmediato al s\u00e1bado 6 de diciembre, fecha en la que el Concejo seguramente volver\u00e1 a sesionar en car\u00e1cter extraordinario para abordar la Tarifaria y el Presupuesto 2026, dos herramientas centrales para la pr\u00f3xima administraci\u00f3n municipal.<\/p>\n\n\n\n<p>En esta etapa de transici\u00f3n entre la gesti\u00f3n de Eduardo Tassano y el intendente electo, Claudio Polich, el Concejo aparece como un espacio de ordenamiento institucional clave. La sesi\u00f3n Extraordinaria se vuelve un punto de anclaje: marca el final del ciclo pol\u00edtico del oficialismo saliente y, a la vez, condiciona las bases financieras del gobierno entrante, del mismo frente gobernante.<\/p>\n\n\n\n<h2 class=\"wp-block-heading\">Despedida<\/h2>\n\n\n\n<p>La \u00faltima sesi\u00f3n dej\u00f3 saldadas varias cuestiones administrativas y de gesti\u00f3n: programas de servicios urbanos, iniciativas ambientales, la aprobaci\u00f3n de balances fiduciarios y dict\u00e1menes contables, adem\u00e1s de distinciones y declaraciones de inter\u00e9s. Pero el tono pol\u00edtico lo aport\u00f3 la despedida de los concejales que dejar\u00e1n su banca el 10 de diciembre, quienes hicieron balance de sus mandatos y destacaron el rol del di\u00e1logo interbloque como herramienta para garantizar gobernabilidad en un a\u00f1o electoral.<\/p>\n\n\n\n<p>La renovaci\u00f3n parcial del Concejo -con ediles que concluyen mandato, otros que renuevan, un regreso y nuevas incorporaciones- reconfigura correlaciones de fuerza y abre una etapa en la que cada bloque busca ordenarse para influir en la agenda del pr\u00f3ximo per\u00edodo.<\/p>\n\n\n\n<p>Los concejales que culminan mandato son Eduardo Achitte, Amelia Elena Artaza, Yamand\u00fa Barrios, Magdalena Duartes, Esteban Ib\u00e1\u00f1ez, Gabriela Gauna, Melisa Mecca, Mercedes Mestres, Cecilia Ojeda Duarte y H\u00e9ctor Torres.<\/p>\n\n\n\n<h2 class=\"wp-block-heading\">Asunci\u00f3n<\/h2>\n\n\n\n<p>El 9 de diciembre, un d\u00eda antes del recambio municipal, se llevar\u00e1 a cabo la sesi\u00f3n preparatoria en la que se tomar\u00e1 juramento a los concejales electos. La n\u00f3mina incluye figuras con peso pol\u00edtico propio, ediles que renuevan su lugar y nuevos perfiles que representar\u00e1n a sus fuerzas durante los pr\u00f3ximos cuatro a\u00f1os.<\/p>\n\n\n\n<p>Ese acto no solo formaliza la integraci\u00f3n del cuerpo: marca el inicio real del nuevo mapa legislativo municipal, que deber\u00e1 acompa\u00f1ar -o tensionar- la gesti\u00f3n de Polich. La legitimidad de origen de los nuevos concejales y la continuidad de algunos referentes fortalecen la idea de un Concejo que llega a la transici\u00f3n con identidad plural y opcionalidades de acuerdo.<\/p>\n\n\n\n<p>En tanto que asumir\u00e1n Emilio Lanari, Gabriela Gauna (renov\u00f3 banca), Gustavo Gonz\u00e1lez, Melisa Mecca (renov\u00f3 banca), Mat\u00edas Bocal\u00f3n, Camila Roa, Julio Ledesma, Gisela Lezcano, Gabriel Romero y \u00c1ngel Kofman.<\/p>\n\n\n\n<h2 class=\"wp-block-heading\">Mesa directiva<\/h2>\n\n\n\n<p>Uno de los puntos pol\u00edticamente m\u00e1s sensibles ser\u00e1 definir la conducci\u00f3n interna. Marcos Amarilla reconoci\u00f3 que existe la posibilidad de continuar al frente del Concejo, pero tambi\u00e9n dej\u00f3 en claro que la totalidad de la mesa directiva a\u00fan no est\u00e1 definida, que persisten negociaciones entre bloques y que incluso se analiza la incorporaci\u00f3n opositora a la estructura de autoridades.<\/p>\n\n\n\n<p>La presidencia del Concejo, en un a\u00f1o de recambio, no es un rol administrativo: es un lugar estrat\u00e9gico de articulaci\u00f3n con el Ejecutivo municipal, una plataforma de construcci\u00f3n pol\u00edtica y un indicador del ordenamiento interno de la alianza gobernante. Por ello, la definici\u00f3n del 9 de diciembre no solo representar\u00e1 una formalidad institucional, sino el primer test pol\u00edtico del nuevo ciclo.<\/p>\n\n\n\n<figure class=\"wp-block-image\"><img decoding=\"async\" src=\"https:\/\/www.diarioepoca.com\/content\/bucket\/0\/1461530w380h192c.jpg.webp\" alt=\"\"\/><figcaption class=\"wp-element-caption\">EL CONCEJO ACTUAL ESPERA CONVOCATORIA A SESI\u00d3NES EXTRAORDINARIAS: SER\u00cdA EL PR\u00d3XIMO 6 DE DICIEMBRE.<\/figcaption><\/figure>\n\n\n\n<h2 class=\"wp-block-heading\">Continuidad y cambio<\/h2>\n\n\n\n<p>Antes, la sesi\u00f3n Extraordinaria del 6 de diciembre ser\u00e1, en t\u00e9rminos institucionales, el verdadero cierre del a\u00f1o con la actual formaci\u00f3n del cuerpo.<\/p>\n\n\n\n<p>La Tarifaria y el Presupuesto son instrumentos que, al quedar aprobados antes del recambio, permiten que la nueva gesti\u00f3n comience con previsibilidad financiera, pero tambi\u00e9n le otorga un marco de acci\u00f3n elaborado bajo la administraci\u00f3n saliente.<\/p>\n\n\n\n<p>El Concejo, en esta transici\u00f3n arm\u00f3nica, cumple un doble rol: asegurar la gobernabilidad de cierre para Tassano y dar viabilidad administrativa a la asunci\u00f3n de Polich, sin que la falta de definiciones genere vac\u00edo institucional. Adem\u00e1s, se gana tiempo.<\/p>\n\n\n\n<p>En paralelo van las negociaciones por la mesa directiva y la recomposici\u00f3n de fuerzas internas, marcando el inicio de una disputa m\u00e1s silenciosa, pero determinante: la construcci\u00f3n del orden pol\u00edtico que regir\u00e1 hasta 2029.<\/p>\n","protected":false},"excerpt":{"rendered":"<p>Tras el cierre del per\u00edodo ordinario, el cuerpo legislativo se prepara para una sesi\u00f3n decisiva en la que se resolver\u00e1n los principales instrumentos de gesti\u00f3n 2026. Ser\u00e1 el s\u00e1bado 6&hellip; <\/p>\n","protected":false},"author":4,"featured_media":238043,"comment_status":"closed","ping_status":"open","sticky":false,"template":"","format":"standard","meta":{"footnotes":""},"categories":[3],"tags":[],"class_list":["post-238042","post","type-post","status-publish","format-standard","has-post-thumbnail","hentry","category-politica"],"_links":{"self":[{"href":"https:\/\/corrientesdetarde.com\/index.php\/wp-json\/wp\/v2\/posts\/238042","targetHints":{"allow":["GET"]}}],"collection":[{"href":"https:\/\/corrientesdetarde.com\/index.php\/wp-json\/wp\/v2\/posts"}],"about":[{"href":"https:\/\/corrientesdetarde.com\/index.php\/wp-json\/wp\/v2\/types\/post"}],"author":[{"embeddable":true,"href":"https:\/\/corrientesdetarde.com\/index.php\/wp-json\/wp\/v2\/users\/4"}],"replies":[{"embeddable":true,"href":"https:\/\/corrientesdetarde.com\/index.php\/wp-json\/wp\/v2\/comments?post=238042"}],"version-history":[{"count":1,"href":"https:\/\/corrientesdetarde.com\/index.php\/wp-json\/wp\/v2\/posts\/238042\/revisions"}],"predecessor-version":[{"id":238044,"href":"https:\/\/corrientesdetarde.com\/index.php\/wp-json\/wp\/v2\/posts\/238042\/revisions\/238044"}],"wp:featuredmedia":[{"embeddable":true,"href":"https:\/\/corrientesdetarde.com\/index.php\/wp-json\/wp\/v2\/media\/238043"}],"wp:attachment":[{"href":"https:\/\/corrientesdetarde.com\/index.php\/wp-json\/wp\/v2\/media?parent=238042"}],"wp:term":[{"taxonomy":"category","embeddable":true,"href":"https:\/\/corrientesdetarde.com\/index.php\/wp-json\/wp\/v2\/categories?post=238042"},{"taxonomy":"post_tag","embeddable":true,"href":"https:\/\/corrientesdetarde.com\/index.php\/wp-json\/wp\/v2\/tags?post=238042"}],"curies":[{"name":"wp","href":"https:\/\/api.w.org\/{rel}","templated":true}]}}