{"id":238048,"date":"2025-11-30T20:10:21","date_gmt":"2025-11-30T23:10:21","guid":{"rendered":"https:\/\/corrientesdetarde.com\/?p=238048"},"modified":"2025-11-30T20:10:28","modified_gmt":"2025-11-30T23:10:28","slug":"una-diputada-kirchnerista-quiere-cobrar-impuesto-a-los-flatos-y-eructos-de-las-vacas","status":"publish","type":"post","link":"https:\/\/corrientesdetarde.com\/index.php\/politica\/una-diputada-kirchnerista-quiere-cobrar-impuesto-a-los-flatos-y-eructos-de-las-vacas\/","title":{"rendered":"Una diputada kirchnerista quiere cobrar impuesto a los flatos y eructos de las vacas"},"content":{"rendered":"\n<p>El proyecto de Luc\u00eda Klug (UxP) propone la Tasa Ambiental sobre el Metano (TAMBA) a productores ganaderos. El campo explot\u00f3: &#8220;reduce producci\u00f3n&#8221;.<\/p>\n\n\n\n<p>Un proyecto de ley presentado en la Legislatura bonaerense por la diputada del kirchnerismo Luc\u00eda Lorena Klug (Uni\u00f3n por la Patria), cercana a Juan Grabois, gener\u00f3 un esc\u00e1ndalo en el sector agropecuario al proponer cobrar un &#8220;impuesto&#8221; al gas metano que emiten las vacas durante su proceso digestivo.<\/p>\n\n\n\n<p>La iniciativa busca crear la &#8220;Tasa Ambiental sobre el Metano en Buenos Aires (TAMBA)&#8221;, que obligar\u00eda a los productores ganaderos a pagar en funci\u00f3n de los kilogramos de di\u00f3xido de carbono equivalente (CO\u2082e) emitidos, calculados en relaci\u00f3n a la cantidad de cabezas de ganado.<\/p>\n\n\n\n<h3 class=\"wp-block-heading\">El rechazo del campo y la inviabilidad t\u00e9cnica<\/h3>\n\n\n\n<p><br>El proyecto, presentado como un esquema de &#8220;Responsabilidad Extendida del Productor&#8221; para mitigar las emisiones, gener\u00f3 una condena inmediata del sector rural.<\/p>\n\n\n\n<p>CARBAP: La Confederaci\u00f3n de Asociaciones Rurales de Buenos Aires y La Pampa (CARBAP) fue tajante. Su presidente, Ignacio Kovarsky, sentenci\u00f3: &#8220;Cobrar por respirar a las vacas no reduce emisiones, reduce producci\u00f3n&#8221;, rechazando una nueva carga impositiva sobre la ganader\u00eda bonaerense.<br>Oposici\u00f3n: El diputado provincial Luciano Bugallo (Coalici\u00f3n C\u00edvica) calific\u00f3 la iniciativa como un &#8220;impuesto a los pedos de las vacas&#8221; y denunci\u00f3 que el proyecto es impracticable porque no existe tecnolog\u00eda accesible y verificable para medir las emisiones de metano individualmente en cada establecimiento ganadero.<br>Klug argument\u00f3 que la ganader\u00eda representa el 19% del metano provincial. Sin embargo, fuentes legislativas aseguran que el proyecto no tiene apoyo de otros bloques y que su futuro parlamentario es &#8220;casi nulo&#8221; debido a la falta de consenso y las objeciones t\u00e9cnicas.<\/p>\n","protected":false},"excerpt":{"rendered":"<p>El proyecto de Luc\u00eda Klug (UxP) propone la Tasa Ambiental sobre el Metano (TAMBA) a productores ganaderos. El campo explot\u00f3: &#8220;reduce producci\u00f3n&#8221;. Un proyecto de ley presentado en la Legislatura&hellip; <\/p>\n","protected":false},"author":4,"featured_media":238049,"comment_status":"closed","ping_status":"open","sticky":false,"template":"","format":"standard","meta":{"footnotes":""},"categories":[3],"tags":[],"class_list":["post-238048","post","type-post","status-publish","format-standard","has-post-thumbnail","hentry","category-politica"],"_links":{"self":[{"href":"https:\/\/corrientesdetarde.com\/index.php\/wp-json\/wp\/v2\/posts\/238048","targetHints":{"allow":["GET"]}}],"collection":[{"href":"https:\/\/corrientesdetarde.com\/index.php\/wp-json\/wp\/v2\/posts"}],"about":[{"href":"https:\/\/corrientesdetarde.com\/index.php\/wp-json\/wp\/v2\/types\/post"}],"author":[{"embeddable":true,"href":"https:\/\/corrientesdetarde.com\/index.php\/wp-json\/wp\/v2\/users\/4"}],"replies":[{"embeddable":true,"href":"https:\/\/corrientesdetarde.com\/index.php\/wp-json\/wp\/v2\/comments?post=238048"}],"version-history":[{"count":1,"href":"https:\/\/corrientesdetarde.com\/index.php\/wp-json\/wp\/v2\/posts\/238048\/revisions"}],"predecessor-version":[{"id":238050,"href":"https:\/\/corrientesdetarde.com\/index.php\/wp-json\/wp\/v2\/posts\/238048\/revisions\/238050"}],"wp:featuredmedia":[{"embeddable":true,"href":"https:\/\/corrientesdetarde.com\/index.php\/wp-json\/wp\/v2\/media\/238049"}],"wp:attachment":[{"href":"https:\/\/corrientesdetarde.com\/index.php\/wp-json\/wp\/v2\/media?parent=238048"}],"wp:term":[{"taxonomy":"category","embeddable":true,"href":"https:\/\/corrientesdetarde.com\/index.php\/wp-json\/wp\/v2\/categories?post=238048"},{"taxonomy":"post_tag","embeddable":true,"href":"https:\/\/corrientesdetarde.com\/index.php\/wp-json\/wp\/v2\/tags?post=238048"}],"curies":[{"name":"wp","href":"https:\/\/api.w.org\/{rel}","templated":true}]}}