{"id":238311,"date":"2025-12-02T16:11:50","date_gmt":"2025-12-02T19:11:50","guid":{"rendered":"https:\/\/corrientesdetarde.com\/?p=238311"},"modified":"2025-12-02T16:11:57","modified_gmt":"2025-12-02T19:11:57","slug":"prada-concreto-la-compra-de-versace-por-1-375-millones-de-dolares-nace-el-gran-imperio-de-la-moda-italiana","status":"publish","type":"post","link":"https:\/\/corrientesdetarde.com\/index.php\/tendencias\/prada-concreto-la-compra-de-versace-por-1-375-millones-de-dolares-nace-el-gran-imperio-de-la-moda-italiana\/","title":{"rendered":"Prada concret\u00f3 la compra de Versace por 1.375 millones de d\u00f3lares: nace el gran imperio de la moda italiana"},"content":{"rendered":"\n<p>Desde la marca fundada por Gianni Versace anunciaron que el dinero se usar\u00e1 para pagar deudas.<\/p>\n\n\n\n<p>El grupo\u00a0Prada\u00a0finaliz\u00f3 este martes\u00a0<strong>la compra de la marca Versace por un valor de 1.375 millones de d\u00f3lares<\/strong>, tras la aprobaci\u00f3n de las autorizaciones correspondientes.<\/p>\n\n\n\n<p>\u201cPrada anuncia hoy la finalizaci\u00f3n de la adquisici\u00f3n de&nbsp;<strong>Versace de Capri Holdings<\/strong>, tras haber obtenido todas las autorizaciones normativas requeridas\u201d, inform\u00f3 el grupo en un comunicado, mientras el vendedor, precis\u00f3 que la operaci\u00f3n completada tiene un valor de&nbsp;<strong>1.375 millones de d\u00f3lares.<\/strong><\/p>\n\n\n\n<p>En abril de este a\u00f1o, cuando se anunci\u00f3 la compra, Prada, una de las firmas m\u00e1s prestigiosas de la moda italiana, hab\u00eda indicado que el precio de adquisici\u00f3n ser\u00eda de 1.250 millones de euros (aproximadamente 1.451 millones de d\u00f3lares).<\/p>\n\n\n\n<figure class=\"wp-block-image\"><img decoding=\"async\" src=\"https:\/\/tn.com.ar\/resizer\/v2\/donatella-versace-hermana-del-fundador-de-versace-foto-reutersmaja-smiejkowska-QLTFEHVDTYOGNPNDHFIOHSNS2I.jpg?auth=a56026a83e2b4a7b6945a27939ca55c6d990b63c9efe46905afdc95393c7fb28&amp;width=767\" alt=\"Donatella Versace, hermana del fundador de Versace. (Foto: REUTERS\/Maja Smiejkowska)\"\/><\/figure>\n\n\n\n<p>El presidente y director ejecutivo de Capri Holdings, John D. Idol, explic\u00f3 que&nbsp;<strong>los fondos obtenidos de la venta de Versace se destinar\u00e1n a pagar la mayor\u00eda de la deuda de la compa\u00f1\u00eda<\/strong>.<\/p>\n\n\n\n<p>\u201cSeguimos enfocados en ejecutar nuestras iniciativas estrat\u00e9gicas en Michael Kors y Jimmy Choo para maximizar el potencial de nuestras marcas ic\u00f3nicas\u201d, afirm\u00f3.<\/p>\n\n\n\n<p>Idol dese\u00f3 al equipo de Versace \u201cmucho \u00e9xito en el futuro\u201d y expres\u00f3 su convicci\u00f3n de que Prada es \u201cel&nbsp;<strong>socio ideal para guiar esta c\u00e9lebre casa de lujo&nbsp;<\/strong>hacia su pr\u00f3xima era de crecimiento.\u201d<\/p>\n\n\n\n<p>\u201cQuisiera expresar mi agradecimiento a todo el equipo de Versace por su dedicaci\u00f3n y contribuciones. En particular, quiero reconocer a&nbsp;<strong>Donatella Versace<\/strong>, Dario Vitale y Emmanuel Gintzburger por su destacado liderazgo y compromiso con la evoluci\u00f3n de la marca\u201d, a\u00f1adi\u00f3.<\/p>\n\n\n\n<figure class=\"wp-block-image\"><img decoding=\"async\" src=\"https:\/\/tn.com.ar\/resizer\/v2\/lorenzo-bertelli-hijo-de-miuccia-al-frente-de-prada-group-foto-reutersclaudia-greco-5QY6PSWQ6U6SWDU6ENNYLFCH64.jpg?auth=ec934ef71f49e186906199598549b058aa940cb430dcff1266fac80b5d3b1ce1&amp;width=767\" alt=\"Lorenzo Bertelli, hijo de Miuccia, al frente de Prada Group. (Foto: REUTERS\/Claudia Greco)\"\/><\/figure>\n\n\n\n<p>En cuanto al futuro de Versace,&nbsp;<strong>Lorenzo Bertelli<\/strong>, hijo de Miuccia Prada y heredero del grupo, confirm\u00f3 el 19 de noviembre que asumir\u00e1 el cargo de&nbsp;<strong>presidente ejecutivo&nbsp;<\/strong>de la marca una vez concluida la operaci\u00f3n.<\/p>\n\n\n\n<p>Bertelli asegur\u00f3 entonces que culminar la toma de Versace era la \u201cprioridad\u201d y que por el momento no est\u00e1 sobre la mesa la compra de otra marca insignia, Armani, a pesar de que su fundador,&nbsp;<strong>Giorgio Armani<\/strong>, propusiera en su testamento la venta a un gran emporio tras su muerte, ocurrida el pasado septiembre.<\/p>\n\n\n\n<figure class=\"wp-block-image\"><img decoding=\"async\" src=\"https:\/\/tn.com.ar\/resizer\/v2\/giorgio-armani-autorizo-la-venta-de-su-marca-en-su-testamento-pero-no-hay-ofertas-foto-reutersremo-casilli-7SE6RGHU4LXDUZI3KOK7W7URWY.jpg?auth=16420393d3af4e4a009e6d7b6454dff8b66025e717766375313fd634c6f703c4&amp;width=767\" alt=\"Giorgio Armani autoriz\u00f3 la venta de su marca en su testamento, pero no hay ofertas. (Foto: REUTERS\/Remo Casilli)\"\/><\/figure>\n\n\n\n<p>La compra de Versace, autorizada por la Comisi\u00f3n Europea en septiembre tras confirmar que no representaba riesgos para la competencia, fortalece la esperanza de&nbsp;<strong>consolidar un gran l\u00edder del lujo \u201checho en Italia\u201d<\/strong>, despu\u00e9s de que varias marcas de moda familiares italianas fueran adquiridas por conglomerados franceses, suizos o estadounidenses.<\/p>\n\n\n\n<p><\/p>\n\n\n\n<p><\/p>\n","protected":false},"excerpt":{"rendered":"<p>Desde la marca fundada por Gianni Versace anunciaron que el dinero se usar\u00e1 para pagar deudas. El grupo\u00a0Prada\u00a0finaliz\u00f3 este martes\u00a0la compra de la marca Versace por un valor de 1.375&hellip; <\/p>\n","protected":false},"author":8,"featured_media":238312,"comment_status":"closed","ping_status":"open","sticky":false,"template":"","format":"standard","meta":{"footnotes":""},"categories":[28],"tags":[],"class_list":["post-238311","post","type-post","status-publish","format-standard","has-post-thumbnail","hentry","category-tendencias"],"_links":{"self":[{"href":"https:\/\/corrientesdetarde.com\/index.php\/wp-json\/wp\/v2\/posts\/238311","targetHints":{"allow":["GET"]}}],"collection":[{"href":"https:\/\/corrientesdetarde.com\/index.php\/wp-json\/wp\/v2\/posts"}],"about":[{"href":"https:\/\/corrientesdetarde.com\/index.php\/wp-json\/wp\/v2\/types\/post"}],"author":[{"embeddable":true,"href":"https:\/\/corrientesdetarde.com\/index.php\/wp-json\/wp\/v2\/users\/8"}],"replies":[{"embeddable":true,"href":"https:\/\/corrientesdetarde.com\/index.php\/wp-json\/wp\/v2\/comments?post=238311"}],"version-history":[{"count":1,"href":"https:\/\/corrientesdetarde.com\/index.php\/wp-json\/wp\/v2\/posts\/238311\/revisions"}],"predecessor-version":[{"id":238313,"href":"https:\/\/corrientesdetarde.com\/index.php\/wp-json\/wp\/v2\/posts\/238311\/revisions\/238313"}],"wp:featuredmedia":[{"embeddable":true,"href":"https:\/\/corrientesdetarde.com\/index.php\/wp-json\/wp\/v2\/media\/238312"}],"wp:attachment":[{"href":"https:\/\/corrientesdetarde.com\/index.php\/wp-json\/wp\/v2\/media?parent=238311"}],"wp:term":[{"taxonomy":"category","embeddable":true,"href":"https:\/\/corrientesdetarde.com\/index.php\/wp-json\/wp\/v2\/categories?post=238311"},{"taxonomy":"post_tag","embeddable":true,"href":"https:\/\/corrientesdetarde.com\/index.php\/wp-json\/wp\/v2\/tags?post=238311"}],"curies":[{"name":"wp","href":"https:\/\/api.w.org\/{rel}","templated":true}]}}