{"id":238412,"date":"2025-12-03T15:01:59","date_gmt":"2025-12-03T18:01:59","guid":{"rendered":"https:\/\/corrientesdetarde.com\/?p=238412"},"modified":"2025-12-03T15:02:04","modified_gmt":"2025-12-03T18:02:04","slug":"la-trastienda-de-la-salida-de-neiffert-en-la-side-de-las-presiones-internas-a-la-movida-que-acelero-su-final","status":"publish","type":"post","link":"https:\/\/corrientesdetarde.com\/index.php\/politica\/la-trastienda-de-la-salida-de-neiffert-en-la-side-de-las-presiones-internas-a-la-movida-que-acelero-su-final\/","title":{"rendered":"La trastienda de la salida de Neiffert en la SIDE: de las presiones internas a la movida que aceler\u00f3 su final"},"content":{"rendered":"\n<p>El jefe de los esp\u00edas ser\u00e1 Cristian Auguadra, un contador que hasta el momento cumpl\u00eda funciones como titular de Asuntos Internos del organismo.<\/p>\n\n\n\n<p><a href=\"https:\/\/tn.com.ar\/autor\/Josefina-Godoy-Martinez\/\"><\/a><\/p>\n\n\n\n<p>A \u00faltima hora de ayer, el\u00a0<strong>Gobierno<\/strong>\u00a0anunci\u00f3 modificaciones en la\u00a0<strong>Secretar\u00eda de Inteligencia del Estado (SIDE)<\/strong>:\u00a0<strong>Sergio Neiffert\u00a0<\/strong>dej\u00f3 su cargo en medio de rumores de tensi\u00f3n con Santiago Caputo y supuestas irregularidades administrativas.<\/p>\n\n\n\n<p>La salida del \u201cSe\u00f1or 5\u2033 confirm\u00f3 las versiones que hab\u00edan comenzado hace unos d\u00edas, que indicaron que el ahora extitular de la SIDE estaba perdiendo autoridad dentro del organismo, donde tiene una importante influencia el asesor presidencial.<\/p>\n\n\n\n<p>Una de las situaciones que&nbsp;<strong>precipit\u00f3 la salida habr\u00eda sido la decisi\u00f3n del exjefe de los esp\u00edas de buscar respaldo pol\u00edtico en la secretaria general de la Presidencia, Karina Milei<\/strong>. La relaci\u00f3n con el asesor presidencial ven\u00eda en picada y la continuidad de Neiffert en la Secretar\u00eda pend\u00eda de un hilo.<\/p>\n\n\n\n<p>La se\u00f1al que llam\u00f3 m\u00e1s la atenci\u00f3n en el entorno oficialista fue la escena que cont\u00f3 el&nbsp;<em>DiarioAR<\/em>. Seg\u00fan esta versi\u00f3n, el subsecretario administrativo Jos\u00e9 Francisco Lago Rodr\u00edguez visit\u00f3 a Neiffert en su domicilio para<strong>&nbsp;intentar forzar su renuncia.<\/strong>&nbsp;El esc\u00e1ndalo logr\u00f3 despertar a los vecinos del Se\u00f1or 5 y comenz\u00f3 a dar indicios de que sectores claves del organismo<strong>&nbsp;ya operaban bajo otra conducci\u00f3n.&nbsp;<\/strong>Ese d\u00eda, Neiffert se neg\u00f3 a renunciar.<\/p>\n\n\n\n<figure class=\"wp-block-image\"><img decoding=\"async\" src=\"https:\/\/tn.com.ar\/resizer\/v2\/cristian-auguadra-reemplazara-a-sergio-neiffert-en-la-side-foto-gentileza-clarin-reuters-TFCCNPZJ2VBSZCQGYR32T5MM3Q.jpg?auth=b388004a71e059161ea61757a83f03f9ca6783483e7eb85460a3b00a31409761&amp;width=767\" alt=\"Cristian Auguadra reemplazar\u00e1 a Sergio Neiffert en la SIDE. (Foto: gentileza Clar\u00edn \/ Reuters)\"\/><\/figure>\n\n\n\n<p>En este contexto, donde tambi\u00e9n se habl\u00f3 de supuestas deslealtades, desorganizaci\u00f3n administrativa y movimientos inconsultos, fue que el Gobierno anunci\u00f3 los cambios en la SIDE.<\/p>\n\n\n\n<p>\u201cTras la aprobaci\u00f3n del Informe de Gesti\u00f3n 2023-2024 por parte de la Comisi\u00f3n Bicameral de Fiscalizaci\u00f3n de los Organismos y Actividades de Inteligencia del Honorable Congreso de la Naci\u00f3n,&nbsp;<strong>ha concluido la primera etapa del proceso de reestructuraci\u00f3n del Sistema de inteligencia Nacional<\/strong>\u201d, dice el texto que se comparti\u00f3 a trav\u00e9s de X.<\/p>\n\n\n\n<p>La postura del oficialismo que se vio reflejada en el comunicado oficial tambi\u00e9n se escuch\u00f3 en la Casa Rosada:&nbsp;<strong>\u201cFue un ciclo cumplido, nada m\u00e1s\u201d.<\/strong><\/p>\n\n\n\n<p>El documento compartido tambi\u00e9n asegur\u00f3 que estas modificaciones buscan \u201cprofundizar la modernizaci\u00f3n t\u00e9cnica y operativa del organismo\u201d, de la mano de<strong>&nbsp;Cristian Auguadra.<\/strong><\/p>\n\n\n\n<figure class=\"wp-block-image\"><img decoding=\"async\" src=\"https:\/\/tn.com.ar\/resizer\/v2\/el-gobierno-ordeno-cambios-en-la-side-y-nombro-a-un-nuevo-titular-foto-efe-PA3NZLZCPWZCHHCGOAPMABGN4I.jpg?auth=f385a74389e8c30f1de54b28427dcfbd2d1301d38f50c4ba4665da4cf3847d72&amp;width=767\" alt=\"El Gobierno orden\u00f3 cambios en la SIDE y nombr\u00f3 a un nuevo titular. (Foto: EFE) \"\/><\/figure>\n\n\n\n<p>El nuevo jefe de los esp\u00edas es un contador que hasta el momento cumpl\u00eda funciones como titular de Asuntos Internos del organismo, manteniendo un baj\u00edsimo perfil.<\/p>\n\n\n\n<p>Durante su rol de auditor, Auguadra se encarg\u00f3 de los sumarios m\u00e1s importantes de la SIDE y hasta expedientes relacionados con los sectores administrativos y operativos de \u201cLa Casa\u201d.<\/p>\n","protected":false},"excerpt":{"rendered":"<p>El jefe de los esp\u00edas ser\u00e1 Cristian Auguadra, un contador que hasta el momento cumpl\u00eda funciones como titular de Asuntos Internos del organismo. A \u00faltima hora de ayer, el\u00a0Gobierno\u00a0anunci\u00f3 modificaciones&hellip; <\/p>\n","protected":false},"author":8,"featured_media":238413,"comment_status":"closed","ping_status":"open","sticky":false,"template":"","format":"standard","meta":{"footnotes":""},"categories":[3],"tags":[],"class_list":["post-238412","post","type-post","status-publish","format-standard","has-post-thumbnail","hentry","category-politica"],"_links":{"self":[{"href":"https:\/\/corrientesdetarde.com\/index.php\/wp-json\/wp\/v2\/posts\/238412","targetHints":{"allow":["GET"]}}],"collection":[{"href":"https:\/\/corrientesdetarde.com\/index.php\/wp-json\/wp\/v2\/posts"}],"about":[{"href":"https:\/\/corrientesdetarde.com\/index.php\/wp-json\/wp\/v2\/types\/post"}],"author":[{"embeddable":true,"href":"https:\/\/corrientesdetarde.com\/index.php\/wp-json\/wp\/v2\/users\/8"}],"replies":[{"embeddable":true,"href":"https:\/\/corrientesdetarde.com\/index.php\/wp-json\/wp\/v2\/comments?post=238412"}],"version-history":[{"count":1,"href":"https:\/\/corrientesdetarde.com\/index.php\/wp-json\/wp\/v2\/posts\/238412\/revisions"}],"predecessor-version":[{"id":238414,"href":"https:\/\/corrientesdetarde.com\/index.php\/wp-json\/wp\/v2\/posts\/238412\/revisions\/238414"}],"wp:featuredmedia":[{"embeddable":true,"href":"https:\/\/corrientesdetarde.com\/index.php\/wp-json\/wp\/v2\/media\/238413"}],"wp:attachment":[{"href":"https:\/\/corrientesdetarde.com\/index.php\/wp-json\/wp\/v2\/media?parent=238412"}],"wp:term":[{"taxonomy":"category","embeddable":true,"href":"https:\/\/corrientesdetarde.com\/index.php\/wp-json\/wp\/v2\/categories?post=238412"},{"taxonomy":"post_tag","embeddable":true,"href":"https:\/\/corrientesdetarde.com\/index.php\/wp-json\/wp\/v2\/tags?post=238412"}],"curies":[{"name":"wp","href":"https:\/\/api.w.org\/{rel}","templated":true}]}}