{"id":238415,"date":"2025-12-03T15:23:30","date_gmt":"2025-12-03T18:23:30","guid":{"rendered":"https:\/\/corrientesdetarde.com\/?p=238415"},"modified":"2025-12-03T15:23:35","modified_gmt":"2025-12-03T18:23:35","slug":"maxi-lopez-expuso-una-decision-sobre-su-futuro-que-podria-enfurecer-a-su-pareja-daniela-christiansson","status":"publish","type":"post","link":"https:\/\/corrientesdetarde.com\/index.php\/espectaculos\/maxi-lopez-expuso-una-decision-sobre-su-futuro-que-podria-enfurecer-a-su-pareja-daniela-christiansson\/","title":{"rendered":"Maxi L\u00f3pez expuso una decisi\u00f3n sobre su futuro que podr\u00eda enfurecer a su pareja Daniela Christiansson"},"content":{"rendered":"\n<p>El exfutbolista pasa sus d\u00edas en Buenos Aires por las grabaciones del programa que hace junto a Wanda Nara.<\/p>\n\n\n\n<p><strong>Maxi L\u00f3pez<\/strong>\u00a0vive un excelente presente tanto personal como laboral. En su regreso a\u00a0<strong>Buenos Aires<\/strong>, el exfutbolista no solo puede ver todos los d\u00edas a sus tres hijos varones sino que adem\u00e1s se gan\u00f3 una gran aceptaci\u00f3n por parte del p\u00fablico.<\/p>\n\n\n\n<p>En ese contexto, se instal\u00f3 la duda de si el exdeportista\u00a0<strong>planea quedarse en la Argentina<\/strong>. Cabe recordar que \u00e9l vive en\u00a0<strong>Suiza\u00a0<\/strong>junto a\u00a0<strong>Daniela Christiansson<\/strong>, con quien ya fue pap\u00e1 de Elle y espera al segundo beb\u00e9.<\/p>\n\n\n\n<p>Por eso, este martes por la noche en la gala de la revista&nbsp;<em>Gente&nbsp;<\/em>le preguntaron a Maxi si tiene intenciones de instalarse en el pa\u00eds.&nbsp;<strong>\u201cEs una posibilidad, lo estoy charlando\u201d<\/strong>, dijo en una nota para&nbsp;<em>La ma\u00f1ana con Moria (eltrece)<\/em>.<\/p>\n\n\n\n<figure class=\"wp-block-image\"><img decoding=\"async\" src=\"https:\/\/tn.com.ar\/resizer\/v2\/maxi-lopez-y-daniela-christiansson-foto-instagram-danielachristiansson-UHWRPMP6ZRA2JA7EHV3G3VSFSM.jpg?auth=1be9f1dbd618ab0a609955504983c8ef626777e7d55309f77981e263c117f94c&amp;width=767\" alt=\"Maxi L\u00f3pez y Daniela Christiansson. (Foto: Instagram \/danielachristiansson)\"\/><\/figure>\n\n\n\n<p>Sobre esta decisi\u00f3n que cambiar\u00e1 su futuro, el exfutbolista asegur\u00f3: \u201cTengo que charlar en Suiza.&nbsp;<strong>Tengo tratativas&nbsp;<\/strong>all\u00e1 y ac\u00e1. Vamos a ver qu\u00e9 pasa\u201d.<\/p>\n\n\n\n<p>Por otro lado, Maxi asegur\u00f3 que en este \u00faltimo tiempo pudo&nbsp;<strong>mejorar su v\u00ednculo con Wanda Nara<\/strong>, con quien comparte tiempo a diario no solo como familia sino como compa\u00f1eros de trabajo para las grabaciones de&nbsp;<em>MasterChef Celebrity (Telefe)<\/em>.<\/p>\n\n\n\n<h2 class=\"wp-block-heading\">Maxi L\u00f3pez mand\u00f3 al frente a Wanda Nara con las fotos que sube a las redes<\/h2>\n\n\n\n<p>La gala de&nbsp;<em>MasterChef Celebrity (Telefe)&nbsp;<\/em>del lunes pasado tuvo al cantante<strong>&nbsp;Sebasti\u00e1n Yatra&nbsp;<\/strong>como invitado de lujo. Sin embargo, los momentos m\u00e1s ic\u00f3nicos no ocurrieron frente a c\u00e1maras sino fuera de las grabaciones, cuando<strong>&nbsp;Maxi L\u00f3pez invit\u00f3 al colombiano a recorrer el backstage.<\/strong><\/p>\n\n\n\n<p>Uno de los lugares que el m\u00fasico conoci\u00f3 fue el camar\u00edn de Wanda Nara, mientras ella grababa todo con su tel\u00e9fono. Lo que la conductora no esperaba era que su exmarido la expusiera con uno de los temas m\u00e1s discutidos sobre su imagen en redes:&nbsp;<strong>el uso de edici\u00f3n en sus fotos.<\/strong><\/p>\n\n\n\n<figure class=\"wp-block-image\"><img decoding=\"async\" src=\"https:\/\/tn.com.ar\/resizer\/v2\/maxi-lopez-confirmo-que-wanda-nara-usa-photoshop-en-sus-fotos-foto-instagram-wandanara-5RLSZXIXRRF4JBTSNIJJDODARQ.jpg?auth=b6ee5312a61250c2ed9882574fcf50e0e1c03c0f550446e6bebe4732d7a60a0d&amp;width=767\" alt=\"Maxi L\u00f3pez confirm\u00f3 que Wanda Nara usa photoshop en sus fotos. (Foto: Instagram \/ wanda_nara)\"\/><\/figure>\n\n\n\n<p>En medio de la secuencia, los presentes se fijaron en un conjunto de retratos que Wanda colg\u00f3 en una pared. En tanto, Maxi exclamaba&nbsp;<strong>\u201cPhotoshop\u201d, \u201cPhotoshop, \u201dPhotoshop\u201d<\/strong>,cuesti\u00f3n que gener\u00f3 un divertido ida y vuelta con su exesposa.<\/p>\n\n\n\n<p>Pero el comentario m\u00e1s picante vino luego, cuando el exfutbolista se ubic\u00f3 junto a las fotos y, mirando a la c\u00e1mara de la presentadora, coment\u00f3:<strong>&nbsp;\u201cEstas fotos tienen un ayud\u00edn\u201d.<\/strong><\/p>\n","protected":false},"excerpt":{"rendered":"<p>El exfutbolista pasa sus d\u00edas en Buenos Aires por las grabaciones del programa que hace junto a Wanda Nara. Maxi L\u00f3pez\u00a0vive un excelente presente tanto personal como laboral. En su&hellip; <\/p>\n","protected":false},"author":8,"featured_media":238416,"comment_status":"closed","ping_status":"open","sticky":false,"template":"","format":"standard","meta":{"footnotes":""},"categories":[19],"tags":[],"class_list":["post-238415","post","type-post","status-publish","format-standard","has-post-thumbnail","hentry","category-espectaculos"],"_links":{"self":[{"href":"https:\/\/corrientesdetarde.com\/index.php\/wp-json\/wp\/v2\/posts\/238415","targetHints":{"allow":["GET"]}}],"collection":[{"href":"https:\/\/corrientesdetarde.com\/index.php\/wp-json\/wp\/v2\/posts"}],"about":[{"href":"https:\/\/corrientesdetarde.com\/index.php\/wp-json\/wp\/v2\/types\/post"}],"author":[{"embeddable":true,"href":"https:\/\/corrientesdetarde.com\/index.php\/wp-json\/wp\/v2\/users\/8"}],"replies":[{"embeddable":true,"href":"https:\/\/corrientesdetarde.com\/index.php\/wp-json\/wp\/v2\/comments?post=238415"}],"version-history":[{"count":1,"href":"https:\/\/corrientesdetarde.com\/index.php\/wp-json\/wp\/v2\/posts\/238415\/revisions"}],"predecessor-version":[{"id":238417,"href":"https:\/\/corrientesdetarde.com\/index.php\/wp-json\/wp\/v2\/posts\/238415\/revisions\/238417"}],"wp:featuredmedia":[{"embeddable":true,"href":"https:\/\/corrientesdetarde.com\/index.php\/wp-json\/wp\/v2\/media\/238416"}],"wp:attachment":[{"href":"https:\/\/corrientesdetarde.com\/index.php\/wp-json\/wp\/v2\/media?parent=238415"}],"wp:term":[{"taxonomy":"category","embeddable":true,"href":"https:\/\/corrientesdetarde.com\/index.php\/wp-json\/wp\/v2\/categories?post=238415"},{"taxonomy":"post_tag","embeddable":true,"href":"https:\/\/corrientesdetarde.com\/index.php\/wp-json\/wp\/v2\/tags?post=238415"}],"curies":[{"name":"wp","href":"https:\/\/api.w.org\/{rel}","templated":true}]}}